{"id":400063,"date":"2020-09-15T20:59:47","date_gmt":"2020-09-15T18:59:47","guid":{"rendered":"https:\/\/hashtag.al\/?p=400063"},"modified":"2020-09-15T20:59:47","modified_gmt":"2020-09-15T18:59:47","slug":"izraeli-firmos-normalizimin-e-marredhenieve-me-bahreinin-dhe-emiratet","status":"publish","type":"post","link":"https:\/\/www.hashtag.al\/index.php\/2020\/09\/15\/izraeli-firmos-normalizimin-e-marredhenieve-me-bahreinin-dhe-emiratet\/","title":{"rendered":"Izraeli firmos normalizimin e marr\u00ebdh\u00ebnieve me Bahreinin dhe Emiratet","gt_translate_keys":[{"key":"rendered","format":"text"}]},"content":{"rendered":"<p><img loading=\"lazy\" decoding=\"async\" class=\"aligncenter size-full wp-image-400064\" src=\"https:\/\/hashtag.al\/wp-content\/uploads\/2020\/09\/890573354-779x600.jpg\" alt=\"\" width=\"779\" height=\"600\" srcset=\"https:\/\/www.hashtag.al\/wp-content\/uploads\/2020\/09\/890573354-779x600.jpg 779w, https:\/\/www.hashtag.al\/wp-content\/uploads\/2020\/09\/890573354-779x600-300x231.jpg 300w, https:\/\/www.hashtag.al\/wp-content\/uploads\/2020\/09\/890573354-779x600-768x592.jpg 768w\" sizes=\"auto, (max-width: 779px) 100vw, 779px\" \/><\/p>\n<p><span style=\"color: #000000;\">Presidenti Donald Trump udh\u00ebhoqi ceremonit\u00eb e n\u00ebnshkrimit t\u00eb marr\u00ebveshjeve historike diplomatike mes Izraelit dhe dy vendeve arabe t\u00eb Gjirit q\u00eb mund t\u00eb paralajm\u00ebrojn\u00eb nj\u00eb ndryshim dramatik n\u00eb dinamikat e Lindjes s\u00eb Mesme dhe t\u2019i japin atij nj\u00eb shtys\u00eb p\u00ebrpara p\u00ebr zgjedhjet e n\u00ebntorit.<\/span><\/p>\n<p><span style=\"color: #000000;\">N\u00eb nj\u00eb ceremoni t\u00eb mart\u00ebn n\u00eb Sht\u00ebpin\u00eb e Bardh\u00eb, Presidenti Trump priti m\u00eb shum\u00eb se 700 mysafir\u00eb t\u00eb pranish\u00ebm n\u00eb n\u00ebnshkrimin e marr\u00ebveshjeve mes Izraelit, Emirateve t\u00eb Bashkuara Arabe dhe Bahrejnit.<\/span><\/p>\n<p><span style=\"color: #000000;\">Presidenti Trump dhe aleat\u00ebt e tij shpresojn\u00eb se ky rast do t\u00eb theksoj\u00eb aft\u00ebsit\u00eb e Trump si paqeb\u00ebr\u00ebs n\u00eb kulmin e fushat\u00ebs s\u00eb tij p\u00ebr rizgjedhje.<\/span><\/p>\n<p><span style=\"color: #000000;\">Marr\u00ebveshjet jan\u00eb quajtur \u201cMarr\u00ebveshjet e Abrahamit\u201d p\u00ebr nder t\u00eb patriarkut t\u00eb tre feve kryesore monoteiste t\u00eb bot\u00ebs.<\/span><\/p>\n<p><span style=\"color: #000000;\">Presidenti Trump n\u00ebnshkroi si d\u00ebshmitar.<\/span><\/p>\n<p><span style=\"color: #000000;\">Marr\u00ebveshjet nuk u japin fund luft\u00ebrave aktive, por zyrtarizojn\u00eb normalizimin e marr\u00ebdh\u00ebnieve tashm\u00eb t\u00eb ngrohta t\u00eb shtetit hebre me t\u00eb dy vendet.<\/span><\/p>\n<p><span style=\"color: #000000;\">Nd\u00ebrsa nuk trajtojn\u00eb konfliktin e gjat\u00eb izraelo-palestinez, ato mund t\u2019i hapin rrug\u00ebn nj\u00eb afrimi m\u00eb t\u00eb gjer\u00eb arabo-izraelit pas dekadash armiq\u00ebsie.<\/span><\/p>\n<p><span style=\"color: #000000;\">Skeptik\u00ebt, p\u00ebrfshir\u00eb shum\u00eb v\u00ebzhgues t\u00eb Lindjes s\u00eb Mesme, mes tyre analist\u00eb, ekspert\u00eb dhe ish-zyrtar\u00eb, kan\u00eb shprehur dyshime n\u00eb lidhje me ndikimin e marr\u00ebveshjeve.<\/span><\/p>\n<p><span style=\"color: #000000;\">Ata thon\u00eb se marr\u00ebveshjet injorojn\u00eb palestinez\u00ebt, t\u00eb cil\u00ebt i kan\u00eb refuzuar ato, duke i cil\u00ebsuar si nj\u00eb thik\u00eb pas shpin\u00eb nga vendet e tyre partnere arabe.<\/span><\/p>\n<p><span style=\"color: #000000;\">Ish-N\u00ebnpresidenti Joe Biden, rivali demokrat i Presidentit Trump, tha se ai mb\u00ebshtet q\u00ebndrimet q\u00eb m\u00eb shum\u00eb vende t\u00eb normalizojn\u00eb marr\u00ebdh\u00ebniet me Izraelin.<\/span><\/p>\n","protected":false,"gt_translate_keys":[{"key":"rendered","format":"html"}]},"excerpt":{"rendered":"<p>Presidenti Donald Trump udh\u00ebhoqi ceremonit\u00eb e n\u00ebnshkrimit t\u00eb marr\u00ebveshjeve historike diplomatike mes Izraelit dhe dy vendeve arabe t\u00eb Gjirit q\u00eb mund t\u00eb paralajm\u00ebrojn\u00eb nj\u00eb ndryshim dramatik n\u00eb dinamikat e Lindjes s\u00eb Mesme dhe t\u2019i japin atij nj\u00eb shtys\u00eb p\u00ebrpara p\u00ebr zgjedhjet e n\u00ebntorit. N\u00eb nj\u00eb ceremoni t\u00eb mart\u00ebn n\u00eb Sht\u00ebpin\u00eb e Bardh\u00eb, Presidenti Trump priti [&hellip;]<\/p>\n","protected":false,"gt_translate_keys":[{"key":"rendered","format":"html"}]},"author":32,"featured_media":400064,"comment_status":"open","ping_status":"open","sticky":false,"template":"","format":"standard","meta":{"footnotes":""},"categories":[65,13],"tags":[],"class_list":["post-400063","post","type-post","status-publish","format-standard","has-post-thumbnail","hentry","category-lajme","category-te-fundit"],"gt_translate_keys":[{"key":"link","format":"url"}],"_links":{"self":[{"href":"https:\/\/www.hashtag.al\/index.php\/wp-json\/wp\/v2\/posts\/400063","targetHints":{"allow":["GET"]}}],"collection":[{"href":"https:\/\/www.hashtag.al\/index.php\/wp-json\/wp\/v2\/posts"}],"about":[{"href":"https:\/\/www.hashtag.al\/index.php\/wp-json\/wp\/v2\/types\/post"}],"author":[{"embeddable":true,"href":"https:\/\/www.hashtag.al\/index.php\/wp-json\/wp\/v2\/users\/32"}],"replies":[{"embeddable":true,"href":"https:\/\/www.hashtag.al\/index.php\/wp-json\/wp\/v2\/comments?post=400063"}],"version-history":[{"count":0,"href":"https:\/\/www.hashtag.al\/index.php\/wp-json\/wp\/v2\/posts\/400063\/revisions"}],"wp:featuredmedia":[{"embeddable":true,"href":"https:\/\/www.hashtag.al\/index.php\/wp-json\/wp\/v2\/media\/400064"}],"wp:attachment":[{"href":"https:\/\/www.hashtag.al\/index.php\/wp-json\/wp\/v2\/media?parent=400063"}],"wp:term":[{"taxonomy":"category","embeddable":true,"href":"https:\/\/www.hashtag.al\/index.php\/wp-json\/wp\/v2\/categories?post=400063"},{"taxonomy":"post_tag","embeddable":true,"href":"https:\/\/www.hashtag.al\/index.php\/wp-json\/wp\/v2\/tags?post=400063"}],"curies":[{"name":"wp","href":"https:\/\/api.w.org\/{rel}","templated":true}]}}