{"id":400053,"date":"2020-09-15T20:01:41","date_gmt":"2020-09-15T18:01:41","guid":{"rendered":"https:\/\/hashtag.al\/?p=400053"},"modified":"2020-09-15T20:04:29","modified_gmt":"2020-09-15T18:04:29","slug":"shperthimi-i-makines-ne-ecje-kush-eshte-personi-te-cilit-iu-be-atentat-ne-tirane-video","status":"publish","type":"post","link":"https:\/\/www.hashtag.al\/index.php\/2020\/09\/15\/shperthimi-i-makines-ne-ecje-kush-eshte-personi-te-cilit-iu-be-atentat-ne-tirane-video\/","title":{"rendered":"Kush \u00ebsht\u00eb personi t\u00eb cilit iu b\u00eb atentat n\u00eb Tiran\u00eb, makina shp\u00ebrtheu n\u00eb ecje (Video)","gt_translate_keys":[{"key":"rendered","format":"text"}]},"content":{"rendered":"<p><span style=\"color: #000000;\"><img loading=\"lazy\" decoding=\"async\" class=\"aligncenter size-full wp-image-400047\" src=\"https:\/\/hashtag.al\/wp-content\/uploads\/2020\/09\/makinavasilshanto.png\" alt=\"\" width=\"606\" height=\"364\" srcset=\"https:\/\/www.hashtag.al\/wp-content\/uploads\/2020\/09\/makinavasilshanto.png 606w, https:\/\/www.hashtag.al\/wp-content\/uploads\/2020\/09\/makinavasilshanto-300x180.png 300w\" sizes=\"auto, (max-width: 606px) 100vw, 606px\" \/><\/span><\/p>\n<p><span style=\"color: #000000;\">Nj\u00eb makin\u00eb ka shp\u00ebrthyer ne ecje n\u00eb Tiran\u00eb.<\/span><\/p>\n<p><span style=\"color: #000000;\"> Ngjarja e r\u00ebnd\u00eb ka ndodhur mbi ur\u00ebn e Selit\u00ebs, pran\u00eb NSHRAK-ut. <\/span><\/p>\n<p><span style=\"color: #000000;\">M\u00ebsohet se personi q\u00eb i \u00ebsht\u00eb b\u00ebr\u00eb atentat \u00ebsht\u00eb Prend Gjini, v\u00ebllai i Tonin Gjinit, i cili u vra n\u00eb nj\u00eb atentat n\u00eb Rr\u00ebshen m\u00eb 12 gusht t\u00eb vitit 2019. <\/span><\/p>\n<p><span style=\"color: #000000;\">Tonin Gjini njihet si pjes\u00eb e grupit t\u00eb Met Kananit, t\u00eb akuzuar p\u00ebr trafik nd\u00ebrkomb\u00ebtar droge.<\/span><\/p>\n<p><span style=\"color: #000000;\">I plagosuri \u00ebsht\u00eb d\u00ebrguar me shpejt\u00ebsi n\u00eb spital ku m\u00ebsohet se \u00ebsht\u00eb n\u00eb gjendje t\u00eb r\u00ebnd\u00eb.<\/span><\/p>\n<div style=\"width: 640px;\" class=\"wp-video\"><video class=\"wp-video-shortcode\" id=\"video-400053-1\" width=\"640\" height=\"1130\" preload=\"metadata\" controls=\"controls\"><source type=\"video\/mp4\" src=\"https:\/\/hashtag.al\/wp-content\/uploads\/2020\/09\/vasil-shanto.mp4?_=1\" \/><a href=\"https:\/\/hashtag.al\/wp-content\/uploads\/2020\/09\/vasil-shanto.mp4\">https:\/\/hashtag.al\/wp-content\/uploads\/2020\/09\/vasil-shanto.mp4<\/a><\/video><\/div>\n","protected":false,"gt_translate_keys":[{"key":"rendered","format":"html"}]},"excerpt":{"rendered":"<p>Nj\u00eb makin\u00eb ka shp\u00ebrthyer ne ecje n\u00eb Tiran\u00eb. Ngjarja e r\u00ebnd\u00eb ka ndodhur mbi ur\u00ebn e Selit\u00ebs, pran\u00eb NSHRAK-ut. M\u00ebsohet se personi q\u00eb i \u00ebsht\u00eb b\u00ebr\u00eb atentat \u00ebsht\u00eb Prend Gjini, v\u00ebllai i Tonin Gjinit, i cili u vra n\u00eb nj\u00eb atentat n\u00eb Rr\u00ebshen m\u00eb 12 gusht t\u00eb vitit 2019. Tonin Gjini njihet si pjes\u00eb e [&hellip;]<\/p>\n","protected":false,"gt_translate_keys":[{"key":"rendered","format":"html"}]},"author":51,"featured_media":400047,"comment_status":"open","ping_status":"open","sticky":false,"template":"","format":"standard","meta":{"footnotes":""},"categories":[22,65,13],"tags":[],"class_list":["post-400053","post","type-post","status-publish","format-standard","has-post-thumbnail","hentry","category-ballina","category-lajme","category-te-fundit"],"gt_translate_keys":[{"key":"link","format":"url"}],"_links":{"self":[{"href":"https:\/\/www.hashtag.al\/index.php\/wp-json\/wp\/v2\/posts\/400053","targetHints":{"allow":["GET"]}}],"collection":[{"href":"https:\/\/www.hashtag.al\/index.php\/wp-json\/wp\/v2\/posts"}],"about":[{"href":"https:\/\/www.hashtag.al\/index.php\/wp-json\/wp\/v2\/types\/post"}],"author":[{"embeddable":true,"href":"https:\/\/www.hashtag.al\/index.php\/wp-json\/wp\/v2\/users\/51"}],"replies":[{"embeddable":true,"href":"https:\/\/www.hashtag.al\/index.php\/wp-json\/wp\/v2\/comments?post=400053"}],"version-history":[{"count":0,"href":"https:\/\/www.hashtag.al\/index.php\/wp-json\/wp\/v2\/posts\/400053\/revisions"}],"wp:featuredmedia":[{"embeddable":true,"href":"https:\/\/www.hashtag.al\/index.php\/wp-json\/wp\/v2\/media\/400047"}],"wp:attachment":[{"href":"https:\/\/www.hashtag.al\/index.php\/wp-json\/wp\/v2\/media?parent=400053"}],"wp:term":[{"taxonomy":"category","embeddable":true,"href":"https:\/\/www.hashtag.al\/index.php\/wp-json\/wp\/v2\/categories?post=400053"},{"taxonomy":"post_tag","embeddable":true,"href":"https:\/\/www.hashtag.al\/index.php\/wp-json\/wp\/v2\/tags?post=400053"}],"curies":[{"name":"wp","href":"https:\/\/api.w.org\/{rel}","templated":true}]}}