{"id":399846,"date":"2020-09-14T22:54:25","date_gmt":"2020-09-14T20:54:25","guid":{"rendered":"https:\/\/hashtag.al\/?p=399846"},"modified":"2020-09-14T22:54:25","modified_gmt":"2020-09-14T20:54:25","slug":"sekuestrimi-i-televizionit-privat-pergjigjet-veliaj-persona-te-krimit-te-organizuar-kerkuan-te-influencojne-ne-bashki","status":"publish","type":"post","link":"https:\/\/www.hashtag.al\/index.php\/2020\/09\/14\/sekuestrimi-i-televizionit-privat-pergjigjet-veliaj-persona-te-krimit-te-organizuar-kerkuan-te-influencojne-ne-bashki\/","title":{"rendered":"Sekuestrimi i televizionit privat, p\u00ebrgjigjet Veliaj: Persona t\u00eb krimit t\u00eb organizuar k\u00ebrkuan t\u00eb influencojn\u00eb n\u00eb Bashki","gt_translate_keys":[{"key":"rendered","format":"text"}]},"content":{"rendered":"<p><img loading=\"lazy\" decoding=\"async\" class=\"aligncenter size-full wp-image-399849\" src=\"https:\/\/hashtag.al\/wp-content\/uploads\/2020\/09\/veliaj43-744x450-1.jpg\" alt=\"\" width=\"744\" height=\"450\" srcset=\"https:\/\/www.hashtag.al\/wp-content\/uploads\/2020\/09\/veliaj43-744x450-1.jpg 744w, https:\/\/www.hashtag.al\/wp-content\/uploads\/2020\/09\/veliaj43-744x450-1-300x181.jpg 300w\" sizes=\"auto, (max-width: 744px) 100vw, 744px\" \/><\/p>\n<p><span style=\"color: #000000;\">Kryetari i Bashkis\u00eb s\u00eb Tiran\u00ebs Erjon Veliaj i ftuar n\u00eb emisionin \u201cReal Story\u201d n\u00eb \u201cNews 24\u201d, \u00ebsht\u00eb pyetur p\u00ebr d\u00ebrgimi e policis\u00eb te nj\u00eb televizion privat n\u00eb kryeqytet dhe vendosjen n\u00ebn sekuestro me forca t\u00eb shtuara policie deklaroi se puna q\u00eb kryen, e ka b\u00ebr\u00eb t\u00eb bashk\u00ebjetoj\u00eb edhe me \u201cpiranjat\u201d.<\/span><\/p>\n<p><span style=\"color: #000000;\">Veliaj shtoi se persona t\u00eb krimit t\u00eb organizuar kan\u00eb tentuar q\u00eb t\u00eb influencojn\u00eb n\u00eb Bashki.<\/span><\/p>\n<p><span style=\"color: #000000;\">\u201c<em>Kjo pun\u00eb m\u00eb ka b\u00ebr\u00eb q\u00eb t\u00eb bashk\u00ebjetoj me piranjat. Un\u00eb e njoh k\u00ebt\u00eb ambjent toksik. Un\u00eb refuzoj q\u00eb t\u00eb mb\u00ebshtes nj\u00eb kultur\u00eb, q\u00eb bazohet mbi fyerjen dhe degradimin personal. Un\u00eb i di k\u00ebto gj\u00ebra, nuk jam naiv. Nuk kam asnj\u00eb problem me njer\u00ebz q\u00eb ofrojn\u00eb optik\u00eb negative. Un\u00eb s\u2019kam kontakte me njer\u00ebz nga bota e krimit. Kur zbuloj se dikush ka problem t\u00eb r\u00ebnda me ligjin, normalisht nuk kam lidhje me t\u00eb.<\/em><\/span><\/p>\n<p><span style=\"color: #000000;\"><em>Ka pasur persona t\u00eb krimit t\u00eb organizuar q\u00eb kan\u00eb dashur t\u00eb influencojn\u00eb n\u00eb Bashki, por nuk ia kan\u00eb dal\u00eb dot. Ne si PS kemi nj\u00eb frym\u00eb pozitive. Sot ka bashk\u00ebpunim t\u00eb madh mes qeveris\u00eb dhe bashkis\u00eb. Nd\u00ebrsa, opozita nuk ka lidhje me realitetin shqiptar. Nj\u00eb PS e fort\u00eb \u00ebsht\u00eb nj\u00eb Shqip\u00ebri e fort\u00eb<\/em>\u201d- tha Veliaj.<\/span><\/p>\n","protected":false,"gt_translate_keys":[{"key":"rendered","format":"html"}]},"excerpt":{"rendered":"<p>Kryetari i Bashkis\u00eb s\u00eb Tiran\u00ebs Erjon Veliaj i ftuar n\u00eb emisionin \u201cReal Story\u201d n\u00eb \u201cNews 24\u201d, \u00ebsht\u00eb pyetur p\u00ebr d\u00ebrgimi e policis\u00eb te nj\u00eb televizion privat n\u00eb kryeqytet dhe vendosjen n\u00ebn sekuestro me forca t\u00eb shtuara policie deklaroi se puna q\u00eb kryen, e ka b\u00ebr\u00eb t\u00eb bashk\u00ebjetoj\u00eb edhe me \u201cpiranjat\u201d. Veliaj shtoi se persona t\u00eb [&hellip;]<\/p>\n","protected":false,"gt_translate_keys":[{"key":"rendered","format":"html"}]},"author":32,"featured_media":399849,"comment_status":"open","ping_status":"open","sticky":false,"template":"","format":"standard","meta":{"footnotes":""},"categories":[65,13],"tags":[],"class_list":["post-399846","post","type-post","status-publish","format-standard","has-post-thumbnail","hentry","category-lajme","category-te-fundit"],"gt_translate_keys":[{"key":"link","format":"url"}],"_links":{"self":[{"href":"https:\/\/www.hashtag.al\/index.php\/wp-json\/wp\/v2\/posts\/399846","targetHints":{"allow":["GET"]}}],"collection":[{"href":"https:\/\/www.hashtag.al\/index.php\/wp-json\/wp\/v2\/posts"}],"about":[{"href":"https:\/\/www.hashtag.al\/index.php\/wp-json\/wp\/v2\/types\/post"}],"author":[{"embeddable":true,"href":"https:\/\/www.hashtag.al\/index.php\/wp-json\/wp\/v2\/users\/32"}],"replies":[{"embeddable":true,"href":"https:\/\/www.hashtag.al\/index.php\/wp-json\/wp\/v2\/comments?post=399846"}],"version-history":[{"count":0,"href":"https:\/\/www.hashtag.al\/index.php\/wp-json\/wp\/v2\/posts\/399846\/revisions"}],"wp:featuredmedia":[{"embeddable":true,"href":"https:\/\/www.hashtag.al\/index.php\/wp-json\/wp\/v2\/media\/399849"}],"wp:attachment":[{"href":"https:\/\/www.hashtag.al\/index.php\/wp-json\/wp\/v2\/media?parent=399846"}],"wp:term":[{"taxonomy":"category","embeddable":true,"href":"https:\/\/www.hashtag.al\/index.php\/wp-json\/wp\/v2\/categories?post=399846"},{"taxonomy":"post_tag","embeddable":true,"href":"https:\/\/www.hashtag.al\/index.php\/wp-json\/wp\/v2\/tags?post=399846"}],"curies":[{"name":"wp","href":"https:\/\/api.w.org\/{rel}","templated":true}]}}