{"id":399704,"date":"2020-09-14T11:39:12","date_gmt":"2020-09-14T09:39:12","guid":{"rendered":"https:\/\/hashtag.al\/?p=399704"},"modified":"2020-09-14T11:40:38","modified_gmt":"2020-09-14T09:40:38","slug":"zaho-djali-i-vogel-i-rames-nis-sot-klasen-e-pare","status":"publish","type":"post","link":"https:\/\/www.hashtag.al\/index.php\/2020\/09\/14\/zaho-djali-i-vogel-i-rames-nis-sot-klasen-e-pare\/","title":{"rendered":"Zaho, djali i vog\u00ebl i Ram\u00ebs nis sot klas\u00ebn e par\u00eb","gt_translate_keys":[{"key":"rendered","format":"text"}]},"content":{"rendered":"<p><a href=\"https:\/\/hashtag.al\/wp-content\/uploads\/2020\/09\/RAMA.jpg\"><img loading=\"lazy\" decoding=\"async\" class=\"aligncenter size-full wp-image-399705\" src=\"https:\/\/hashtag.al\/wp-content\/uploads\/2020\/09\/RAMA.jpg\" alt=\"\" width=\"928\" height=\"777\" srcset=\"https:\/\/www.hashtag.al\/wp-content\/uploads\/2020\/09\/RAMA.jpg 928w, https:\/\/www.hashtag.al\/wp-content\/uploads\/2020\/09\/RAMA-300x251.jpg 300w, https:\/\/www.hashtag.al\/wp-content\/uploads\/2020\/09\/RAMA-768x643.jpg 768w\" sizes=\"auto, (max-width: 928px) 100vw, 928px\" \/><\/a><br \/>\n<span style=\"color: #000000;\">Djali i vog\u00ebl i kryeministrit Edi Rama, Zaho, do t\u00eb ulet sot p\u00ebr her\u00eb t\u00eb par\u00eb n\u00eb bankat e shkoll\u00ebs, pasi sot nis klas\u00ebn e par\u00eb.<\/span><br \/>\n<span style=\"color: #000000;\">Rama ka publikuar nj\u00eb foto t\u00eb t\u00eb birit me \u00e7ant\u00eb n\u00eb shpin\u00eb, nd\u00ebrsa n\u00eb duar mban nj\u00eb tuf\u00eb me lule p\u00ebr m\u00ebsuesen e tij.<\/span><\/p>\n<p><em><span style=\"color: #000000;\">&#8220;Dita e par\u00eb emocion i rrall\u00eb.<\/span><\/em><br \/>\n<em><span style=\"color: #000000;\">Zoti i bekoft\u00eb t\u00eb gjith\u00eb f\u00ebmij\u00ebt q\u00eb sot nis\u00ebn shkoll\u00ebn dhe i mbroft\u00eb gjithnj\u00eb bashk\u00eb me prind\u00ebrit e gjysh\u00ebrit e tyre t\u00eb paz\u00ebvend\u00ebsuesh\u00ebm.<\/span><\/em><br \/>\n<span style=\"color: #000000;\"><em>Dashuri, sh\u00ebndet e g\u00ebzime pa\u00e7in gjithmon\u00eb.&#8221;<\/em>-shkruan kryeministri.<\/span><\/p>\n<p><span style=\"color: #000000;\">M\u00eb her\u00ebt Rama publikoi nj\u00eb mesazh urimi p\u00ebr t\u00eb gjith\u00eb nx\u00ebn\u00ebsit e m\u00ebsuesit, t\u00eb cil\u00ebve u thoshte se sh\u00ebndeti \u00ebsht\u00eb n\u00eb plan t\u00eb par\u00eb.<\/span><\/p>\n<p><em><span style=\"color: #000000;\">&#8220;MIR\u00cbM\u00cbNGJES<\/span><\/em><br \/>\n<span style=\"color: #000000;\"><em>duke ju uruar nx\u00ebn\u00ebsve e m\u00ebsuesve nj\u00eb vit t\u00eb mbar\u00eb shkollor, pik\u00ebs\u00ebpari me sh\u00ebndet dhe patjet\u00ebr edhe me rezultate sa m\u00eb t\u00eb mira\u201d\u2013<\/em> shkruante Rama, i cili e shoq\u00ebroi mesazhin e tij me disa foto q\u00eb d\u00ebshmojn\u00eb realitetin e ri n\u00eb shkolla, n\u00eb koh\u00eb pandemie.<\/span><\/p>\n<p><a href=\"https:\/\/hashtag.al\/wp-content\/uploads\/2020\/09\/dita-e-pare-e-shkolles9.jpg\"><img loading=\"lazy\" decoding=\"async\" class=\"aligncenter size-full wp-image-399614\" src=\"https:\/\/hashtag.al\/wp-content\/uploads\/2020\/09\/dita-e-pare-e-shkolles9.jpg\" alt=\"\" width=\"1155\" height=\"853\" srcset=\"https:\/\/www.hashtag.al\/wp-content\/uploads\/2020\/09\/dita-e-pare-e-shkolles9.jpg 1155w, https:\/\/www.hashtag.al\/wp-content\/uploads\/2020\/09\/dita-e-pare-e-shkolles9-300x222.jpg 300w, https:\/\/www.hashtag.al\/wp-content\/uploads\/2020\/09\/dita-e-pare-e-shkolles9-768x567.jpg 768w, https:\/\/www.hashtag.al\/wp-content\/uploads\/2020\/09\/dita-e-pare-e-shkolles9-1024x756.jpg 1024w\" sizes=\"auto, (max-width: 1155px) 100vw, 1155px\" \/><\/a> <a href=\"https:\/\/hashtag.al\/wp-content\/uploads\/2020\/09\/dita-e-pare-e-shkolles2.jpg\"><img loading=\"lazy\" decoding=\"async\" class=\"aligncenter size-full wp-image-399615\" src=\"https:\/\/hashtag.al\/wp-content\/uploads\/2020\/09\/dita-e-pare-e-shkolles2.jpg\" alt=\"\" width=\"1280\" height=\"853\" srcset=\"https:\/\/www.hashtag.al\/wp-content\/uploads\/2020\/09\/dita-e-pare-e-shkolles2.jpg 1280w, https:\/\/www.hashtag.al\/wp-content\/uploads\/2020\/09\/dita-e-pare-e-shkolles2-300x200.jpg 300w, https:\/\/www.hashtag.al\/wp-content\/uploads\/2020\/09\/dita-e-pare-e-shkolles2-768x512.jpg 768w, https:\/\/www.hashtag.al\/wp-content\/uploads\/2020\/09\/dita-e-pare-e-shkolles2-1024x682.jpg 1024w\" sizes=\"auto, (max-width: 1280px) 100vw, 1280px\" \/><\/a> <a href=\"https:\/\/hashtag.al\/wp-content\/uploads\/2020\/09\/dita-e-pare-e-shkolles-3.jpg\"><img loading=\"lazy\" decoding=\"async\" class=\"aligncenter size-full wp-image-399610\" src=\"https:\/\/hashtag.al\/wp-content\/uploads\/2020\/09\/dita-e-pare-e-shkolles-3.jpg\" alt=\"\" width=\"1280\" height=\"853\" srcset=\"https:\/\/www.hashtag.al\/wp-content\/uploads\/2020\/09\/dita-e-pare-e-shkolles-3.jpg 1280w, https:\/\/www.hashtag.al\/wp-content\/uploads\/2020\/09\/dita-e-pare-e-shkolles-3-300x200.jpg 300w, https:\/\/www.hashtag.al\/wp-content\/uploads\/2020\/09\/dita-e-pare-e-shkolles-3-768x512.jpg 768w, https:\/\/www.hashtag.al\/wp-content\/uploads\/2020\/09\/dita-e-pare-e-shkolles-3-1024x682.jpg 1024w\" sizes=\"auto, (max-width: 1280px) 100vw, 1280px\" \/><\/a> <a href=\"https:\/\/hashtag.al\/wp-content\/uploads\/2020\/09\/dita-e-pare-e-shkolles-4.jpg\"><img loading=\"lazy\" decoding=\"async\" class=\"aligncenter size-full wp-image-399611\" src=\"https:\/\/hashtag.al\/wp-content\/uploads\/2020\/09\/dita-e-pare-e-shkolles-4.jpg\" alt=\"\" width=\"1280\" height=\"853\" srcset=\"https:\/\/www.hashtag.al\/wp-content\/uploads\/2020\/09\/dita-e-pare-e-shkolles-4.jpg 1280w, https:\/\/www.hashtag.al\/wp-content\/uploads\/2020\/09\/dita-e-pare-e-shkolles-4-300x200.jpg 300w, https:\/\/www.hashtag.al\/wp-content\/uploads\/2020\/09\/dita-e-pare-e-shkolles-4-768x512.jpg 768w, https:\/\/www.hashtag.al\/wp-content\/uploads\/2020\/09\/dita-e-pare-e-shkolles-4-1024x682.jpg 1024w\" sizes=\"auto, (max-width: 1280px) 100vw, 1280px\" \/><\/a> <a href=\"https:\/\/hashtag.al\/wp-content\/uploads\/2020\/09\/dita-e-pare-e-shkolles5.jpg\"><img loading=\"lazy\" decoding=\"async\" class=\"aligncenter size-full wp-image-399612\" src=\"https:\/\/hashtag.al\/wp-content\/uploads\/2020\/09\/dita-e-pare-e-shkolles5.jpg\" alt=\"\" width=\"1280\" height=\"853\" srcset=\"https:\/\/www.hashtag.al\/wp-content\/uploads\/2020\/09\/dita-e-pare-e-shkolles5.jpg 1280w, https:\/\/www.hashtag.al\/wp-content\/uploads\/2020\/09\/dita-e-pare-e-shkolles5-300x200.jpg 300w, https:\/\/www.hashtag.al\/wp-content\/uploads\/2020\/09\/dita-e-pare-e-shkolles5-768x512.jpg 768w, https:\/\/www.hashtag.al\/wp-content\/uploads\/2020\/09\/dita-e-pare-e-shkolles5-1024x682.jpg 1024w\" sizes=\"auto, (max-width: 1280px) 100vw, 1280px\" \/><\/a> <a href=\"https:\/\/hashtag.al\/wp-content\/uploads\/2020\/09\/dita-e-pare-e-shkolles7.jpg\"><img loading=\"lazy\" decoding=\"async\" class=\"aligncenter size-full wp-image-399613\" src=\"https:\/\/hashtag.al\/wp-content\/uploads\/2020\/09\/dita-e-pare-e-shkolles7.jpg\" alt=\"\" width=\"1280\" height=\"853\" srcset=\"https:\/\/www.hashtag.al\/wp-content\/uploads\/2020\/09\/dita-e-pare-e-shkolles7.jpg 1280w, https:\/\/www.hashtag.al\/wp-content\/uploads\/2020\/09\/dita-e-pare-e-shkolles7-300x200.jpg 300w, https:\/\/www.hashtag.al\/wp-content\/uploads\/2020\/09\/dita-e-pare-e-shkolles7-768x512.jpg 768w, https:\/\/www.hashtag.al\/wp-content\/uploads\/2020\/09\/dita-e-pare-e-shkolles7-1024x682.jpg 1024w\" sizes=\"auto, (max-width: 1280px) 100vw, 1280px\" \/><\/a><\/p>\n","protected":false,"gt_translate_keys":[{"key":"rendered","format":"html"}]},"excerpt":{"rendered":"<p>Djali i vog\u00ebl i kryeministrit Edi Rama, Zaho, do t\u00eb ulet sot p\u00ebr her\u00eb t\u00eb par\u00eb n\u00eb bankat e shkoll\u00ebs, pasi sot nis klas\u00ebn e par\u00eb. Rama ka publikuar nj\u00eb foto t\u00eb t\u00eb birit me \u00e7ant\u00eb n\u00eb shpin\u00eb, nd\u00ebrsa n\u00eb duar mban nj\u00eb tuf\u00eb me lule p\u00ebr m\u00ebsuesen e tij. &#8220;Dita e par\u00eb emocion i [&hellip;]<\/p>\n","protected":false,"gt_translate_keys":[{"key":"rendered","format":"html"}]},"author":30,"featured_media":399705,"comment_status":"open","ping_status":"open","sticky":false,"template":"","format":"standard","meta":{"footnotes":""},"categories":[65,13],"tags":[],"class_list":["post-399704","post","type-post","status-publish","format-standard","has-post-thumbnail","hentry","category-lajme","category-te-fundit"],"gt_translate_keys":[{"key":"link","format":"url"}],"_links":{"self":[{"href":"https:\/\/www.hashtag.al\/index.php\/wp-json\/wp\/v2\/posts\/399704","targetHints":{"allow":["GET"]}}],"collection":[{"href":"https:\/\/www.hashtag.al\/index.php\/wp-json\/wp\/v2\/posts"}],"about":[{"href":"https:\/\/www.hashtag.al\/index.php\/wp-json\/wp\/v2\/types\/post"}],"author":[{"embeddable":true,"href":"https:\/\/www.hashtag.al\/index.php\/wp-json\/wp\/v2\/users\/30"}],"replies":[{"embeddable":true,"href":"https:\/\/www.hashtag.al\/index.php\/wp-json\/wp\/v2\/comments?post=399704"}],"version-history":[{"count":0,"href":"https:\/\/www.hashtag.al\/index.php\/wp-json\/wp\/v2\/posts\/399704\/revisions"}],"wp:featuredmedia":[{"embeddable":true,"href":"https:\/\/www.hashtag.al\/index.php\/wp-json\/wp\/v2\/media\/399705"}],"wp:attachment":[{"href":"https:\/\/www.hashtag.al\/index.php\/wp-json\/wp\/v2\/media?parent=399704"}],"wp:term":[{"taxonomy":"category","embeddable":true,"href":"https:\/\/www.hashtag.al\/index.php\/wp-json\/wp\/v2\/categories?post=399704"},{"taxonomy":"post_tag","embeddable":true,"href":"https:\/\/www.hashtag.al\/index.php\/wp-json\/wp\/v2\/tags?post=399704"}],"curies":[{"name":"wp","href":"https:\/\/api.w.org\/{rel}","templated":true}]}}