{"id":399652,"date":"2020-09-14T09:48:45","date_gmt":"2020-09-14T07:48:45","guid":{"rendered":"https:\/\/hashtag.al\/?p=399652"},"modified":"2020-09-14T09:48:45","modified_gmt":"2020-09-14T07:48:45","slug":"albana-vokshi-nxjerr-pamjet-realiteti-ndryshe-nga-propaganda-e-rames-grumbullime-masive-ne-shkolla","status":"publish","type":"post","link":"https:\/\/www.hashtag.al\/index.php\/2020\/09\/14\/albana-vokshi-nxjerr-pamjet-realiteti-ndryshe-nga-propaganda-e-rames-grumbullime-masive-ne-shkolla\/","title":{"rendered":"Albana Vokshi nxjerr pamjet: Realiteti ndryshe nga propaganda e Ram\u00ebs, grumbullime masive n\u00eb shkolla","gt_translate_keys":[{"key":"rendered","format":"text"}]},"content":{"rendered":"<p><a href=\"https:\/\/hashtag.al\/wp-content\/uploads\/2020\/09\/gustav.jpg\"><img loading=\"lazy\" decoding=\"async\" class=\"aligncenter size-full wp-image-399656\" src=\"https:\/\/hashtag.al\/wp-content\/uploads\/2020\/09\/gustav.jpg\" alt=\"\" width=\"960\" height=\"720\" srcset=\"https:\/\/www.hashtag.al\/wp-content\/uploads\/2020\/09\/gustav.jpg 960w, https:\/\/www.hashtag.al\/wp-content\/uploads\/2020\/09\/gustav-300x225.jpg 300w, https:\/\/www.hashtag.al\/wp-content\/uploads\/2020\/09\/gustav-768x576.jpg 768w\" sizes=\"auto, (max-width: 960px) 100vw, 960px\" \/><\/a><\/p>\n<p><span style=\"color: #000000;\">Ish-deputetja demokrate, Albana Vokshi, me rastin e dit\u00ebs s\u00eb par\u00eb t\u00eb shkoll\u00ebs ka nxjerr\u00eb disa pamje nga dy shkolla n\u00eb Tiran\u00eb, ku tregohet nj\u00eb realitet krejt tjet\u00ebr nga ai i pasqyruar nga kryeministri Edi Rama.<\/span><\/p>\n<p><a href=\"https:\/\/hashtag.al\/wp-content\/uploads\/2020\/09\/shkolla-1.jpg\"><img loading=\"lazy\" decoding=\"async\" class=\"aligncenter size-full wp-image-399658\" src=\"https:\/\/hashtag.al\/wp-content\/uploads\/2020\/09\/shkolla-1.jpg\" alt=\"\" width=\"960\" height=\"720\" srcset=\"https:\/\/www.hashtag.al\/wp-content\/uploads\/2020\/09\/shkolla-1.jpg 960w, https:\/\/www.hashtag.al\/wp-content\/uploads\/2020\/09\/shkolla-1-300x225.jpg 300w, https:\/\/www.hashtag.al\/wp-content\/uploads\/2020\/09\/shkolla-1-768x576.jpg 768w\" sizes=\"auto, (max-width: 960px) 100vw, 960px\" \/><\/a><\/p>\n<p><span style=\"color: #000000;\">Vokshi tregon prind\u00ebr dhe nx\u00ebn\u00ebs t\u00eb grumbulluar para shkoll\u00ebs \u201cGustav Mayer\u201d n\u00eb Tiran\u00eb, ku nuk respektohet asnj\u00eb masv\u00eb p\u00ebr Covid-19.<\/span><\/p>\n<p><em><span style=\"color: #000000;\">&#8220;Propaganda e Kryeministrit Rama vs #Realiteti n\u00ea shkolla k\u00ebt\u00eb fillim viti.<\/span><\/em><br \/>\n<em><span style=\"color: #000000;\">P\u00ebrkund\u00ebt fotove t\u00eb p\u00ebrzgjedhura nga Kryeministri, situata n\u00eb shum\u00eb shkolla \u00ebsht\u00eb krejt ndryshe.<\/span><\/em><br \/>\n<em><span style=\"color: #000000;\">Kjo \u00ebsht\u00eb shkolla Gustav Mayer n\u00eb Tiran\u00eb.<\/span><\/em><br \/>\n<span style=\"color: #000000;\"><em>Munges\u00eb organizimi nga ana e shkoll\u00ebs q\u00eb ka cuar n\u00eb grumbullime prind\u00ebrish e nx\u00ebn\u00ebsish&#8230; asnj\u00eb mund\u00ebsi p\u00ebr respektim t\u00eb protokollit t\u00eb siguris\u00eb s\u00eb sh\u00ebndetit.&#8221;<\/em>&#8211; shkruan Vokshi.<\/span><\/p>\n<div style=\"width: 220px;\" class=\"wp-video\"><video class=\"wp-video-shortcode\" id=\"video-399652-1\" width=\"220\" height=\"400\" preload=\"metadata\" controls=\"controls\"><source type=\"video\/mp4\" src=\"https:\/\/hashtag.al\/wp-content\/uploads\/2020\/09\/119240596_351278492584160_6417927954263443842_n.mp4?_=1\" \/><a href=\"https:\/\/hashtag.al\/wp-content\/uploads\/2020\/09\/119240596_351278492584160_6417927954263443842_n.mp4\">https:\/\/hashtag.al\/wp-content\/uploads\/2020\/09\/119240596_351278492584160_6417927954263443842_n.mp4<\/a><\/video><\/div>\n<p><span style=\"color: #000000;\">Nuk ka vonuar shum\u00eb dhe Vokshi ka sjell\u00eb t\u00eb tjera pamje nga nj\u00eb tjet\u00ebr shkoll\u00eb n\u00eb kryeqytet. <\/span><\/p>\n<p><em><span style=\"color: #000000;\">&#8220;Propaganda Ram\u00ebs vs #Realiteti n\u00eb shkolla (2)<\/span><\/em><br \/>\n<em><span style=\"color: #000000;\">Shkolla \u201cD\u00ebahmor\u00ebt e Liris\u00eb\u201d n\u00eb Tiran\u00eb.<\/span><\/em><br \/>\n<span style=\"color: #000000;\"><em>Munges\u00eb organizimi nga ana e shkoll\u00ebs. Grumbullime prind\u00ebrish e f\u00ebmij\u00ebsh jasht\u00eb dyerve t\u00eb shkoll\u00ebs, pa asnj\u00eb mund\u00ebsi respektimi t\u00eb protokollit t\u00eb siguris\u00eb.&#8221;-<\/em> shkruan ish-deputetja krahas videove.<\/span><\/p>\n<p><a href=\"https:\/\/hashtag.al\/wp-content\/uploads\/2020\/09\/119448257_10158816651854429_1854095654457917294_o.jpg\"><img loading=\"lazy\" decoding=\"async\" class=\"aligncenter size-full wp-image-399653\" src=\"https:\/\/hashtag.al\/wp-content\/uploads\/2020\/09\/119448257_10158816651854429_1854095654457917294_o.jpg\" alt=\"\" width=\"540\" height=\"960\" srcset=\"https:\/\/www.hashtag.al\/wp-content\/uploads\/2020\/09\/119448257_10158816651854429_1854095654457917294_o.jpg 540w, https:\/\/www.hashtag.al\/wp-content\/uploads\/2020\/09\/119448257_10158816651854429_1854095654457917294_o-169x300.jpg 169w\" sizes=\"auto, (max-width: 540px) 100vw, 540px\" \/><\/a> <a href=\"https:\/\/hashtag.al\/wp-content\/uploads\/2020\/09\/119567091_10158816651789429_1501717692895874451_o.jpg\"><img loading=\"lazy\" decoding=\"async\" class=\"aligncenter size-full wp-image-399654\" src=\"https:\/\/hashtag.al\/wp-content\/uploads\/2020\/09\/119567091_10158816651789429_1501717692895874451_o.jpg\" alt=\"\" width=\"540\" height=\"960\" srcset=\"https:\/\/www.hashtag.al\/wp-content\/uploads\/2020\/09\/119567091_10158816651789429_1501717692895874451_o.jpg 540w, https:\/\/www.hashtag.al\/wp-content\/uploads\/2020\/09\/119567091_10158816651789429_1501717692895874451_o-169x300.jpg 169w\" sizes=\"auto, (max-width: 540px) 100vw, 540px\" \/><\/a><\/p>\n<div style=\"width: 220px;\" class=\"wp-video\"><video class=\"wp-video-shortcode\" id=\"video-399652-2\" width=\"220\" height=\"400\" preload=\"metadata\" controls=\"controls\"><source type=\"video\/mp4\" src=\"https:\/\/hashtag.al\/wp-content\/uploads\/2020\/09\/119295413_328365621841287_4959870764079357282_n.mp4?_=2\" \/><a href=\"https:\/\/hashtag.al\/wp-content\/uploads\/2020\/09\/119295413_328365621841287_4959870764079357282_n.mp4\">https:\/\/hashtag.al\/wp-content\/uploads\/2020\/09\/119295413_328365621841287_4959870764079357282_n.mp4<\/a><\/video><\/div>\n","protected":false,"gt_translate_keys":[{"key":"rendered","format":"html"}]},"excerpt":{"rendered":"<p>Ish-deputetja demokrate, Albana Vokshi, me rastin e dit\u00ebs s\u00eb par\u00eb t\u00eb shkoll\u00ebs ka nxjerr\u00eb disa pamje nga dy shkolla n\u00eb Tiran\u00eb, ku tregohet nj\u00eb realitet krejt tjet\u00ebr nga ai i pasqyruar nga kryeministri Edi Rama. Vokshi tregon prind\u00ebr dhe nx\u00ebn\u00ebs t\u00eb grumbulluar para shkoll\u00ebs \u201cGustav Mayer\u201d n\u00eb Tiran\u00eb, ku nuk respektohet asnj\u00eb masv\u00eb p\u00ebr Covid-19. [&hellip;]<\/p>\n","protected":false,"gt_translate_keys":[{"key":"rendered","format":"html"}]},"author":30,"featured_media":399658,"comment_status":"open","ping_status":"open","sticky":false,"template":"","format":"standard","meta":{"footnotes":""},"categories":[65,13],"tags":[],"class_list":["post-399652","post","type-post","status-publish","format-standard","has-post-thumbnail","hentry","category-lajme","category-te-fundit"],"gt_translate_keys":[{"key":"link","format":"url"}],"_links":{"self":[{"href":"https:\/\/www.hashtag.al\/index.php\/wp-json\/wp\/v2\/posts\/399652","targetHints":{"allow":["GET"]}}],"collection":[{"href":"https:\/\/www.hashtag.al\/index.php\/wp-json\/wp\/v2\/posts"}],"about":[{"href":"https:\/\/www.hashtag.al\/index.php\/wp-json\/wp\/v2\/types\/post"}],"author":[{"embeddable":true,"href":"https:\/\/www.hashtag.al\/index.php\/wp-json\/wp\/v2\/users\/30"}],"replies":[{"embeddable":true,"href":"https:\/\/www.hashtag.al\/index.php\/wp-json\/wp\/v2\/comments?post=399652"}],"version-history":[{"count":0,"href":"https:\/\/www.hashtag.al\/index.php\/wp-json\/wp\/v2\/posts\/399652\/revisions"}],"wp:featuredmedia":[{"embeddable":true,"href":"https:\/\/www.hashtag.al\/index.php\/wp-json\/wp\/v2\/media\/399658"}],"wp:attachment":[{"href":"https:\/\/www.hashtag.al\/index.php\/wp-json\/wp\/v2\/media?parent=399652"}],"wp:term":[{"taxonomy":"category","embeddable":true,"href":"https:\/\/www.hashtag.al\/index.php\/wp-json\/wp\/v2\/categories?post=399652"},{"taxonomy":"post_tag","embeddable":true,"href":"https:\/\/www.hashtag.al\/index.php\/wp-json\/wp\/v2\/tags?post=399652"}],"curies":[{"name":"wp","href":"https:\/\/api.w.org\/{rel}","templated":true}]}}