{"id":399170,"date":"2020-09-11T16:00:12","date_gmt":"2020-09-11T14:00:12","guid":{"rendered":"https:\/\/hashtag.al\/?p=399170"},"modified":"2020-09-11T16:05:54","modified_gmt":"2020-09-11T14:05:54","slug":"incidenti-me-studentet-veliaj-se-di-nga-vijne-keta-ne-tirane-nuk-rrisim-te-rinj-qe-besojne-tek-qyli","status":"publish","type":"post","link":"https:\/\/www.hashtag.al\/index.php\/2020\/09\/11\/incidenti-me-studentet-veliaj-se-di-nga-vijne-keta-ne-tirane-nuk-rrisim-te-rinj-qe-besojne-tek-qyli\/","title":{"rendered":"Incidenti me student\u00ebt\/ Veliaj: S&#8217;e di nga vijn\u00eb k\u00ebta, n\u00eb Tiran\u00eb nuk rrisim t\u00eb rinj q\u00eb besojn\u00eb tek qyli","gt_translate_keys":[{"key":"rendered","format":"text"}]},"content":{"rendered":"<p><a href=\"https:\/\/hashtag.al\/wp-content\/uploads\/2020\/09\/veliajjj.png\"><img loading=\"lazy\" decoding=\"async\" class=\"aligncenter size-full wp-image-399003\" src=\"https:\/\/hashtag.al\/wp-content\/uploads\/2020\/09\/veliajjj.png\" alt=\"\" width=\"787\" height=\"445\" srcset=\"https:\/\/www.hashtag.al\/wp-content\/uploads\/2020\/09\/veliajjj.png 787w, https:\/\/www.hashtag.al\/wp-content\/uploads\/2020\/09\/veliajjj-300x170.png 300w, https:\/\/www.hashtag.al\/wp-content\/uploads\/2020\/09\/veliajjj-768x434.png 768w\" sizes=\"auto, (max-width: 787px) 100vw, 787px\" \/><\/a><\/p>\n<p><span style=\"color: #000000;\">Kryebashkiaku i Tiran\u00ebs Erion Veliaj, ka folur p\u00ebr incidentin e djesh\u00ebm me nj\u00eb grup t\u00eb rinjsh t\u00eb &#8220;L\u00ebvizjes p\u00ebr Universitetin&#8221;, t\u00eb cil\u00ebt i d\u00ebboi pasi ata iu ankuan p\u00ebr problemet me Kart\u00ebn e Studentit dhe nj\u00eb s\u00ebr\u00eb shqet\u00ebsimesh t\u00eb tjera.<\/span><\/p>\n<p><span style=\"color: #000000;\">N\u00eb nj\u00eb takim sot me drejtuesit e shkollave t\u00eb mesme n\u00eb kryeqytet, Veliaj tha se nuk e di se nga vinin k\u00ebta student\u00eb q\u00eb sipas tij i k\u00ebrkonin gj\u00ebrat qyl, pasi n\u00eb Tiran\u00eb nuk rrisin t\u00eb rinj q\u00eb besojn\u00eb tek qyli.<\/span><\/p>\n<p><em><span style=\"color: #000000;\">\u201cKisha dje dy raste: nj\u00eb grup t\u00eb rinjsh q\u00eb m\u00eb thoshte pse s\u2019jepni birra falas, si ata n\u00eb Jal\u00eb, dhe nj\u00eb grup tjet\u00ebr q\u00eb po xhironte nj\u00eb kamera t\u00eb fsheht\u00eb n\u00eb zyr\u00ebn time, m\u00eb thoshte pse Karta e Studentit nuk jep kafe falas. A \u00ebsht\u00eb reduktuar ambicia e t\u00eb rinjve tan\u00eb n\u00eb nj\u00eb birr\u00eb dhe n\u00eb nj\u00eb kafe falas? Realisht, k\u00ebtu kemi mbetur si komb? Q\u00eb dikush q\u00eb rritet n\u00eb Shqip\u00ebri thot\u00eb: kush do ma jap\u00eb qyl birr\u00ebn dhe kush do ma jap\u00eb qyl kafen?! Ne t\u00eb Tiran\u00ebs jemi ndryshe. Nuk e di se nga vijn\u00eb k\u00ebta f\u00ebmij\u00eb dhe nga \u00e7far\u00eb familjesh rriten, q\u00eb duan q\u00eb shteti t\u2019u siguroj\u00eb birr\u00ebn dhe kafen\u00eb falas, por un\u00eb besoj se Tirana \u00ebsht\u00eb krejt ndryshe. \u00cbsht\u00eb vend me ambicie. Kemi \u00e7una dhe goca q\u00eb kan\u00eb fituar olimpiada, q\u00eb kan\u00eb fituar start up-e, kemi \u00e7una dhe goca t\u00eb mrekulluesh\u00ebm n\u00eb teknologji t\u00eb informacionit. Kemi djem dhe goca t\u00eb mrekullueshme nga gjimnazet tuaja q\u00eb na ndihmuan kur kishim rrjetin e shp\u00ebrndarjes s\u00eb pakove ushqimore. Tirana ha buk ve\u00e7! Ne nuk rrisim t\u00eb rinj q\u00eb besojn\u00eb te qyli, ne rrisim t\u00eb rinj q\u00eb besojn\u00eb te puna, tek merita, tek talenti, tek vullnetarizmi\u201d, <\/span><\/em><span style=\"color: #000000;\">deklaroi Veliaj.<\/span><\/p>\n<p><span style=\"color: #000000;\">N\u00eb videon e publikuar nga L\u00ebvizja p\u00ebr Universitetin, studenti kund\u00ebrshtonte deponimet e Veliajt duke i p\u00ebrmendur se Karta e Studentit nuk funksionon dhe nuk mund t\u00eb blihen as libra dhe as abone me t\u00eb. Por Veliaj mesa duket, edhe k\u00ebt\u00eb e quan &#8220;<em>qyl<\/em>&#8220;. \/ <strong>Hashtag.al<\/strong><\/span><\/p>\n<div style=\"width: 426px;\" class=\"wp-video\"><video class=\"wp-video-shortcode\" id=\"video-399170-1\" width=\"426\" height=\"758\" preload=\"metadata\" controls=\"controls\"><source type=\"video\/mp4\" src=\"https:\/\/hashtag.al\/wp-content\/uploads\/2020\/09\/NqIYXRYAXzkxsm7JbcVF_10_aaebf4b309c3114cf5aa690a71aeb224_video_240p_converted.mp4?_=1\" \/><a href=\"https:\/\/hashtag.al\/wp-content\/uploads\/2020\/09\/NqIYXRYAXzkxsm7JbcVF_10_aaebf4b309c3114cf5aa690a71aeb224_video_240p_converted.mp4\">https:\/\/hashtag.al\/wp-content\/uploads\/2020\/09\/NqIYXRYAXzkxsm7JbcVF_10_aaebf4b309c3114cf5aa690a71aeb224_video_240p_converted.mp4<\/a><\/video><\/div>\n","protected":false,"gt_translate_keys":[{"key":"rendered","format":"html"}]},"excerpt":{"rendered":"<p>Kryebashkiaku i Tiran\u00ebs Erion Veliaj, ka folur p\u00ebr incidentin e djesh\u00ebm me nj\u00eb grup t\u00eb rinjsh t\u00eb &#8220;L\u00ebvizjes p\u00ebr Universitetin&#8221;, t\u00eb cil\u00ebt i d\u00ebboi pasi ata iu ankuan p\u00ebr problemet me Kart\u00ebn e Studentit dhe nj\u00eb s\u00ebr\u00eb shqet\u00ebsimesh t\u00eb tjera. N\u00eb nj\u00eb takim sot me drejtuesit e shkollave t\u00eb mesme n\u00eb kryeqytet, Veliaj tha se [&hellip;]<\/p>\n","protected":false,"gt_translate_keys":[{"key":"rendered","format":"html"}]},"author":30,"featured_media":399003,"comment_status":"open","ping_status":"open","sticky":false,"template":"","format":"standard","meta":{"footnotes":""},"categories":[22,65,13],"tags":[],"class_list":["post-399170","post","type-post","status-publish","format-standard","has-post-thumbnail","hentry","category-ballina","category-lajme","category-te-fundit"],"gt_translate_keys":[{"key":"link","format":"url"}],"_links":{"self":[{"href":"https:\/\/www.hashtag.al\/index.php\/wp-json\/wp\/v2\/posts\/399170","targetHints":{"allow":["GET"]}}],"collection":[{"href":"https:\/\/www.hashtag.al\/index.php\/wp-json\/wp\/v2\/posts"}],"about":[{"href":"https:\/\/www.hashtag.al\/index.php\/wp-json\/wp\/v2\/types\/post"}],"author":[{"embeddable":true,"href":"https:\/\/www.hashtag.al\/index.php\/wp-json\/wp\/v2\/users\/30"}],"replies":[{"embeddable":true,"href":"https:\/\/www.hashtag.al\/index.php\/wp-json\/wp\/v2\/comments?post=399170"}],"version-history":[{"count":0,"href":"https:\/\/www.hashtag.al\/index.php\/wp-json\/wp\/v2\/posts\/399170\/revisions"}],"wp:featuredmedia":[{"embeddable":true,"href":"https:\/\/www.hashtag.al\/index.php\/wp-json\/wp\/v2\/media\/399003"}],"wp:attachment":[{"href":"https:\/\/www.hashtag.al\/index.php\/wp-json\/wp\/v2\/media?parent=399170"}],"wp:term":[{"taxonomy":"category","embeddable":true,"href":"https:\/\/www.hashtag.al\/index.php\/wp-json\/wp\/v2\/categories?post=399170"},{"taxonomy":"post_tag","embeddable":true,"href":"https:\/\/www.hashtag.al\/index.php\/wp-json\/wp\/v2\/tags?post=399170"}],"curies":[{"name":"wp","href":"https:\/\/api.w.org\/{rel}","templated":true}]}}