{"id":399050,"date":"2020-09-11T09:12:33","date_gmt":"2020-09-11T07:12:33","guid":{"rendered":"https:\/\/hashtag.al\/?p=399050"},"modified":"2020-09-11T09:13:24","modified_gmt":"2020-09-11T07:13:24","slug":"sot-behen-19-vjet-nga-sulmet-terroriste-te-11-shtatorit-tragjedia-qe-tronditi-shba-ne","status":"publish","type":"post","link":"https:\/\/www.hashtag.al\/index.php\/2020\/09\/11\/sot-behen-19-vjet-nga-sulmet-terroriste-te-11-shtatorit-tragjedia-qe-tronditi-shba-ne\/","title":{"rendered":"Sot b\u00ebhen 19-vjet nga sulmet terroriste t\u00eb 11 shtatorit, tragjedia q\u00eb tronditi SHBA-n\u00eb","gt_translate_keys":[{"key":"rendered","format":"text"}]},"content":{"rendered":"<p><span style=\"color: #000000;\"><a href=\"https:\/\/hashtag.al\/wp-content\/uploads\/2020\/09\/Kullat-binjake.jpg\"><img loading=\"lazy\" decoding=\"async\" class=\"aligncenter size-full wp-image-399051\" src=\"https:\/\/hashtag.al\/wp-content\/uploads\/2020\/09\/Kullat-binjake.jpg\" alt=\"\" width=\"771\" height=\"437\" srcset=\"https:\/\/www.hashtag.al\/wp-content\/uploads\/2020\/09\/Kullat-binjake.jpg 771w, https:\/\/www.hashtag.al\/wp-content\/uploads\/2020\/09\/Kullat-binjake-300x170.jpg 300w, https:\/\/www.hashtag.al\/wp-content\/uploads\/2020\/09\/Kullat-binjake-768x435.jpg 768w\" sizes=\"auto, (max-width: 771px) 100vw, 771px\" \/><\/a><\/span><\/p>\n<p><span style=\"color: #000000;\">11 shtatori i 2001-shit na sjell t\u00eb gjith\u00ebve n\u00eb kujtes\u00eb koh\u00ebn kur SHBA-ja u godit nga sulme t\u00eb avion\u00ebve ushtarak\u00eb t\u00eb Al Kaed\u00ebs.<\/span><\/p>\n<p><span style=\"color: #000000;\">K\u00ebt\u00eb t\u00eb premte, Sekretari i P\u00ebrgjithsh\u00ebm i NATO-s Jens Stoltenberg do t\u00eb bashkohet me P\u00ebrfaq\u00ebsuesin e P\u00ebrhersh\u00ebm t\u00eb SHBA-ve n\u00eb NATO Kay Bailey Hutchison n\u00eb Memorialin e Sulmeve t\u00eb shtatorit t\u00eb 2001-shit.<\/span><\/p>\n<p><span style=\"color: #000000;\">T\u00eb pranishmit do t\u00eb jen\u00eb p\u00ebrfaq\u00ebsues t\u00eb p\u00ebrhersh\u00ebm t\u00eb kombeve t\u00eb Aleanc\u00ebs si dhe an\u00ebtar\u00eb t\u00eb bashk\u00ebsis\u00eb diplomatike, ushtarake dhe nd\u00ebrkomb\u00ebtare t\u00eb NATO-s, t\u00eb cil\u00ebt do t\u00eb p\u00ebrkujtojn\u00eb 19 vjetorin e sulmeve terroriste.<\/span><br \/>\n<span style=\"color: #000000;\">Sulmet e koordinuara terroriste ndaj Qendr\u00ebs Bot\u00ebrore t\u00eb Tregtis\u00eb, Pentagonit vran\u00eb gati 3 000 Amerikan\u00eb dhe ndryshuan p\u00ebrgjithmon\u00eb rrjedh\u00ebn e historis\u00eb Amerikane dhe horizontin e Nju Jorkut.<\/span><\/p>\n<p><span style=\"color: #000000;\">Kullat Binjake t\u00eb Qendr\u00ebs Bot\u00ebrore t\u00eb Tregtis\u00eb ishin simboli i fuqis\u00eb ekonomike t\u00eb SHBA-ve duke q\u00ebndruar mbi Manhatan si qend\u00ebr e tregtis\u00eb dhe biznesit q\u00eb pun\u00ebsoi dhjet\u00ebra mij\u00ebra nga e gjith\u00eb zona e tre shteteve amerikane. <\/span><\/p>\n<p><span style=\"color: #000000;\">Agresor\u00ebt p\u00ebrplas\u00ebn avion\u00ebt e pasagjer\u00ebve t\u00eb rr\u00ebmbyer n\u00eb secil\u00ebn kull\u00eb, duke shkaktuar zjarre masive n\u00eb zyra n\u00eb secil\u00ebn nd\u00ebrtes\u00eb.<\/span><\/p>\n<p><span style=\"color: #000000;\">Ishte nj\u00eb pamje e tmerrshme p\u00ebr mbar\u00eb njer\u00ebzimin kur viktimat e bllokuara n\u00eb apartamente n\u00eb kulla hidheshin nga lart drejt tok\u00ebs, drejt vdekjes s\u00eb tyre.<\/span><\/p>\n<p><span style=\"color: #000000;\">Mij\u00ebra persona q\u00eb reaguan menj\u00ebher\u00eb oficer\u00eb policie, zjarrfik\u00ebs, ndihm\u00ebsmjek\u00eb u mblodh\u00ebn n\u00eb Qendr\u00ebn Bot\u00ebrore t\u00eb Tregtis\u00eb p\u00ebr t\u00eb shp\u00ebtuar sa m\u00eb shum\u00eb jet\u00eb.<\/span><\/p>\n<p><span style=\"color: #000000;\">Nj\u00eb tjet\u00ebr \u201csulm\u201d si Covid-19 ka b\u00ebr\u00eb q\u00eb k\u00ebt\u00eb vit t\u00eb mos ket\u00eb nj\u00eb ceremoni zyrtare n\u00eb kujtim t\u00eb k\u00ebsaj tragjedie p\u00ebr SHBA-n\u00eb dhe amerikan\u00ebt.<\/span><\/p>\n","protected":false,"gt_translate_keys":[{"key":"rendered","format":"html"}]},"excerpt":{"rendered":"<p>11 shtatori i 2001-shit na sjell t\u00eb gjith\u00ebve n\u00eb kujtes\u00eb koh\u00ebn kur SHBA-ja u godit nga sulme t\u00eb avion\u00ebve ushtarak\u00eb t\u00eb Al Kaed\u00ebs. K\u00ebt\u00eb t\u00eb premte, Sekretari i P\u00ebrgjithsh\u00ebm i NATO-s Jens Stoltenberg do t\u00eb bashkohet me P\u00ebrfaq\u00ebsuesin e P\u00ebrhersh\u00ebm t\u00eb SHBA-ve n\u00eb NATO Kay Bailey Hutchison n\u00eb Memorialin e Sulmeve t\u00eb shtatorit t\u00eb 2001-shit. [&hellip;]<\/p>\n","protected":false,"gt_translate_keys":[{"key":"rendered","format":"html"}]},"author":30,"featured_media":399051,"comment_status":"open","ping_status":"open","sticky":false,"template":"","format":"standard","meta":{"footnotes":""},"categories":[6],"tags":[],"class_list":["post-399050","post","type-post","status-publish","format-standard","has-post-thumbnail","hentry","category-nderkombetare"],"gt_translate_keys":[{"key":"link","format":"url"}],"_links":{"self":[{"href":"https:\/\/www.hashtag.al\/index.php\/wp-json\/wp\/v2\/posts\/399050","targetHints":{"allow":["GET"]}}],"collection":[{"href":"https:\/\/www.hashtag.al\/index.php\/wp-json\/wp\/v2\/posts"}],"about":[{"href":"https:\/\/www.hashtag.al\/index.php\/wp-json\/wp\/v2\/types\/post"}],"author":[{"embeddable":true,"href":"https:\/\/www.hashtag.al\/index.php\/wp-json\/wp\/v2\/users\/30"}],"replies":[{"embeddable":true,"href":"https:\/\/www.hashtag.al\/index.php\/wp-json\/wp\/v2\/comments?post=399050"}],"version-history":[{"count":0,"href":"https:\/\/www.hashtag.al\/index.php\/wp-json\/wp\/v2\/posts\/399050\/revisions"}],"wp:featuredmedia":[{"embeddable":true,"href":"https:\/\/www.hashtag.al\/index.php\/wp-json\/wp\/v2\/media\/399051"}],"wp:attachment":[{"href":"https:\/\/www.hashtag.al\/index.php\/wp-json\/wp\/v2\/media?parent=399050"}],"wp:term":[{"taxonomy":"category","embeddable":true,"href":"https:\/\/www.hashtag.al\/index.php\/wp-json\/wp\/v2\/categories?post=399050"},{"taxonomy":"post_tag","embeddable":true,"href":"https:\/\/www.hashtag.al\/index.php\/wp-json\/wp\/v2\/tags?post=399050"}],"curies":[{"name":"wp","href":"https:\/\/api.w.org\/{rel}","templated":true}]}}