{"id":398918,"date":"2020-09-10T12:40:02","date_gmt":"2020-09-10T10:40:02","guid":{"rendered":"https:\/\/hashtag.al\/?p=398918"},"modified":"2020-09-10T12:44:03","modified_gmt":"2020-09-10T10:44:03","slug":"kim-pas-takimit-me-ademin-prek-problemet-e-sistemit-te-drejtesise","status":"publish","type":"post","link":"https:\/\/www.hashtag.al\/index.php\/2020\/09\/10\/kim-pas-takimit-me-ademin-prek-problemet-e-sistemit-te-drejtesise\/","title":{"rendered":"Kim pas takimit me Ademin, prek problemet e sistemit t\u00eb drejt\u00ebsis\u00eb","gt_translate_keys":[{"key":"rendered","format":"text"}]},"content":{"rendered":"<p><a href=\"https:\/\/hashtag.al\/wp-content\/uploads\/2020\/09\/KIM.jpg\"><img loading=\"lazy\" decoding=\"async\" class=\"aligncenter size-full wp-image-398919\" src=\"https:\/\/hashtag.al\/wp-content\/uploads\/2020\/09\/KIM.jpg\" alt=\"\" width=\"675\" height=\"309\" srcset=\"https:\/\/www.hashtag.al\/wp-content\/uploads\/2020\/09\/KIM.jpg 675w, https:\/\/www.hashtag.al\/wp-content\/uploads\/2020\/09\/KIM-300x137.jpg 300w\" sizes=\"auto, (max-width: 675px) 100vw, 675px\" \/><\/a><\/p>\n<p><span style=\"color: #000000;\">Ambasadorja e SHBA-ve Yuri Kim ka dal\u00eb n\u00eb nj\u00eb deklarat\u00eb p\u00ebr mediat, pas takimit me kryetaren e bashkis\u00eb s\u00eb Shkodr\u00ebs, Voltana Ademin.<\/span><\/p>\n<p><span style=\"color: #000000;\">Ajo i \u00ebsht\u00eb p\u00ebrgjigjur pyetjeve t\u00eb gazetar\u00ebve p\u00ebr \u00e7\u00ebshtjet e sistemit t\u00eb drejt\u00ebsis\u00eb, p\u00ebr ngritjen e Gjykat\u00ebs Kushtetuese apo p\u00ebr pun\u00ebn e SPAK-ut.<\/span><\/p>\n<p><span style=\"color: #000000;\">Nd\u00ebrsa e konsideroi t\u00eb papranueshme faktin q\u00eb Shqip\u00ebria ka q\u00ebndruar p\u00ebr nj\u00eb koh\u00eb t\u00eb gjat\u00eb pa Gjykat\u00eb Kushtetuese, Kim\u00a0 shpreh k\u00ebnaq\u00ebsin\u00eb q\u00eb kryetari i Kuvendit Gramoz Ru\u00e7i, ka r\u00ebn\u00eb dakord p\u00ebr ngritjen e k\u00ebsaj gjykate deri n\u00eb fund t\u00eb k\u00ebtij viti.<\/span><\/p>\n<p><em><span style=\"color: #000000;\">&#8220;Shqip\u00ebria ka qen\u00eb pa nj\u00eb Gjykat\u00eb Kushtetuese p\u00ebr nj\u00eb koh\u00eb t\u00eb gjat\u00eb. Kjo nuk \u00ebsht\u00eb nj\u00eb situat\u00eb e pranueshme p\u00ebr nj\u00eb vend q\u00eb \u00ebsht\u00eb an\u00ebtar i NATO-s dhe q\u00eb aspiron t\u00eb an\u00ebtar\u00ebsohet n\u00eb BE.<\/span><\/em><\/p>\n<p><em><span style=\"color: #000000;\">E kam th\u00ebn\u00eb edhe m\u00eb par\u00eb q\u00eb opinioni i dh\u00ebn\u00eb nga Opinioni i Venecias po fron nj\u00eb mund\u00ebsi p\u00ebr t\u00eb ecur p\u00ebrpara.<\/span><\/em><br \/>\n<em><span style=\"color: #000000;\">Kemi qen\u00eb t\u00eb k\u00ebnaqur gjithashtu q\u00eb edhe kryetari i Kuvendit Ru\u00e7i ka r\u00ebn\u00eb dakord q\u00eb deri n\u00eb fund t\u00eb vitit duhet t\u00eb ngrihet Gjykata Kushtetuese p\u00ebr shqiptar\u00ebt.<\/span><\/em><\/p>\n<p><em><span style=\"color: #000000;\">Mendoj q\u00eb \u00ebsht\u00eb nj\u00eb gj\u00eb e mir\u00eb dhe ka ardhur koha q\u00eb SPAK-u t\u00eb jet\u00eb plot\u00ebsisht funksional. Kemi par\u00eb q\u00eb disa po p\u00ebrpiqen t&#8217;i pengojn\u00eb n\u00eb pun\u00ebn e tyre dhe t&#8217;i intimidojn\u00eb gjyqtar\u00ebt e prokuror\u00ebt, por ka ardhur koha t\u00eb ngrihemi kund\u00ebr k\u00ebtyre bullizuesve.<\/span><\/em><\/p>\n<p><span style=\"color: #000000;\"><em>Mendoj se ligjet e Shqip\u00ebris\u00eb jan\u00eb shum\u00eb t\u00eb qarta dhe kushdo q\u00eb e ka marr\u00eb at\u00eb let\u00ebr. Ju falenderoj p\u00ebr mikpritjen e ngroht\u00eb.&#8221;<\/em>&#8211; ka deklaruar ambasadorja Kim.<\/span><\/p>\n","protected":false,"gt_translate_keys":[{"key":"rendered","format":"html"}]},"excerpt":{"rendered":"<p>Ambasadorja e SHBA-ve Yuri Kim ka dal\u00eb n\u00eb nj\u00eb deklarat\u00eb p\u00ebr mediat, pas takimit me kryetaren e bashkis\u00eb s\u00eb Shkodr\u00ebs, Voltana Ademin. Ajo i \u00ebsht\u00eb p\u00ebrgjigjur pyetjeve t\u00eb gazetar\u00ebve p\u00ebr \u00e7\u00ebshtjet e sistemit t\u00eb drejt\u00ebsis\u00eb, p\u00ebr ngritjen e Gjykat\u00ebs Kushtetuese apo p\u00ebr pun\u00ebn e SPAK-ut. Nd\u00ebrsa e konsideroi t\u00eb papranueshme faktin q\u00eb Shqip\u00ebria ka q\u00ebndruar [&hellip;]<\/p>\n","protected":false,"gt_translate_keys":[{"key":"rendered","format":"html"}]},"author":30,"featured_media":398919,"comment_status":"open","ping_status":"open","sticky":false,"template":"","format":"standard","meta":{"footnotes":""},"categories":[65,13],"tags":[],"class_list":["post-398918","post","type-post","status-publish","format-standard","has-post-thumbnail","hentry","category-lajme","category-te-fundit"],"gt_translate_keys":[{"key":"link","format":"url"}],"_links":{"self":[{"href":"https:\/\/www.hashtag.al\/index.php\/wp-json\/wp\/v2\/posts\/398918","targetHints":{"allow":["GET"]}}],"collection":[{"href":"https:\/\/www.hashtag.al\/index.php\/wp-json\/wp\/v2\/posts"}],"about":[{"href":"https:\/\/www.hashtag.al\/index.php\/wp-json\/wp\/v2\/types\/post"}],"author":[{"embeddable":true,"href":"https:\/\/www.hashtag.al\/index.php\/wp-json\/wp\/v2\/users\/30"}],"replies":[{"embeddable":true,"href":"https:\/\/www.hashtag.al\/index.php\/wp-json\/wp\/v2\/comments?post=398918"}],"version-history":[{"count":0,"href":"https:\/\/www.hashtag.al\/index.php\/wp-json\/wp\/v2\/posts\/398918\/revisions"}],"wp:featuredmedia":[{"embeddable":true,"href":"https:\/\/www.hashtag.al\/index.php\/wp-json\/wp\/v2\/media\/398919"}],"wp:attachment":[{"href":"https:\/\/www.hashtag.al\/index.php\/wp-json\/wp\/v2\/media?parent=398918"}],"wp:term":[{"taxonomy":"category","embeddable":true,"href":"https:\/\/www.hashtag.al\/index.php\/wp-json\/wp\/v2\/categories?post=398918"},{"taxonomy":"post_tag","embeddable":true,"href":"https:\/\/www.hashtag.al\/index.php\/wp-json\/wp\/v2\/tags?post=398918"}],"curies":[{"name":"wp","href":"https:\/\/api.w.org\/{rel}","templated":true}]}}