{"id":398621,"date":"2020-09-08T22:42:54","date_gmt":"2020-09-08T20:42:54","guid":{"rendered":"https:\/\/hashtag.al\/?p=398621"},"modified":"2020-09-08T22:42:54","modified_gmt":"2020-09-08T20:42:54","slug":"digjet-nje-siperfaqe-me-shkurre-ne-shen-pjeter-te-durresit","status":"publish","type":"post","link":"https:\/\/www.hashtag.al\/index.php\/2020\/09\/08\/digjet-nje-siperfaqe-me-shkurre-ne-shen-pjeter-te-durresit\/","title":{"rendered":"Digjet nj\u00eb sip\u00ebrfaqe me shkurre n\u00eb Sh\u00ebn Pjet\u00ebr t\u00eb Durr\u00ebsit","gt_translate_keys":[{"key":"rendered","format":"text"}]},"content":{"rendered":"<p><img loading=\"lazy\" decoding=\"async\" class=\"aligncenter size-full wp-image-398622\" src=\"https:\/\/hashtag.al\/wp-content\/uploads\/2020\/09\/zjarr.jpg\" alt=\"\" width=\"590\" height=\"354\" srcset=\"https:\/\/www.hashtag.al\/wp-content\/uploads\/2020\/09\/zjarr.jpg 590w, https:\/\/www.hashtag.al\/wp-content\/uploads\/2020\/09\/zjarr-300x180.jpg 300w\" sizes=\"auto, (max-width: 590px) 100vw, 590px\" \/><\/p>\n<p><span style=\"color: #000000;\">Nj\u00eb sip\u00ebrfaqe me shkurre \u00ebsht\u00eb p\u00ebrfshir\u00eb n\u00eb zon\u00ebn e Kepit t\u00eb Rodonit n\u00eb Durr\u00ebs.<\/span><\/p>\n<p><span style=\"color: #000000;\">Flak\u00ebt q\u00eb kan\u00eb r\u00ebn\u00eb n\u00eb zon\u00ebn e pyll\u00ebzuar nga bim\u00ebsia kryesisht e ul\u00ebt, po favorizohen edhe nga era.<\/span><\/p>\n<p><span style=\"color: #000000;\">Nd\u00ebrsa policia ka shkuar n\u00eb vendngjarje s\u00eb bashku me sh\u00ebrbimin e zjarrfik\u00ebses.<\/span><\/p>\n<p><span style=\"color: #000000;\">\u201c<em>M\u00eb dat\u00eb 08.09.2020, rreth or\u00ebs 21:30, n\u00eb Sh\u00ebn Pjet\u00ebr, Ish\u00ebm, Durr\u00ebs, n\u00eb disa shkurre ka r\u00ebn\u00eb zjarr.<\/em><\/span><\/p>\n<p><span style=\"color: #000000;\"><em>Sh\u00ebrbimet e Policis\u00eb dhe Zjarrfik\u00ebses ndodhen n\u00eb vendngjarje dhe po punojn\u00eb p\u00ebr shuarjen e zjarrit i cili ndodhet larg banesave<\/em>\u201d-thuhet n\u00eb njoftimin e policis\u00eb.<\/span><\/p>\n<p>&nbsp;<\/p>\n","protected":false,"gt_translate_keys":[{"key":"rendered","format":"html"}]},"excerpt":{"rendered":"<p>Nj\u00eb sip\u00ebrfaqe me shkurre \u00ebsht\u00eb p\u00ebrfshir\u00eb n\u00eb zon\u00ebn e Kepit t\u00eb Rodonit n\u00eb Durr\u00ebs. Flak\u00ebt q\u00eb kan\u00eb r\u00ebn\u00eb n\u00eb zon\u00ebn e pyll\u00ebzuar nga bim\u00ebsia kryesisht e ul\u00ebt, po favorizohen edhe nga era. Nd\u00ebrsa policia ka shkuar n\u00eb vendngjarje s\u00eb bashku me sh\u00ebrbimin e zjarrfik\u00ebses. \u201cM\u00eb dat\u00eb 08.09.2020, rreth or\u00ebs 21:30, n\u00eb Sh\u00ebn Pjet\u00ebr, Ish\u00ebm, Durr\u00ebs, [&hellip;]<\/p>\n","protected":false,"gt_translate_keys":[{"key":"rendered","format":"html"}]},"author":32,"featured_media":398622,"comment_status":"open","ping_status":"open","sticky":false,"template":"","format":"standard","meta":{"footnotes":""},"categories":[65,13],"tags":[],"class_list":["post-398621","post","type-post","status-publish","format-standard","has-post-thumbnail","hentry","category-lajme","category-te-fundit"],"gt_translate_keys":[{"key":"link","format":"url"}],"_links":{"self":[{"href":"https:\/\/www.hashtag.al\/index.php\/wp-json\/wp\/v2\/posts\/398621","targetHints":{"allow":["GET"]}}],"collection":[{"href":"https:\/\/www.hashtag.al\/index.php\/wp-json\/wp\/v2\/posts"}],"about":[{"href":"https:\/\/www.hashtag.al\/index.php\/wp-json\/wp\/v2\/types\/post"}],"author":[{"embeddable":true,"href":"https:\/\/www.hashtag.al\/index.php\/wp-json\/wp\/v2\/users\/32"}],"replies":[{"embeddable":true,"href":"https:\/\/www.hashtag.al\/index.php\/wp-json\/wp\/v2\/comments?post=398621"}],"version-history":[{"count":0,"href":"https:\/\/www.hashtag.al\/index.php\/wp-json\/wp\/v2\/posts\/398621\/revisions"}],"wp:featuredmedia":[{"embeddable":true,"href":"https:\/\/www.hashtag.al\/index.php\/wp-json\/wp\/v2\/media\/398622"}],"wp:attachment":[{"href":"https:\/\/www.hashtag.al\/index.php\/wp-json\/wp\/v2\/media?parent=398621"}],"wp:term":[{"taxonomy":"category","embeddable":true,"href":"https:\/\/www.hashtag.al\/index.php\/wp-json\/wp\/v2\/categories?post=398621"},{"taxonomy":"post_tag","embeddable":true,"href":"https:\/\/www.hashtag.al\/index.php\/wp-json\/wp\/v2\/tags?post=398621"}],"curies":[{"name":"wp","href":"https:\/\/api.w.org\/{rel}","templated":true}]}}