{"id":398598,"date":"2020-09-08T19:52:39","date_gmt":"2020-09-08T17:52:39","guid":{"rendered":"https:\/\/hashtag.al\/?p=398598"},"modified":"2020-09-08T19:52:39","modified_gmt":"2020-09-08T17:52:39","slug":"kpa-ja-shkarkon-prokurorin-e-fierit-fatmir-lushi","status":"publish","type":"post","link":"https:\/\/www.hashtag.al\/index.php\/2020\/09\/08\/kpa-ja-shkarkon-prokurorin-e-fierit-fatmir-lushi\/","title":{"rendered":"KPA-ja shkarkon prokurorin e Fierit, \u00a0Fatmir Lushi","gt_translate_keys":[{"key":"rendered","format":"text"}]},"content":{"rendered":"<p><img loading=\"lazy\" decoding=\"async\" class=\"aligncenter size-full wp-image-398599\" src=\"https:\/\/hashtag.al\/wp-content\/uploads\/2020\/09\/Fatmir-Lushi1-606x450.jpg\" alt=\"\" width=\"606\" height=\"450\" srcset=\"https:\/\/www.hashtag.al\/wp-content\/uploads\/2020\/09\/Fatmir-Lushi1-606x450.jpg 606w, https:\/\/www.hashtag.al\/wp-content\/uploads\/2020\/09\/Fatmir-Lushi1-606x450-300x223.jpg 300w\" sizes=\"auto, (max-width: 606px) 100vw, 606px\" \/><\/p>\n<p>Komisioni i Pavarur i Apelimit, ka vendosur shkarkimin p\u00ebrfundimtar t\u00eb prokurorit t\u00eb Rrethit Gjyq\u00ebsor Fier, Fatmir Lushi.<\/p>\n<p>Vendimi u morr pasi Lushi kishte ankimuar vendimin e Komisionit t\u00eb Pavarur t\u00eb Kualifikimit.<\/p>\n<p><strong>Njoftim vendimi nga ana e KPA:<\/strong><\/p>\n<p>Trupi gjykues i Kolegjit t\u00eb Posa\u00e7\u00ebm t\u00eb Apelimit, i p\u00ebrb\u00ebr\u00eb nga Natasha Mulaj kryesuese, Ardian Hajdari relator, Albana Shtylla, Ina Rama, Rezarta Schuetz an\u00ebtar\u00eb, shpalli vendimin p\u00ebr \u00e7\u00ebshtjen (JR) nr.27\/2019, dat\u00eb 20.05.2019, q\u00eb lidhet me ankimin e subjektit t\u00eb rivler\u00ebsimit Fatmir Lushi, kund\u00ebr vendimit nr. 125, dat\u00eb 26.03.2019 t\u00eb Komisionit t\u00eb Pavarur t\u00eb Kualifikimit.<\/p>\n<p>N\u00eb p\u00ebrfundim t\u00eb gjykimit n\u00eb dhom\u00eb k\u00ebshillimi, trupi gjykues, bazuar n\u00eb nenin 66, pika 1, germa \u201ca\u201d e ligjit nr.84\/2016, \u201cP\u00ebr rivler\u00ebsimin kalimtar t\u00eb gjyqtar\u00ebve dhe prokuror\u00ebve n\u00eb Republik\u00ebn e Shqip\u00ebris\u00eb\u201d, n\u00eb m\u00ebnyr\u00eb unanime, vendosi:<\/p>\n<p>L\u00ebnien n\u00eb fuqi t\u00eb vendimit nr. 125, dat\u00eb 26.03.2019 t\u00eb Komisionit t\u00eb Pavarur t\u00eb Kualifikimit, q\u00eb i p\u00ebrket subjektit t\u00eb rivler\u00ebsimit Fatmir Lushi. Ky vendim \u00ebsht\u00eb p\u00ebrfundimtar dhe ka efekt t\u00eb menj\u00ebhersh\u00ebm.<\/p>\n<p>U shpall sot, n\u00eb Tiran\u00eb, m\u00eb dat\u00eb 08.09.2020.<\/p>\n","protected":false,"gt_translate_keys":[{"key":"rendered","format":"html"}]},"excerpt":{"rendered":"<p>Komisioni i Pavarur i Apelimit, ka vendosur shkarkimin p\u00ebrfundimtar t\u00eb prokurorit t\u00eb Rrethit Gjyq\u00ebsor Fier, Fatmir Lushi. Vendimi u morr pasi Lushi kishte ankimuar vendimin e Komisionit t\u00eb Pavarur t\u00eb Kualifikimit. Njoftim vendimi nga ana e KPA: Trupi gjykues i Kolegjit t\u00eb Posa\u00e7\u00ebm t\u00eb Apelimit, i p\u00ebrb\u00ebr\u00eb nga Natasha Mulaj kryesuese, Ardian Hajdari relator, Albana [&hellip;]<\/p>\n","protected":false,"gt_translate_keys":[{"key":"rendered","format":"html"}]},"author":32,"featured_media":398599,"comment_status":"open","ping_status":"open","sticky":false,"template":"","format":"standard","meta":{"footnotes":""},"categories":[65,13],"tags":[],"class_list":["post-398598","post","type-post","status-publish","format-standard","has-post-thumbnail","hentry","category-lajme","category-te-fundit"],"gt_translate_keys":[{"key":"link","format":"url"}],"_links":{"self":[{"href":"https:\/\/www.hashtag.al\/index.php\/wp-json\/wp\/v2\/posts\/398598","targetHints":{"allow":["GET"]}}],"collection":[{"href":"https:\/\/www.hashtag.al\/index.php\/wp-json\/wp\/v2\/posts"}],"about":[{"href":"https:\/\/www.hashtag.al\/index.php\/wp-json\/wp\/v2\/types\/post"}],"author":[{"embeddable":true,"href":"https:\/\/www.hashtag.al\/index.php\/wp-json\/wp\/v2\/users\/32"}],"replies":[{"embeddable":true,"href":"https:\/\/www.hashtag.al\/index.php\/wp-json\/wp\/v2\/comments?post=398598"}],"version-history":[{"count":0,"href":"https:\/\/www.hashtag.al\/index.php\/wp-json\/wp\/v2\/posts\/398598\/revisions"}],"wp:featuredmedia":[{"embeddable":true,"href":"https:\/\/www.hashtag.al\/index.php\/wp-json\/wp\/v2\/media\/398599"}],"wp:attachment":[{"href":"https:\/\/www.hashtag.al\/index.php\/wp-json\/wp\/v2\/media?parent=398598"}],"wp:term":[{"taxonomy":"category","embeddable":true,"href":"https:\/\/www.hashtag.al\/index.php\/wp-json\/wp\/v2\/categories?post=398598"},{"taxonomy":"post_tag","embeddable":true,"href":"https:\/\/www.hashtag.al\/index.php\/wp-json\/wp\/v2\/tags?post=398598"}],"curies":[{"name":"wp","href":"https:\/\/api.w.org\/{rel}","templated":true}]}}