{"id":398595,"date":"2020-09-08T19:31:03","date_gmt":"2020-09-08T17:31:03","guid":{"rendered":"https:\/\/hashtag.al\/?p=398595"},"modified":"2020-09-08T19:31:03","modified_gmt":"2020-09-08T17:31:03","slug":"forcat-ushtarake-ruse-dhe-serbe-do-marrin-pjese-ne-stervitjet-ne-bjellorusi","status":"publish","type":"post","link":"https:\/\/www.hashtag.al\/index.php\/2020\/09\/08\/forcat-ushtarake-ruse-dhe-serbe-do-marrin-pjese-ne-stervitjet-ne-bjellorusi\/","title":{"rendered":"Forcat ushtarake ruse dhe serbe do marrin pjes\u00eb n\u00eb st\u00ebrvitjet n\u00eb Bjellorusi","gt_translate_keys":[{"key":"rendered","format":"text"}]},"content":{"rendered":"<p><img loading=\"lazy\" decoding=\"async\" class=\"aligncenter size-full wp-image-398596\" src=\"https:\/\/hashtag.al\/wp-content\/uploads\/2020\/09\/policia-bjelloruse.png\" alt=\"\" width=\"948\" height=\"387\" srcset=\"https:\/\/www.hashtag.al\/wp-content\/uploads\/2020\/09\/policia-bjelloruse.png 948w, https:\/\/www.hashtag.al\/wp-content\/uploads\/2020\/09\/policia-bjelloruse-300x122.png 300w, https:\/\/www.hashtag.al\/wp-content\/uploads\/2020\/09\/policia-bjelloruse-768x314.png 768w\" sizes=\"auto, (max-width: 948px) 100vw, 948px\" \/><\/p>\n<p><span style=\"color: #000000;\">Forcat ushtarake Bjelloruse, Ruse dhe Serbe do t\u00eb marrin pjes\u00eb n\u00eb st\u00ebrvitje t\u00eb p\u00ebrbashk\u00ebta ushtarake n\u00eb Bjellorusi, agjencia e lajmeve RIA citoi t\u00eb thoshte t\u00eb mart\u00ebn ministrin\u00eb e mbrojtjes t\u00eb Bjellorusis\u00eb.<\/span><\/p>\n<p><span style=\"color: #000000;\">Ai tha se forcat ruse dhe serbe do t\u00eb mb\u00ebrrinin n\u00eb Bjellorusi nga 10 n\u00eb 15 shtator, pa dh\u00ebn\u00eb holl\u00ebsi. Bjellorusia \u00ebsht\u00eb sulmuar nga protestat e p\u00ebrditshme masive q\u00eb kur presidenti i saj, Aleksand\u00ebr Lukashenko, pretendoi fitoren n\u00eb zgjedhjet e kontestuar muajin e kaluar, raporton Reuters.<\/span><\/p>\n","protected":false,"gt_translate_keys":[{"key":"rendered","format":"html"}]},"excerpt":{"rendered":"<p>Forcat ushtarake Bjelloruse, Ruse dhe Serbe do t\u00eb marrin pjes\u00eb n\u00eb st\u00ebrvitje t\u00eb p\u00ebrbashk\u00ebta ushtarake n\u00eb Bjellorusi, agjencia e lajmeve RIA citoi t\u00eb thoshte t\u00eb mart\u00ebn ministrin\u00eb e mbrojtjes t\u00eb Bjellorusis\u00eb. Ai tha se forcat ruse dhe serbe do t\u00eb mb\u00ebrrinin n\u00eb Bjellorusi nga 10 n\u00eb 15 shtator, pa dh\u00ebn\u00eb holl\u00ebsi. Bjellorusia \u00ebsht\u00eb sulmuar nga [&hellip;]<\/p>\n","protected":false,"gt_translate_keys":[{"key":"rendered","format":"html"}]},"author":32,"featured_media":398596,"comment_status":"open","ping_status":"open","sticky":false,"template":"","format":"standard","meta":{"footnotes":""},"categories":[6,13],"tags":[],"class_list":["post-398595","post","type-post","status-publish","format-standard","has-post-thumbnail","hentry","category-nderkombetare","category-te-fundit"],"gt_translate_keys":[{"key":"link","format":"url"}],"_links":{"self":[{"href":"https:\/\/www.hashtag.al\/index.php\/wp-json\/wp\/v2\/posts\/398595","targetHints":{"allow":["GET"]}}],"collection":[{"href":"https:\/\/www.hashtag.al\/index.php\/wp-json\/wp\/v2\/posts"}],"about":[{"href":"https:\/\/www.hashtag.al\/index.php\/wp-json\/wp\/v2\/types\/post"}],"author":[{"embeddable":true,"href":"https:\/\/www.hashtag.al\/index.php\/wp-json\/wp\/v2\/users\/32"}],"replies":[{"embeddable":true,"href":"https:\/\/www.hashtag.al\/index.php\/wp-json\/wp\/v2\/comments?post=398595"}],"version-history":[{"count":0,"href":"https:\/\/www.hashtag.al\/index.php\/wp-json\/wp\/v2\/posts\/398595\/revisions"}],"wp:featuredmedia":[{"embeddable":true,"href":"https:\/\/www.hashtag.al\/index.php\/wp-json\/wp\/v2\/media\/398596"}],"wp:attachment":[{"href":"https:\/\/www.hashtag.al\/index.php\/wp-json\/wp\/v2\/media?parent=398595"}],"wp:term":[{"taxonomy":"category","embeddable":true,"href":"https:\/\/www.hashtag.al\/index.php\/wp-json\/wp\/v2\/categories?post=398595"},{"taxonomy":"post_tag","embeddable":true,"href":"https:\/\/www.hashtag.al\/index.php\/wp-json\/wp\/v2\/tags?post=398595"}],"curies":[{"name":"wp","href":"https:\/\/api.w.org\/{rel}","templated":true}]}}