{"id":398593,"date":"2020-09-08T19:01:43","date_gmt":"2020-09-08T17:01:43","guid":{"rendered":"https:\/\/hashtag.al\/?p=398593"},"modified":"2020-09-08T19:01:43","modified_gmt":"2020-09-08T17:01:43","slug":"vetevendosja-nuk-do-respektoje-marreveshjen-e-firmosur-ne-uashington-kur-te-vije-ne-pushtet-konjufca","status":"publish","type":"post","link":"https:\/\/www.hashtag.al\/index.php\/2020\/09\/08\/vetevendosja-nuk-do-respektoje-marreveshjen-e-firmosur-ne-uashington-kur-te-vije-ne-pushtet-konjufca\/","title":{"rendered":"\u201cVet\u00ebvendosja nuk do respektoj\u00eb marr\u00ebveshjen e firmosur n\u00eb Uashington kur t\u00eb vij\u00eb n\u00eb pushtet\u201d-Konjufca","gt_translate_keys":[{"key":"rendered","format":"text"}]},"content":{"rendered":"<p><img loading=\"lazy\" decoding=\"async\" class=\"aligncenter size-full wp-image-355157\" src=\"https:\/\/hashtag.al\/wp-content\/uploads\/2020\/02\/Glauk-Konjufca.jpg\" alt=\"\" width=\"1024\" height=\"561\" srcset=\"https:\/\/www.hashtag.al\/wp-content\/uploads\/2020\/02\/Glauk-Konjufca.jpg 1024w, https:\/\/www.hashtag.al\/wp-content\/uploads\/2020\/02\/Glauk-Konjufca-300x164.jpg 300w, https:\/\/www.hashtag.al\/wp-content\/uploads\/2020\/02\/Glauk-Konjufca-768x421.jpg 768w\" sizes=\"auto, (max-width: 1024px) 100vw, 1024px\" \/><\/p>\n<p><span style=\"color: #000000;\">Marr\u00ebveshja e trepal\u00ebshe e arritur n\u00eb Sht\u00ebpin\u00eb e Bardh\u00eb mes Kosov\u00ebs dhe Serbis\u00eb e nd\u00ebrmjet\u00ebsuar nga Shtetet e Bashkuara t\u00eb Amerik\u00ebs me investimin personal edhe t\u00eb Presidentit Donald Trump, n\u00eb politik\u00ebn e Kosov\u00ebs nuk ka gjetur mb\u00ebshtetje te t\u00eb gjitha pal\u00ebt.<\/span><\/p>\n<p><span style=\"color: #000000;\">Nga L\u00ebvizja Vet\u00ebvendosje e kan\u00eb cil\u00ebsuar nj\u00eb marr\u00ebveshje t\u00eb gabuar dhe pik\u00ebrisht kan\u00eb kritikuar m\u00eb s\u00eb shumti pik\u00ebn ku prekej liqeni Ujmanit p\u00ebr shfryt\u00ebzim edhe nga shteti i Serbis\u00eb.<\/span><\/p>\n<p><span style=\"color: #000000;\">P\u00ebr k\u00ebt\u00eb, n\u00eb nj\u00eb deklarat\u00eb ish-ministri i Jasht\u00ebm i qeveris\u00eb Kurti, Glauk Konjufca theksoi se kryeministri Avdullah Hoti \u00ebsht\u00eb nj\u00eb i pap\u00ebrgjegjsh\u00ebm dhe i dha resurset si\u00e7 \u00ebsht\u00eb liqeni Ujmanit p\u00ebr Serbin\u00eb.<\/span><\/p>\n<p><span style=\"color: #000000;\">\u201c<em>P\u00ebr her\u00eb t\u00eb par\u00eb nj\u00eb kryeminist\u00ebr kaq i pap\u00ebrgjegjsh\u00ebm si Hoti u pajtua q\u00eb Ujmani t\u00eb jet\u00eb pjes\u00eb e negociatave me Serbin\u00eb edhe q\u00eb ai t\u00eb del n\u00eb tryez\u00ebn e dialogut. Vet\u00ebm nj\u00eb \u00ebnd\u00ebrr q\u00eb e ka qe sa vite Serbia q\u00eb nga pavar\u00ebsia e Kosov\u00ebs \u00ebsht\u00eb q\u00eb t\u00eb hiqet kufiri pa njohje nga Serbia, kjo \u00ebsht\u00eb \u00ebndrra e Serbis\u00eb p\u00ebr nj\u00eb dominim ekonomik tregtar p\u00ebr Kosov\u00ebn.<\/em><em> Ujmani e p\u00ebrb\u00ebn 70 p\u00ebrqind t\u00eb ujit ton\u00eb q\u00eb e posedon shteti i Kosov\u00ebs dhe p\u00ebr her\u00eb t\u00eb par\u00eb nj\u00eb kryeminist\u00ebr si Hoti u pajtua q\u00eb Ujmani t\u00eb jet\u00eb pjes\u00eb e negociatave me Serbin\u00eb dhe q\u00eb ai t\u00eb dal\u00eb n\u00eb tryez\u00ebn e dialogut. Ai q\u00eb mendon se mund t&#8217;i jap\u00eb resurse Serbis\u00eb ai e b\u00ebn nj\u00eb krim t\u00eb madh dhe kjo ndodhi tashm\u00eb\u201d-<\/em>deklaroi Konjufca.<\/span><\/p>\n<p><span style=\"color: #000000;\">Por deklarat\u00ebn m\u00eb t\u00eb fort\u00eb lidhur me marr\u00ebveshjen Konjufca e b\u00ebri kur tha se marr\u00ebveshjen e firmosur n\u00eb Uashington qeveria e Vet\u00ebvendosjes kur t\u00eb vij\u00eb n\u00eb pushtet nuk do e respektoj\u00eb.<\/span><\/p>\n<p><span style=\"color: #000000;\">\u201c<em>Kjo marr\u00ebveshje \u00ebsht\u00eb e d\u00ebmshme p\u00ebr Kosov\u00ebn. K\u00ebtyre marr\u00ebveshjeve qeverisja e ardhme nuk ka dhe nuk ndjen asnj\u00eb obligim q\u00eb t&#8217;u q\u00ebndroj\u00eb prapa, e as kompromiseve t\u00eb k\u00ebqija nga kryeministri jolegjitim Avdullah Hoti<\/em>\u201d-deklaroi Konjufca.<\/span><\/p>\n<p><span style=\"color: #000000;\">Nd\u00ebrsa deputetja e Vet\u00ebvendosjes Albulena Haxhiu deklaroi nga ana tjet\u00ebr se marr\u00ebveshja \u00ebsht\u00eb n\u00eb kund\u00ebrshtim me Kushtetut\u00ebn pasi n\u00eb pikat e saj \u00ebsht\u00eb hequr termi Republik\u00eb.<\/span><\/p>\n<p><span style=\"color: #000000;\">\u201c<em>Ata shkuan kinse p\u00ebr njohje nga Serbia dhe u pajtuan q\u00eb ta heqin termin \u201cRepublik\u00eb\u201d. Kjo marr\u00ebveshje \u00ebsht\u00eb n\u00eb kund\u00ebrshtim me nenin 4 t\u00eb Kushtetut\u00ebs n\u00eb t\u00eb cil\u00ebn \u00ebsht\u00eb p\u00ebrcaktuar qart\u00eb edhe forma e qeverisjes<\/em>\u201d-tha Albulena Haxhiu.\/<strong>Hashtag.al<\/strong><\/span><\/p>\n","protected":false,"gt_translate_keys":[{"key":"rendered","format":"html"}]},"excerpt":{"rendered":"<p>Marr\u00ebveshja e trepal\u00ebshe e arritur n\u00eb Sht\u00ebpin\u00eb e Bardh\u00eb mes Kosov\u00ebs dhe Serbis\u00eb e nd\u00ebrmjet\u00ebsuar nga Shtetet e Bashkuara t\u00eb Amerik\u00ebs me investimin personal edhe t\u00eb Presidentit Donald Trump, n\u00eb politik\u00ebn e Kosov\u00ebs nuk ka gjetur mb\u00ebshtetje te t\u00eb gjitha pal\u00ebt. Nga L\u00ebvizja Vet\u00ebvendosje e kan\u00eb cil\u00ebsuar nj\u00eb marr\u00ebveshje t\u00eb gabuar dhe pik\u00ebrisht kan\u00eb kritikuar [&hellip;]<\/p>\n","protected":false,"gt_translate_keys":[{"key":"rendered","format":"html"}]},"author":32,"featured_media":355157,"comment_status":"open","ping_status":"open","sticky":false,"template":"","format":"standard","meta":{"footnotes":""},"categories":[22,149,13],"tags":[],"class_list":["post-398593","post","type-post","status-publish","format-standard","has-post-thumbnail","hentry","category-ballina","category-kosoverajon","category-te-fundit"],"gt_translate_keys":[{"key":"link","format":"url"}],"_links":{"self":[{"href":"https:\/\/www.hashtag.al\/index.php\/wp-json\/wp\/v2\/posts\/398593","targetHints":{"allow":["GET"]}}],"collection":[{"href":"https:\/\/www.hashtag.al\/index.php\/wp-json\/wp\/v2\/posts"}],"about":[{"href":"https:\/\/www.hashtag.al\/index.php\/wp-json\/wp\/v2\/types\/post"}],"author":[{"embeddable":true,"href":"https:\/\/www.hashtag.al\/index.php\/wp-json\/wp\/v2\/users\/32"}],"replies":[{"embeddable":true,"href":"https:\/\/www.hashtag.al\/index.php\/wp-json\/wp\/v2\/comments?post=398593"}],"version-history":[{"count":0,"href":"https:\/\/www.hashtag.al\/index.php\/wp-json\/wp\/v2\/posts\/398593\/revisions"}],"wp:featuredmedia":[{"embeddable":true,"href":"https:\/\/www.hashtag.al\/index.php\/wp-json\/wp\/v2\/media\/355157"}],"wp:attachment":[{"href":"https:\/\/www.hashtag.al\/index.php\/wp-json\/wp\/v2\/media?parent=398593"}],"wp:term":[{"taxonomy":"category","embeddable":true,"href":"https:\/\/www.hashtag.al\/index.php\/wp-json\/wp\/v2\/categories?post=398593"},{"taxonomy":"post_tag","embeddable":true,"href":"https:\/\/www.hashtag.al\/index.php\/wp-json\/wp\/v2\/tags?post=398593"}],"curies":[{"name":"wp","href":"https:\/\/api.w.org\/{rel}","templated":true}]}}