{"id":398536,"date":"2020-09-08T15:55:41","date_gmt":"2020-09-08T13:55:41","guid":{"rendered":"https:\/\/hashtag.al\/?p=398536"},"modified":"2020-09-08T15:55:41","modified_gmt":"2020-09-08T13:55:41","slug":"18-viktima-nga-shembjet-ne-minieren-e-mermerit-ne-pakistan","status":"publish","type":"post","link":"https:\/\/www.hashtag.al\/index.php\/2020\/09\/08\/18-viktima-nga-shembjet-ne-minieren-e-mermerit-ne-pakistan\/","title":{"rendered":"18 viktima nga shembjet n\u00eb minier\u00ebn e mermerit n\u00eb Pakistan","gt_translate_keys":[{"key":"rendered","format":"text"}]},"content":{"rendered":"<p><img loading=\"lazy\" decoding=\"async\" class=\"aligncenter size-full wp-image-398537\" src=\"https:\/\/hashtag.al\/wp-content\/uploads\/2020\/09\/pakiminiere.jpg\" alt=\"\" width=\"864\" height=\"486\" srcset=\"https:\/\/www.hashtag.al\/wp-content\/uploads\/2020\/09\/pakiminiere.jpg 864w, https:\/\/www.hashtag.al\/wp-content\/uploads\/2020\/09\/pakiminiere-300x169.jpg 300w, https:\/\/www.hashtag.al\/wp-content\/uploads\/2020\/09\/pakiminiere-768x432.jpg 768w\" sizes=\"auto, (max-width: 864px) 100vw, 864px\" \/><\/p>\n<p><span style=\"color: #000000;\">Numri i t\u00eb vdekurve mes pun\u00ebtor\u00ebve nga shembja e nj\u00eb miniere mermeri t\u00eb shkaktuar nga rr\u00ebshqitjet e tok\u00ebs n\u00eb Pakistanin veriper\u00ebndimor u rrit n\u00eb 18, tha nj\u00eb zyrtar t\u00eb mart\u00ebn.<\/span><\/p>\n<p><span style=\"color: #000000;\">Incidenti ndodhi n\u00eb nj\u00eb zon\u00eb t\u00eb larg\u00ebt t\u00eb rrethit Mohmand, i tha Iftikhar Alam, n\u00ebnkomisar, Anadolu Agency p\u00ebrmes telefonit.<\/span><\/p>\n<p><span style=\"color: #000000;\"><em>&#8220;Deri m\u00eb tani, 18 trupa t\u00eb vdekur dhe shtat\u00eb njer\u00ebz t\u00eb plagosur jan\u00eb t\u00ebrhequr nga rr\u00ebnojat dhe operacioni i shp\u00ebtimit vazhdon n\u00eb zon\u00eb.&#8221;<\/em> &#8211; tha Alam.<\/span><\/p>\n<p><span style=\"color: #000000;\">Sipas vendasve, gjasht\u00eb miniera ishin shembur n\u00eb t\u00eb nj\u00ebjtin vend.<\/span><\/p>\n<p><span style=\"color: #000000;\"><em>&#8220;Dhjet\u00ebra pun\u00ebtor\u00eb po punonin atje kur ndodhi rr\u00ebshqitja e dheut, duke varrosur shumic\u00ebn e tyre.&#8221;<\/em> &#8211; \u00a0i tha Javid Iqbal, nj\u00eb banor vendas, Anadolu Agency p\u00ebrmes telefonit.<\/span><\/p>\n","protected":false,"gt_translate_keys":[{"key":"rendered","format":"html"}]},"excerpt":{"rendered":"<p>Numri i t\u00eb vdekurve mes pun\u00ebtor\u00ebve nga shembja e nj\u00eb miniere mermeri t\u00eb shkaktuar nga rr\u00ebshqitjet e tok\u00ebs n\u00eb Pakistanin veriper\u00ebndimor u rrit n\u00eb 18, tha nj\u00eb zyrtar t\u00eb mart\u00ebn. Incidenti ndodhi n\u00eb nj\u00eb zon\u00eb t\u00eb larg\u00ebt t\u00eb rrethit Mohmand, i tha Iftikhar Alam, n\u00ebnkomisar, Anadolu Agency p\u00ebrmes telefonit. &#8220;Deri m\u00eb tani, 18 trupa t\u00eb [&hellip;]<\/p>\n","protected":false,"gt_translate_keys":[{"key":"rendered","format":"html"}]},"author":51,"featured_media":398537,"comment_status":"open","ping_status":"open","sticky":false,"template":"","format":"standard","meta":{"footnotes":""},"categories":[6],"tags":[],"class_list":["post-398536","post","type-post","status-publish","format-standard","has-post-thumbnail","hentry","category-nderkombetare"],"gt_translate_keys":[{"key":"link","format":"url"}],"_links":{"self":[{"href":"https:\/\/www.hashtag.al\/index.php\/wp-json\/wp\/v2\/posts\/398536","targetHints":{"allow":["GET"]}}],"collection":[{"href":"https:\/\/www.hashtag.al\/index.php\/wp-json\/wp\/v2\/posts"}],"about":[{"href":"https:\/\/www.hashtag.al\/index.php\/wp-json\/wp\/v2\/types\/post"}],"author":[{"embeddable":true,"href":"https:\/\/www.hashtag.al\/index.php\/wp-json\/wp\/v2\/users\/51"}],"replies":[{"embeddable":true,"href":"https:\/\/www.hashtag.al\/index.php\/wp-json\/wp\/v2\/comments?post=398536"}],"version-history":[{"count":0,"href":"https:\/\/www.hashtag.al\/index.php\/wp-json\/wp\/v2\/posts\/398536\/revisions"}],"wp:featuredmedia":[{"embeddable":true,"href":"https:\/\/www.hashtag.al\/index.php\/wp-json\/wp\/v2\/media\/398537"}],"wp:attachment":[{"href":"https:\/\/www.hashtag.al\/index.php\/wp-json\/wp\/v2\/media?parent=398536"}],"wp:term":[{"taxonomy":"category","embeddable":true,"href":"https:\/\/www.hashtag.al\/index.php\/wp-json\/wp\/v2\/categories?post=398536"},{"taxonomy":"post_tag","embeddable":true,"href":"https:\/\/www.hashtag.al\/index.php\/wp-json\/wp\/v2\/tags?post=398536"}],"curies":[{"name":"wp","href":"https:\/\/api.w.org\/{rel}","templated":true}]}}