{"id":398534,"date":"2020-09-08T15:35:01","date_gmt":"2020-09-08T13:35:01","guid":{"rendered":"https:\/\/hashtag.al\/?p=398534"},"modified":"2020-09-08T15:48:23","modified_gmt":"2020-09-08T13:48:23","slug":"vasili-thirrje-qeverise-pakete-e-vecante-sherbimi-e-barna-falas-per-qytetaret-qe-kurohen-ne-banese-nga-covid-19","status":"publish","type":"post","link":"https:\/\/www.hashtag.al\/index.php\/2020\/09\/08\/vasili-thirrje-qeverise-pakete-e-vecante-sherbimi-e-barna-falas-per-qytetaret-qe-kurohen-ne-banese-nga-covid-19\/","title":{"rendered":"Vasili thirrje qeveris\u00eb: Paket\u00eb e ve\u00e7ant\u00eb sh\u00ebrbimi e barna falas p\u00ebr qytetar\u00ebt q\u00eb kurohen n\u00eb banes\u00eb nga Covid-19","gt_translate_keys":[{"key":"rendered","format":"text"}]},"content":{"rendered":"<p><img loading=\"lazy\" decoding=\"async\" class=\"aligncenter size-full wp-image-359249\" src=\"https:\/\/hashtag.al\/wp-content\/uploads\/2020\/03\/vasilipetrit.jpg\" alt=\"\" width=\"2048\" height=\"1386\" srcset=\"https:\/\/www.hashtag.al\/wp-content\/uploads\/2020\/03\/vasilipetrit.jpg 2048w, https:\/\/www.hashtag.al\/wp-content\/uploads\/2020\/03\/vasilipetrit-300x203.jpg 300w, https:\/\/www.hashtag.al\/wp-content\/uploads\/2020\/03\/vasilipetrit-768x520.jpg 768w, https:\/\/www.hashtag.al\/wp-content\/uploads\/2020\/03\/vasilipetrit-1024x693.jpg 1024w\" sizes=\"auto, (max-width: 2048px) 100vw, 2048px\" \/><\/p>\n<p><span style=\"color: #000000;\">N\u00ebnkryetari i LSI-s\u00eb, Vasili, i ka b\u00ebr\u00eb thirrje qeveris\u00eb q\u00eb t\u2019u ofroj\u00eb sh\u00ebrbimin falas e mjekim n\u00eb sht\u00ebpi pacient\u00ebve t\u00eb prekur nga Covid-19 q\u00eb nuk shtrohen n\u00eb spital por mjekohen n\u00eb banes\u00eb.<\/span><\/p>\n<p><span style=\"color: #000000;\"> N\u00eb nj\u00eb deklarat\u00eb nga selia e LSI-s\u00eb, Vasili tha se fokusi i Ministris\u00eb s\u00eb Sh\u00ebndet\u00ebsis\u00eb ishte qart\u00ebsisht larg k\u00ebtij grupi t\u00eb madh qytetar\u00ebsh t\u00eb prekur nga koronavirusi i ri e q\u00eb mjekohen n\u00eb banes\u00eb.<\/span><\/p>\n<p><span style=\"color: #000000;\"><em>\u201cMinistria e Sh\u00ebndet\u00ebsis\u00eb qart\u00ebsisht ka hequr fokusin dhe ka nxjerr\u00eb jasht\u00eb v\u00ebmendjes s\u00eb saj k\u00ebt\u00eb masivitet rastesh dhe \u00ebsht\u00eb p\u00ebrqendruar qoft\u00eb n\u00eb mb\u00ebshtetje, qoft\u00eb n\u00eb daljen mediatike, qoft\u00eb n\u00eb propagand\u00ebn mediatike vet\u00ebm n\u00eb QSUT. Sot n\u00eb Shqip\u00ebri ku 150 t\u00eb s\u00ebmur\u00eb n\u00eb dit\u00eb ekzaminohen me Covid, \u00ebsht\u00eb fare e qart\u00eb q\u00eb nj\u00eb num\u00ebr fare i vog\u00ebl i tyre shkon n\u00eb spitalet tona dhe dhjet\u00ebra e qindra t\u00eb tjer\u00eb vazhdojn\u00eb trajnimin e tyre n\u00eb banes\u00eb. Sot p\u00ebrpara t\u00eb gjith\u00eb shqiptar\u00ebve ekzistojn\u00eb dy probleme t\u00eb m\u00ebdha: problemi si duhet i k\u00ebtyre pacient\u00ebve n\u00eb banes\u00eb dhe e dyta, mund\u00ebsia e mbulimit me sh\u00ebrbim mjek\u00ebsor me barna dhe me t\u00eb gjitha shtesat e tjera mjek\u00ebsore q\u00eb i duhen nj\u00eb trajtimi t\u00eb plot\u00eb me Covid. \u00cbsht\u00eb fakt q\u00eb mjaft t\u00eb s\u00ebmur\u00eb kan\u00eb q\u00ebndruar p\u00ebr nj\u00eb koh\u00eb t\u00eb gjat\u00eb n\u00eb banes\u00eb pa pasur kujdesin e duhur sh\u00ebndet\u00ebsor, pa pasur nj\u00eb protokoll t\u00eb mir\u00ebfillt\u00eb mjek\u00ebsor dhe p\u00ebr pasoj\u00eb gjendja e tyre \u00ebsht\u00eb p\u00ebrkeq\u00ebsuar dhe ata kan\u00eb humbur jet\u00ebn e tyre duke ardhur n\u00eb spital n\u00eb nj\u00eb moment shum\u00eb t\u00eb von\u00eb, pothuajse t\u00eb pamundur p\u00ebr t\u2019u ndihmuar m\u00eb tej. Sot p\u00ebrpara t\u00eb gjith\u00eb opinionit publik \u00ebsht\u00eb nj\u00eb domosdoshm\u00ebri imperative, nj\u00eb detyrim shtet\u00ebror, nj\u00eb detyrim ligjor q\u00eb t\u00eb krijohet qendra e koordinimit p\u00ebr t\u00eb gjith\u00eb rastet me Covid pozitiv, t\u00eb cil\u00ebt trajtohen banes\u00eb.\u201d<\/em> \u2013 tha Vasili.<\/span><\/p>\n<p><span style=\"color: #000000;\">Ai e vijoi deklarat\u00ebn duke theksuar se p\u00ebr qytetar\u00ebt q\u00eb trajtohen n\u00eb banes\u00eb duhet t\u00eb krijohet nj\u00eb paket\u00eb sh\u00ebrbimi e ve\u00e7ant\u00eb e barnat e tyre t\u00eb paguhen nga shteti.<\/span><\/p>\n<p><span style=\"color: #000000;\"><em>\u201cT\u00eb krijohet paketa e sh\u00ebrbimit n\u00eb banes\u00eb p\u00ebr ta. Qoft\u00eb e kujdesit mjek\u00ebsor, ashtu dhe atij infermieror. T\u00eb sigurohet q\u00eb t\u00eb gjith\u00eb barnat q\u00eb p\u00ebrdorin k\u00ebta t\u00eb s\u00ebmur\u00eb me Covid t\u00eb jen\u00eb gratis dhe t\u00eb paguhen nga shteti pasi jemi n\u00eb nj\u00eb moment t\u00eb nj\u00eb gjendje t\u00eb jasht\u00ebzakonshme sh\u00ebndet\u00ebsore. Gjithashtu t\u00eb nd\u00ebrmerren t\u00eb gjitha hapat dhe t\u00eb miratohen parat\u00eb e duhura, paketat, mekanizmi shum\u00eb i shpejt, monitoruesi dhe implementuesi i p\u00ebrditsh\u00ebm q\u00eb k\u00ebto t\u00eb sigurohen pa asnj\u00eb pages\u00eb, ku gjithashtu t\u00eb parashikohet dhe rimbursimi i t\u00eb gjith\u00eb atyre pacient\u00ebve, t\u00eb cil\u00ebt jan\u00eb trajtuar n\u00eb banes\u00eb, e t\u00eb cil\u00ebve trajtimi n\u00eb banes\u00eb u ka kushtuar qimet e kok\u00ebs e n\u00eb shum\u00eb raste dhe me nj\u00eb p\u00ebrfundim fatal.\u201d<\/em> \u2013 shtoi Vasili.<\/span><\/p>\n<p>&nbsp;<\/p>\n","protected":false,"gt_translate_keys":[{"key":"rendered","format":"html"}]},"excerpt":{"rendered":"<p>N\u00ebnkryetari i LSI-s\u00eb, Vasili, i ka b\u00ebr\u00eb thirrje qeveris\u00eb q\u00eb t\u2019u ofroj\u00eb sh\u00ebrbimin falas e mjekim n\u00eb sht\u00ebpi pacient\u00ebve t\u00eb prekur nga Covid-19 q\u00eb nuk shtrohen n\u00eb spital por mjekohen n\u00eb banes\u00eb. N\u00eb nj\u00eb deklarat\u00eb nga selia e LSI-s\u00eb, Vasili tha se fokusi i Ministris\u00eb s\u00eb Sh\u00ebndet\u00ebsis\u00eb ishte qart\u00ebsisht larg k\u00ebtij grupi t\u00eb madh qytetar\u00ebsh [&hellip;]<\/p>\n","protected":false,"gt_translate_keys":[{"key":"rendered","format":"html"}]},"author":51,"featured_media":359249,"comment_status":"open","ping_status":"open","sticky":false,"template":"","format":"standard","meta":{"footnotes":""},"categories":[65,13],"tags":[],"class_list":["post-398534","post","type-post","status-publish","format-standard","has-post-thumbnail","hentry","category-lajme","category-te-fundit"],"gt_translate_keys":[{"key":"link","format":"url"}],"_links":{"self":[{"href":"https:\/\/www.hashtag.al\/index.php\/wp-json\/wp\/v2\/posts\/398534","targetHints":{"allow":["GET"]}}],"collection":[{"href":"https:\/\/www.hashtag.al\/index.php\/wp-json\/wp\/v2\/posts"}],"about":[{"href":"https:\/\/www.hashtag.al\/index.php\/wp-json\/wp\/v2\/types\/post"}],"author":[{"embeddable":true,"href":"https:\/\/www.hashtag.al\/index.php\/wp-json\/wp\/v2\/users\/51"}],"replies":[{"embeddable":true,"href":"https:\/\/www.hashtag.al\/index.php\/wp-json\/wp\/v2\/comments?post=398534"}],"version-history":[{"count":0,"href":"https:\/\/www.hashtag.al\/index.php\/wp-json\/wp\/v2\/posts\/398534\/revisions"}],"wp:featuredmedia":[{"embeddable":true,"href":"https:\/\/www.hashtag.al\/index.php\/wp-json\/wp\/v2\/media\/359249"}],"wp:attachment":[{"href":"https:\/\/www.hashtag.al\/index.php\/wp-json\/wp\/v2\/media?parent=398534"}],"wp:term":[{"taxonomy":"category","embeddable":true,"href":"https:\/\/www.hashtag.al\/index.php\/wp-json\/wp\/v2\/categories?post=398534"},{"taxonomy":"post_tag","embeddable":true,"href":"https:\/\/www.hashtag.al\/index.php\/wp-json\/wp\/v2\/tags?post=398534"}],"curies":[{"name":"wp","href":"https:\/\/api.w.org\/{rel}","templated":true}]}}