{"id":398315,"date":"2020-09-07T13:40:01","date_gmt":"2020-09-07T11:40:01","guid":{"rendered":"https:\/\/hashtag.al\/?p=398315"},"modified":"2020-09-07T13:35:12","modified_gmt":"2020-09-07T11:35:12","slug":"kqz-ja-e-re-zbulohen-emrat-e-dy-aplikanteve-te-pare","status":"publish","type":"post","link":"https:\/\/www.hashtag.al\/index.php\/2020\/09\/07\/kqz-ja-e-re-zbulohen-emrat-e-dy-aplikanteve-te-pare\/","title":{"rendered":"KQZ-ja e re, zbulohen emrat e dy aplikant\u00ebve t\u00eb par\u00eb","gt_translate_keys":[{"key":"rendered","format":"text"}]},"content":{"rendered":"<p><img loading=\"lazy\" decoding=\"async\" class=\"aligncenter size-full wp-image-398317\" src=\"https:\/\/hashtag.al\/wp-content\/uploads\/2020\/09\/kqz.jpg\" alt=\"\" width=\"512\" height=\"384\" srcset=\"https:\/\/www.hashtag.al\/wp-content\/uploads\/2020\/09\/kqz.jpg 512w, https:\/\/www.hashtag.al\/wp-content\/uploads\/2020\/09\/kqz-300x225.jpg 300w\" sizes=\"auto, (max-width: 512px) 100vw, 512px\" \/><\/p>\n<p><span style=\"color: #000000;\">Kreu i Kuvendit, Ru\u00e7i, ka k\u00ebrkuar dit\u00ebn e sotme ngritjen e Komisionit t\u00eb Posa\u00e7\u00ebm q\u00eb do t\u00eb zgjedh\u00eb 12 an\u00ebtar\u00ebt e rinj t\u00eb KQZ-s\u00eb. <\/span><\/p>\n<p><span style=\"color: #000000;\">Ai u ka d\u00ebrguar let\u00ebr t\u00eb gjitha partive politike n\u00eb vend duke p\u00ebrfshir\u00eb opozit\u00ebn jasht\u00ebparlamentare si dhe t\u00eb gjith\u00eb grupeve parlamentare q\u00eb t\u00eb sjellin propozimet e tyre p\u00ebr p\u00ebrfaq\u00ebsuesit e tyre n\u00eb k\u00ebt\u00eb komision. <\/span><\/p>\n<p><span style=\"color: #000000;\">Afati i fundit i dor\u00ebzimit t\u00eb emrave t\u00eb p\u00ebrfaq\u00ebsuesve n\u00eb komision \u00ebsht\u00eb data 9 shtator. Si\u00e7 raporton TCH, dy emrat e par\u00eb q\u00eb kan\u00eb aplikuar jan\u00eb Naim M\u00eb\u00e7alla p\u00ebr t\u00eb kat\u00ebr pozicionet\u00a0 e organeve t\u00eb reja t\u00eb KQZ-s\u00eb dhe Redinela Beqiraj p\u00ebr Komisionin e Ankimimit.<\/span><\/p>\n<p><span style=\"color: #000000;\">Konferenca e Kryetar\u00ebve vendosi q\u00eb seancat parlamentare do t\u00eb zhvillohen me pranin\u00eb fizike t\u00eb deputet\u00ebve duke respektuar masat anti-Covid, nd\u00ebrsa \u00ebsht\u00eb zgjatur orari i q\u00ebndrimit t\u00eb tyre n\u00eb sall\u00ebn e Kuvendit ku nga 2 or\u00eb, seancat do t\u00eb zhvillohen 4 or\u00eb.<\/span><\/p>\n","protected":false,"gt_translate_keys":[{"key":"rendered","format":"html"}]},"excerpt":{"rendered":"<p>Kreu i Kuvendit, Ru\u00e7i, ka k\u00ebrkuar dit\u00ebn e sotme ngritjen e Komisionit t\u00eb Posa\u00e7\u00ebm q\u00eb do t\u00eb zgjedh\u00eb 12 an\u00ebtar\u00ebt e rinj t\u00eb KQZ-s\u00eb. Ai u ka d\u00ebrguar let\u00ebr t\u00eb gjitha partive politike n\u00eb vend duke p\u00ebrfshir\u00eb opozit\u00ebn jasht\u00ebparlamentare si dhe t\u00eb gjith\u00eb grupeve parlamentare q\u00eb t\u00eb sjellin propozimet e tyre p\u00ebr p\u00ebrfaq\u00ebsuesit e tyre [&hellip;]<\/p>\n","protected":false,"gt_translate_keys":[{"key":"rendered","format":"html"}]},"author":51,"featured_media":398317,"comment_status":"open","ping_status":"open","sticky":false,"template":"","format":"standard","meta":{"footnotes":""},"categories":[65,13],"tags":[],"class_list":["post-398315","post","type-post","status-publish","format-standard","has-post-thumbnail","hentry","category-lajme","category-te-fundit"],"gt_translate_keys":[{"key":"link","format":"url"}],"_links":{"self":[{"href":"https:\/\/www.hashtag.al\/index.php\/wp-json\/wp\/v2\/posts\/398315","targetHints":{"allow":["GET"]}}],"collection":[{"href":"https:\/\/www.hashtag.al\/index.php\/wp-json\/wp\/v2\/posts"}],"about":[{"href":"https:\/\/www.hashtag.al\/index.php\/wp-json\/wp\/v2\/types\/post"}],"author":[{"embeddable":true,"href":"https:\/\/www.hashtag.al\/index.php\/wp-json\/wp\/v2\/users\/51"}],"replies":[{"embeddable":true,"href":"https:\/\/www.hashtag.al\/index.php\/wp-json\/wp\/v2\/comments?post=398315"}],"version-history":[{"count":0,"href":"https:\/\/www.hashtag.al\/index.php\/wp-json\/wp\/v2\/posts\/398315\/revisions"}],"wp:featuredmedia":[{"embeddable":true,"href":"https:\/\/www.hashtag.al\/index.php\/wp-json\/wp\/v2\/media\/398317"}],"wp:attachment":[{"href":"https:\/\/www.hashtag.al\/index.php\/wp-json\/wp\/v2\/media?parent=398315"}],"wp:term":[{"taxonomy":"category","embeddable":true,"href":"https:\/\/www.hashtag.al\/index.php\/wp-json\/wp\/v2\/categories?post=398315"},{"taxonomy":"post_tag","embeddable":true,"href":"https:\/\/www.hashtag.al\/index.php\/wp-json\/wp\/v2\/tags?post=398315"}],"curies":[{"name":"wp","href":"https:\/\/api.w.org\/{rel}","templated":true}]}}