{"id":398309,"date":"2020-09-07T13:51:50","date_gmt":"2020-09-07T11:51:50","guid":{"rendered":"https:\/\/hashtag.al\/?p=398309"},"modified":"2020-09-07T13:36:12","modified_gmt":"2020-09-07T11:36:12","slug":"telefonata-e-thacit-me-erdoganin-njohja-kosove-izrael-nuk-do-te-ndikoje-ne-marredheniet-me-turqine","status":"publish","type":"post","link":"https:\/\/www.hashtag.al\/index.php\/2020\/09\/07\/telefonata-e-thacit-me-erdoganin-njohja-kosove-izrael-nuk-do-te-ndikoje-ne-marredheniet-me-turqine\/","title":{"rendered":"Telefonata e Tha\u00e7it me Erdoganin: Njohja Kosov\u00eb- Izrael nuk do t\u00eb ndikoj\u00eb n\u00eb marr\u00ebdh\u00ebniet me Turqin\u00eb","gt_translate_keys":[{"key":"rendered","format":"text"}]},"content":{"rendered":"<p><a href=\"https:\/\/hashtag.al\/wp-content\/uploads\/2020\/09\/thaci-Erdogan.jpg\"><img loading=\"lazy\" decoding=\"async\" class=\"aligncenter size-full wp-image-398310\" src=\"https:\/\/hashtag.al\/wp-content\/uploads\/2020\/09\/thaci-Erdogan.jpg\" alt=\"\" width=\"750\" height=\"450\" srcset=\"https:\/\/www.hashtag.al\/wp-content\/uploads\/2020\/09\/thaci-Erdogan.jpg 750w, https:\/\/www.hashtag.al\/wp-content\/uploads\/2020\/09\/thaci-Erdogan-300x180.jpg 300w\" sizes=\"auto, (max-width: 750px) 100vw, 750px\" \/><\/a><\/p>\n<p><span style=\"color: #000000;\">Pas zhg\u00ebnjimit q\u00eb shfaqi Turqia p\u00ebr njohjen e e Kosov\u00ebs nga Izraeli, presidenti Tha\u00e7i ka folur n\u00eb nj\u00eb konferenc\u00eb p\u00ebr shtyp dhe ka nxjerrr\u00eb detaje nga telefonata me presidentin e Turqis\u00eb.<\/span><\/p>\n<p><span style=\"color: #000000;\">Duket se nuk ka asnj\u00eb problem n\u00eb k\u00ebt\u00eb \u00e7\u00ebshtje. Ai garanton se njohja e Kosov\u00ebs nga Izraeli nuk do t\u00eb jet\u00eb problem p\u00ebr marr\u00ebdh\u00ebnien v\u00ebllaz\u00ebrore Kosov\u00eb- Turqi.<\/span><\/p>\n<p><span style=\"color: #000000;\"><em>\u201dJam n\u00eb kontakt me Erdogan. Diskutova me telefon. Kjo njohje Izrael- Kosov\u00eb nuk do t\u00eb c\u00ebnoj\u00eb marr\u00ebdh\u00ebniet me Turqin\u00eb. Nuk do t\u00eb ket\u00eb probleme. Tani do t\u00eb kemi aleat\u00eb m\u00eb t\u00eb m\u00ebdhenj. Mbetet vet\u00ebm t\u00eb kemi marr\u00ebdh\u00ebnie institucionale m\u00eb produktive dhe efektive.\u201d<\/em>&#8211; tha Tha\u00e7i.<\/span><\/p>\n","protected":false,"gt_translate_keys":[{"key":"rendered","format":"html"}]},"excerpt":{"rendered":"<p>Pas zhg\u00ebnjimit q\u00eb shfaqi Turqia p\u00ebr njohjen e e Kosov\u00ebs nga Izraeli, presidenti Tha\u00e7i ka folur n\u00eb nj\u00eb konferenc\u00eb p\u00ebr shtyp dhe ka nxjerrr\u00eb detaje nga telefonata me presidentin e Turqis\u00eb. Duket se nuk ka asnj\u00eb problem n\u00eb k\u00ebt\u00eb \u00e7\u00ebshtje. Ai garanton se njohja e Kosov\u00ebs nga Izraeli nuk do t\u00eb jet\u00eb problem p\u00ebr marr\u00ebdh\u00ebnien [&hellip;]<\/p>\n","protected":false,"gt_translate_keys":[{"key":"rendered","format":"html"}]},"author":30,"featured_media":398310,"comment_status":"open","ping_status":"open","sticky":false,"template":"","format":"standard","meta":{"footnotes":""},"categories":[149],"tags":[],"class_list":["post-398309","post","type-post","status-publish","format-standard","has-post-thumbnail","hentry","category-kosoverajon"],"gt_translate_keys":[{"key":"link","format":"url"}],"_links":{"self":[{"href":"https:\/\/www.hashtag.al\/index.php\/wp-json\/wp\/v2\/posts\/398309","targetHints":{"allow":["GET"]}}],"collection":[{"href":"https:\/\/www.hashtag.al\/index.php\/wp-json\/wp\/v2\/posts"}],"about":[{"href":"https:\/\/www.hashtag.al\/index.php\/wp-json\/wp\/v2\/types\/post"}],"author":[{"embeddable":true,"href":"https:\/\/www.hashtag.al\/index.php\/wp-json\/wp\/v2\/users\/30"}],"replies":[{"embeddable":true,"href":"https:\/\/www.hashtag.al\/index.php\/wp-json\/wp\/v2\/comments?post=398309"}],"version-history":[{"count":0,"href":"https:\/\/www.hashtag.al\/index.php\/wp-json\/wp\/v2\/posts\/398309\/revisions"}],"wp:featuredmedia":[{"embeddable":true,"href":"https:\/\/www.hashtag.al\/index.php\/wp-json\/wp\/v2\/media\/398310"}],"wp:attachment":[{"href":"https:\/\/www.hashtag.al\/index.php\/wp-json\/wp\/v2\/media?parent=398309"}],"wp:term":[{"taxonomy":"category","embeddable":true,"href":"https:\/\/www.hashtag.al\/index.php\/wp-json\/wp\/v2\/categories?post=398309"},{"taxonomy":"post_tag","embeddable":true,"href":"https:\/\/www.hashtag.al\/index.php\/wp-json\/wp\/v2\/tags?post=398309"}],"curies":[{"name":"wp","href":"https:\/\/api.w.org\/{rel}","templated":true}]}}