{"id":398291,"date":"2020-09-07T12:13:28","date_gmt":"2020-09-07T10:13:28","guid":{"rendered":"https:\/\/hashtag.al\/?p=398291"},"modified":"2020-09-07T12:13:28","modified_gmt":"2020-09-07T10:13:28","slug":"rama-premton-rritje-te-pagave-per-mesuesit-dhe-shpetimin-e-tyre-prej-kthetrave-te-politikes","status":"publish","type":"post","link":"https:\/\/www.hashtag.al\/index.php\/2020\/09\/07\/rama-premton-rritje-te-pagave-per-mesuesit-dhe-shpetimin-e-tyre-prej-kthetrave-te-politikes\/","title":{"rendered":"Rama premton rritje t\u00eb pagave p\u00ebr m\u00ebsuesit dhe shp\u00ebtimin e tyre prej \u201ckthetrave t\u00eb politik\u00ebs\u201d","gt_translate_keys":[{"key":"rendered","format":"text"}]},"content":{"rendered":"<p><a href=\"https:\/\/hashtag.al\/wp-content\/uploads\/2020\/09\/EDI-1.jpg\"><img loading=\"lazy\" decoding=\"async\" class=\"aligncenter size-full wp-image-398292\" src=\"https:\/\/hashtag.al\/wp-content\/uploads\/2020\/09\/EDI-1.jpg\" alt=\"\" width=\"902\" height=\"502\" srcset=\"https:\/\/www.hashtag.al\/wp-content\/uploads\/2020\/09\/EDI-1.jpg 902w, https:\/\/www.hashtag.al\/wp-content\/uploads\/2020\/09\/EDI-1-300x167.jpg 300w, https:\/\/www.hashtag.al\/wp-content\/uploads\/2020\/09\/EDI-1-768x427.jpg 768w\" sizes=\"auto, (max-width: 902px) 100vw, 902px\" \/><\/a><\/p>\n<p><span style=\"color: #000000;\">Gjat\u00eb nj\u00eb takimi sot me m\u00ebsuesit t\u00eb cil\u00ebt kan\u00eb punuar n\u00eb koh\u00eb karantine n\u00eb \u201cRTSH Shkolla\u201d kryeministri ka th\u00ebn\u00eb se pas mjek\u00ebve do t\u00eb ket\u00eb rritje pagash p\u00ebr m\u00ebsuesit.<\/span><\/p>\n<p><span style=\"color: #000000;\"><em>\u201cDo t\u00eb b\u00ebjm\u00eb nj\u00eb rritje t\u00eb re pagash edhe p\u00ebr m\u00ebsuesit, ashtu si p\u00ebr mjek\u00ebt, dhe kjo do t\u00eb b\u00ebhet shum\u00eb shpejt, besoj me buxhetin e ri. Kjo besoj se \u00ebsht\u00eb shum\u00eb e merituar, dhe ne duhet t\u00eb b\u00ebjm\u00eb m\u00eb shum\u00eb se sa p\u00ebr t\u00ebr\u00ebsin\u00eb\u201d<\/em>, tha Rama.<\/span><\/p>\n<p><span style=\"color: #000000;\">Gjithashtu kryeministri tha se m\u00ebsuesit jan\u00eb hequr nga \u201ckthetrat e politik\u00ebs\u201d gj\u00eb q\u00eb do t\u00eb thot\u00eb se ata nuk preken m\u00eb nga korrupsioni apo t\u00eb hiqen nga puna padrejt\u00ebsisht.<\/span><\/p>\n<p><span style=\"color: #000000;\"><em>\u201cKemi garantuar se m\u00ebsuesit nuk hiqen si\u00e7 fryn era, nuk hidhen nga nj\u00eb shkoll\u00eb n\u00eb nj\u00eb zon\u00eb, n\u00eb nj\u00eb zon\u00eb tjet\u00ebr, sipas ryshfeteve apo njohjeve politike. Tani rekrutimi i m\u00ebsuesve b\u00ebhet mbi baza, sipas portalit. Po mbyllim nj\u00eb plag\u00eb shum\u00eb t\u00eb madhe, at\u00eb t\u00eb politizimit ekstrem t\u00eb kuadrit t\u00eb m\u00ebsimdh\u00ebnies. Duhen frenuar pasojat e k\u00ebsaj, q\u00eb binin mbi gra, n\u00ebna e baballar\u00eb, q\u00eb pa kuptuar e gjenin veten t\u00eb hedhur nga vendi i pun\u00ebs\u201d<\/em>, u shpreh ai.<\/span><\/p>\n","protected":false,"gt_translate_keys":[{"key":"rendered","format":"html"}]},"excerpt":{"rendered":"<p>Gjat\u00eb nj\u00eb takimi sot me m\u00ebsuesit t\u00eb cil\u00ebt kan\u00eb punuar n\u00eb koh\u00eb karantine n\u00eb \u201cRTSH Shkolla\u201d kryeministri ka th\u00ebn\u00eb se pas mjek\u00ebve do t\u00eb ket\u00eb rritje pagash p\u00ebr m\u00ebsuesit. \u201cDo t\u00eb b\u00ebjm\u00eb nj\u00eb rritje t\u00eb re pagash edhe p\u00ebr m\u00ebsuesit, ashtu si p\u00ebr mjek\u00ebt, dhe kjo do t\u00eb b\u00ebhet shum\u00eb shpejt, besoj me buxhetin e [&hellip;]<\/p>\n","protected":false,"gt_translate_keys":[{"key":"rendered","format":"html"}]},"author":30,"featured_media":398292,"comment_status":"open","ping_status":"open","sticky":false,"template":"","format":"standard","meta":{"footnotes":""},"categories":[65,13],"tags":[],"class_list":["post-398291","post","type-post","status-publish","format-standard","has-post-thumbnail","hentry","category-lajme","category-te-fundit"],"gt_translate_keys":[{"key":"link","format":"url"}],"_links":{"self":[{"href":"https:\/\/www.hashtag.al\/index.php\/wp-json\/wp\/v2\/posts\/398291","targetHints":{"allow":["GET"]}}],"collection":[{"href":"https:\/\/www.hashtag.al\/index.php\/wp-json\/wp\/v2\/posts"}],"about":[{"href":"https:\/\/www.hashtag.al\/index.php\/wp-json\/wp\/v2\/types\/post"}],"author":[{"embeddable":true,"href":"https:\/\/www.hashtag.al\/index.php\/wp-json\/wp\/v2\/users\/30"}],"replies":[{"embeddable":true,"href":"https:\/\/www.hashtag.al\/index.php\/wp-json\/wp\/v2\/comments?post=398291"}],"version-history":[{"count":0,"href":"https:\/\/www.hashtag.al\/index.php\/wp-json\/wp\/v2\/posts\/398291\/revisions"}],"wp:featuredmedia":[{"embeddable":true,"href":"https:\/\/www.hashtag.al\/index.php\/wp-json\/wp\/v2\/media\/398292"}],"wp:attachment":[{"href":"https:\/\/www.hashtag.al\/index.php\/wp-json\/wp\/v2\/media?parent=398291"}],"wp:term":[{"taxonomy":"category","embeddable":true,"href":"https:\/\/www.hashtag.al\/index.php\/wp-json\/wp\/v2\/categories?post=398291"},{"taxonomy":"post_tag","embeddable":true,"href":"https:\/\/www.hashtag.al\/index.php\/wp-json\/wp\/v2\/tags?post=398291"}],"curies":[{"name":"wp","href":"https:\/\/api.w.org\/{rel}","templated":true}]}}