{"id":398188,"date":"2020-09-06T20:25:28","date_gmt":"2020-09-06T18:25:28","guid":{"rendered":"https:\/\/hashtag.al\/?p=398188"},"modified":"2020-09-06T20:25:28","modified_gmt":"2020-09-06T18:25:28","slug":"kosova-kerkon-fitoren-ndaj-greqise-publikohen-formacionet-e-mundshme","status":"publish","type":"post","link":"https:\/\/www.hashtag.al\/index.php\/2020\/09\/06\/kosova-kerkon-fitoren-ndaj-greqise-publikohen-formacionet-e-mundshme\/","title":{"rendered":"Kosova k\u00ebrkon fitoren ndaj Greqis\u00eb, publikohen formacionet e mundshme","gt_translate_keys":[{"key":"rendered","format":"text"}]},"content":{"rendered":"<p><img loading=\"lazy\" decoding=\"async\" class=\"aligncenter size-full wp-image-398190\" src=\"https:\/\/hashtag.al\/wp-content\/uploads\/2020\/09\/kosova-1.jpg\" alt=\"\" width=\"1000\" height=\"674\" srcset=\"https:\/\/www.hashtag.al\/wp-content\/uploads\/2020\/09\/kosova-1.jpg 1000w, https:\/\/www.hashtag.al\/wp-content\/uploads\/2020\/09\/kosova-1-300x202.jpg 300w, https:\/\/www.hashtag.al\/wp-content\/uploads\/2020\/09\/kosova-1-768x518.jpg 768w\" sizes=\"auto, (max-width: 1000px) 100vw, 1000px\" \/><\/p>\n<p><span style=\"color: #000000;\">Pas barazimit n\u00eb ndeshjen e par\u00eb n\u00eb grup t\u00eb Lig\u00ebs s\u00eb Kombeve n\u00eb fush\u00ebn e Moldavis\u00eb, Kosova pret sot n\u00eb mbr\u00ebmjen n\u00eb fush\u00ebn e saj Greqin\u00eb n\u00eb ndeshjen e dyt\u00eb. <\/span><\/p>\n<p><span style=\"color: #000000;\">Edhe komb\u00ebtarja mike e nisi me barazim faz\u00ebn n\u00eb grupe duke marr\u00eb nj\u00eb pik\u00eb n\u00eb transfert\u00eb ndaj Sllovenis\u00eb e sot k\u00ebrkon di\u00e7ka m\u00eb shum\u00eb. <\/span><\/p>\n<p><span style=\"color: #000000;\">P\u00ebr sfid\u00ebn e sotme, trajneri i Kosov\u00ebs, Challandes nuk ka asnj\u00eb munges\u00eb t\u00eb r\u00ebnd\u00ebsishme k\u00ebshtu q\u00eb do hedh\u00eb n\u00eb fush\u00eb formacionin m\u00eb t\u00eb mir\u00eb t\u00eb mundsh\u00ebm.<\/span><\/p>\n<p><span style=\"color: #000000;\"><strong>Formacionet e mundshme<\/strong><\/span><\/p>\n<p><span style=\"color: #000000;\">Kosova: Ujkani \u2013 Hadergjonaj, Aliti, Halimi, Rrahmani \u2013 Zeneli, Rrahmani, Celina, Berisha, Dresevic \u2013 Nuhiu<\/span><\/p>\n<p><span style=\"color: #000000;\">Greqia: Barkas \u2013 Bakakis, Stafylidis, Zeca, Koulouris \u2013 Fortounis, Bakasetas, Limnios, Svarnas \u2013 Kourbelis, Giannoulis<\/span><\/p>\n","protected":false,"gt_translate_keys":[{"key":"rendered","format":"html"}]},"excerpt":{"rendered":"<p>Pas barazimit n\u00eb ndeshjen e par\u00eb n\u00eb grup t\u00eb Lig\u00ebs s\u00eb Kombeve n\u00eb fush\u00ebn e Moldavis\u00eb, Kosova pret sot n\u00eb mbr\u00ebmjen n\u00eb fush\u00ebn e saj Greqin\u00eb n\u00eb ndeshjen e dyt\u00eb. Edhe komb\u00ebtarja mike e nisi me barazim faz\u00ebn n\u00eb grupe duke marr\u00eb nj\u00eb pik\u00eb n\u00eb transfert\u00eb ndaj Sllovenis\u00eb e sot k\u00ebrkon di\u00e7ka m\u00eb shum\u00eb. P\u00ebr [&hellip;]<\/p>\n","protected":false,"gt_translate_keys":[{"key":"rendered","format":"html"}]},"author":51,"featured_media":398190,"comment_status":"open","ping_status":"open","sticky":false,"template":"","format":"standard","meta":{"footnotes":""},"categories":[134],"tags":[],"class_list":["post-398188","post","type-post","status-publish","format-standard","has-post-thumbnail","hentry","category-sport"],"gt_translate_keys":[{"key":"link","format":"url"}],"_links":{"self":[{"href":"https:\/\/www.hashtag.al\/index.php\/wp-json\/wp\/v2\/posts\/398188","targetHints":{"allow":["GET"]}}],"collection":[{"href":"https:\/\/www.hashtag.al\/index.php\/wp-json\/wp\/v2\/posts"}],"about":[{"href":"https:\/\/www.hashtag.al\/index.php\/wp-json\/wp\/v2\/types\/post"}],"author":[{"embeddable":true,"href":"https:\/\/www.hashtag.al\/index.php\/wp-json\/wp\/v2\/users\/51"}],"replies":[{"embeddable":true,"href":"https:\/\/www.hashtag.al\/index.php\/wp-json\/wp\/v2\/comments?post=398188"}],"version-history":[{"count":0,"href":"https:\/\/www.hashtag.al\/index.php\/wp-json\/wp\/v2\/posts\/398188\/revisions"}],"wp:featuredmedia":[{"embeddable":true,"href":"https:\/\/www.hashtag.al\/index.php\/wp-json\/wp\/v2\/media\/398190"}],"wp:attachment":[{"href":"https:\/\/www.hashtag.al\/index.php\/wp-json\/wp\/v2\/media?parent=398188"}],"wp:term":[{"taxonomy":"category","embeddable":true,"href":"https:\/\/www.hashtag.al\/index.php\/wp-json\/wp\/v2\/categories?post=398188"},{"taxonomy":"post_tag","embeddable":true,"href":"https:\/\/www.hashtag.al\/index.php\/wp-json\/wp\/v2\/tags?post=398188"}],"curies":[{"name":"wp","href":"https:\/\/api.w.org\/{rel}","templated":true}]}}