{"id":398022,"date":"2020-09-05T18:01:53","date_gmt":"2020-09-05T16:01:53","guid":{"rendered":"https:\/\/hashtag.al\/?p=398022"},"modified":"2020-09-05T18:01:53","modified_gmt":"2020-09-05T16:01:53","slug":"rama-hoti-permbylli-me-sukses-perpjekjet-e-mundimshme-te-tradhtarit-te-kombit-hashim-thaci","status":"publish","type":"post","link":"https:\/\/www.hashtag.al\/index.php\/2020\/09\/05\/rama-hoti-permbylli-me-sukses-perpjekjet-e-mundimshme-te-tradhtarit-te-kombit-hashim-thaci\/","title":{"rendered":"Rama: Hoti p\u00ebrmbylli me sukses p\u00ebrpjekjet e mundimshme t\u00eb \u201ctradhtarit t\u00eb kombit\u201d Hashim Tha\u00e7i","gt_translate_keys":[{"key":"rendered","format":"text"}]},"content":{"rendered":"<p><img loading=\"lazy\" decoding=\"async\" class=\"aligncenter size-full wp-image-396121\" src=\"https:\/\/hashtag.al\/wp-content\/uploads\/2020\/08\/edi-rama.jpg\" alt=\"\" width=\"1400\" height=\"933\" srcset=\"https:\/\/www.hashtag.al\/wp-content\/uploads\/2020\/08\/edi-rama.jpg 1400w, https:\/\/www.hashtag.al\/wp-content\/uploads\/2020\/08\/edi-rama-300x200.jpg 300w, https:\/\/www.hashtag.al\/wp-content\/uploads\/2020\/08\/edi-rama-768x512.jpg 768w, https:\/\/www.hashtag.al\/wp-content\/uploads\/2020\/08\/edi-rama-1024x682.jpg 1024w\" sizes=\"auto, (max-width: 1400px) 100vw, 1400px\" \/><\/p>\n<p><span style=\"color: #000000;\">Kryeministri Edi Rama ka reaguar s\u00ebrish p\u00ebr marr\u00ebveshjen e n\u00ebnshkruar dit\u00ebn e djeshme n\u00eb Uashington mes Serbis\u00eb dhe Kosov\u00ebs.<\/span><\/p>\n<p><span style=\"color: #000000;\">Rama n\u00eb shkrimin e tij t\u00eb gjat\u00eb shprehet i k\u00ebnaqur q\u00eb jan\u00eb r\u00ebn\u00eb dakord p\u00ebr ato pika nd\u00ebrsa nuk len pa thumbuar edhe kritik\u00ebt e tij apo Tha\u00e7it.<\/span><\/p>\n<p><span style=\"color: #000000;\">Kryeministri shprehet i k\u00ebnaqur q\u00eb edhe Kosova do b\u00ebhet pjes\u00eb e shengenit rajonal ballkanik p\u00ebr t\u00eb cilin Prishtina zyrtare me qeverit\u00eb e m\u00ebparshme nuk kishte marr\u00eb pjes\u00eb n\u00eb asnj\u00eb takim.<\/span><\/p>\n<p><span style=\"color: #000000;\">Nd\u00ebrsa p\u00ebr rrug\u00ebn Nish-Prishtin\u00eb-Durr\u00ebs ai e quan si t\u00eb r\u00ebnd\u00ebsishme dhe pjes\u00eb e Procesit t\u00eb Berlinit.<\/span><\/p>\n<p><span style=\"color: #000000;\"><strong>Postimi i plot\u00eb:<\/strong><\/span><\/p>\n<p><span style=\"color: #000000;\">Dje Kosova firmosi nj\u00eb marr\u00ebveshje t\u00eb re me Serbin\u00eb. Bukur!<\/span><\/p>\n<p><span style=\"color: #000000;\">\u00c7do komunikim, takim, marr\u00ebveshje drejt paqes p\u00ebrfundimtare, mes dy vendesh q\u00eb e kan\u00eb mbaruar luft\u00ebn mesveti, \u00ebsht\u00eb n\u00eb vetvete di\u00e7ka pozitive. T\u00eb komunikosh me armikun nuk \u00ebsht\u00eb asnj\u00ebher\u00eb e gabuar n\u00eb vetvete; as n\u00eb mes t\u00eb luft\u00ebs, kur kjo \u00ebsht\u00eb e nevojshme dhe e mundur. E gabuar n\u00eb vetvete \u00ebsht\u00eb t\u00eb mos komunikosh kur e k\u00ebrkon nevoja dhe krijohet mund\u00ebsia. Nd\u00ebrsa t\u00eb mos komunikosh e t\u00eb mos takohesh dhe madje t\u00eb predikosh t\u00eb kund\u00ebrt\u00ebn, e t\u00eb etiketosh si tradh\u00ebtar\u00eb ata q\u00eb e b\u00ebjn\u00eb k\u00ebt\u00eb, kur lufta ka mbaruar e kur armiku i deridjesh\u00ebm \u00ebsht\u00eb fqinji i sot\u00ebm e i nes\u00ebrm me t\u00eb cilin ende s&#8217;ke mbyllur hesapet e paqes, kjo \u00ebsht\u00eb jo thjesht e gabuar! \u00cbsht\u00eb e fajshme.<\/span><\/p>\n<p><span style=\"color: #000000;\">Nuk e kam dyshuar asnj\u00eb \u00e7ast q\u00eb do t\u00eb vinte dita q\u00eb Kosova do ta pranonte &#8220;Minishengin&#8221; e ashtuquajtur &#8211; p\u00ebr mua \u00ebsht\u00eb Shengen Rajonal, aspak &#8220;mini&#8221;! M\u00eb ka &#8220;lodhur&#8221; vet\u00ebm refuzimi i pafund\u00ebm, koha e humbur kot me shumic\u00eb, kompleksimi i d\u00ebmsh\u00ebm i faktor\u00ebve racional\u00eb n\u00eb politik\u00ebn e Kosov\u00ebs; t\u00eb cil\u00ebt u struk\u00ebn brenda guack\u00ebs s\u00eb absurdit t\u00eb krijuar nga fansat e turbofolk-nacionalizmit provincial, q\u00eb e futi Kosov\u00ebn n\u00eb nj\u00eb rrug\u00eb qorre defaktorizimi nd\u00ebrkomb\u00ebtar e ftohjeje me aleat\u00ebt e saj m\u00eb t\u00eb m\u00ebdhenj, sidomos Shtetet e Bashkuara t\u00eb Amerik\u00ebs dhe Gjermanin\u00eb. Humb\u00ebm jo vet\u00ebm koh\u00eb e reputacion, me at\u00eb taks\u00ebn e famshme q\u00eb do gjunj\u00ebzonte Serbin\u00eb dhe q\u00eb u kthye n\u00eb gjob\u00eb e loj\u00ebs s\u00eb brendshme elektorale duke plagosur Kosov\u00ebn, po humb\u00ebm edhe shanse q\u00eb s&#8217;p\u00ebrs\u00ebriten n\u00eb ndeshjen politike e diplomatike me Serbin\u00eb.<\/span><\/p>\n<p><span style=\"color: #000000;\">Them humb\u00ebm n\u00eb numrin shum\u00ebs, sepse un\u00eb nuk e ndaj dot Kosov\u00ebn nga Shqip\u00ebria, sidomos kur vjen puna tek ajo ndeshje, ku autogolat e dy qeverive t\u00eb m\u00ebparshme t\u00eb Kosov\u00ebs kan\u00eb qen\u00eb nj\u00ebri m\u00eb spektakolar se tjetri. Dhe ku Serbia u kthye n\u00eb arm\u00eb n\u00eb duart e turbofolk-nacionalist\u00ebve t\u00eb Prishtin\u00ebs, q\u00eb bashk\u00eb me ca aleat\u00eb gjysmagjela n\u00eb Tiran\u00eb gjuanin ajrin, duke helmuar e \u00e7oroditur njer\u00ebzit medemek n\u00eb mbrojtje t\u00eb kufijve, po n\u00eb fakt vet\u00ebm p\u00ebr t\u00eb sunduar brenda kufijve! Asisoj Beogradi mbeti i pasfiduar realisht p\u00ebr t\u00eb avancuar n\u00eb procesin e normalizimit drejt paqes p\u00ebrfundimtare, nd\u00ebrkoh\u00eb q\u00eb Prishtina u b\u00eb teatri i nj\u00eb lufte vulgare p\u00ebr pushtet, mes &#8220;patriot\u00ebve&#8221; dhe &#8220;tradh\u00ebtar\u00ebve&#8221;, n\u00eb da\u00e7 atje e n\u00eb da\u00e7 n\u00eb Tiran\u00eb. \u00c7far\u00eb humori i zi me njer\u00ebzit e sidomos me zgjedh\u00ebsit n\u00eb Kosov\u00eb!<\/span><\/p>\n<p><span style=\"color: #000000;\">E lexova me v\u00ebmendje marr\u00ebveshjen e n\u00ebnshkruar n\u00eb Zyr\u00ebn Ovale dhe p\u00ebrtej k\u00ebnaq\u00ebsis\u00eb q\u00eb u arrit, fal\u00eb p\u00ebrfshirjes s\u00eb Shteteve t\u00eb Bashkuara &#8211; si edhe p\u00ebrtej lajmit fantastik t\u00eb njohjes s\u00eb Kosov\u00ebs nga Izraeli (fort e r\u00ebnd\u00ebsishme e me rrjedhime potenciale shum\u00eb kuptimplota p\u00ebr ata q\u00eb din\u00eb ta lexojn\u00eb k\u00ebt\u00eb fakt) &#8211; kam ndjesin\u00eb e hidhur t\u00eb faktit se \u00e7ka \u00ebsht\u00eb firmosur dje, s&#8217;ka asgj\u00eb q\u00eb nuk \u00ebsht\u00eb pjes\u00eb e planit t\u00eb kahersh\u00ebm p\u00ebr Shengenin Rajonal, rrjedhoj\u00eb logjike e procesit t\u00eb Berlinit, nd\u00ebrkoh\u00eb q\u00eb koha e humbur deri dje \u00ebsht\u00eb rr\u00ebnqeth\u00ebse. Inshallah t\u00eb ket\u00eb mbaruar me kaq vrasja e pam\u00ebshirshme e saj, po kam frik\u00eb se jo dhe inshallah ta kem gabim!<\/span><\/p>\n<p><span style=\"color: #000000;\">Ajo q\u00eb n\u00eb shqip u damkos me vite si tradh\u00ebti komb\u00ebtare, n\u00eb anglisht u kthye brenda nj\u00eb dite n\u00eb arritje historike. Lexova pik\u00ebn e marr\u00ebveshjes ku flitet p\u00ebr nj\u00eb infrastruktur\u00ebn tok\u00ebsore q\u00eb do t\u00eb nxjerr\u00eb Serbin\u00eb dhe Kosov\u00ebn n\u00eb nj\u00eb port t\u00eb thell\u00eb n\u00eb Adriatik. N\u00eb Durr\u00ebs i bie, sepse \u00ebsht\u00eb llafi p\u00ebr at\u00eb rrug\u00ebn Nish &#8211; Prishtin\u00eb &#8211; Durr\u00ebs, q\u00eb Saliu e ka pag\u00ebzuar si rruga e turpit t\u00eb tradh\u00ebtis\u00eb s\u00eb Edvinit! Ajo rrug\u00eb ka qen\u00eb n\u00eb tryez\u00ebn e \u00e7do raundi t\u00eb Procesit t\u00eb Berlinit, madje Albini pat kujtuar se dol\u00ebn n\u00eb shesh hartat e ndarjes s\u00eb Kosov\u00ebs, kur pa nj\u00eb foto nga Berlini ku ishte Kancelarja e Gjermanis\u00eb, Hashimi, Presidenti i Serbis\u00eb dhe un\u00eb duke par\u00eb vij\u00ebn e asaj rruge mbi nj\u00eb hart\u00eb t\u00eb Ballkanit Per\u00ebndimor!<\/span><\/p>\n<p><span style=\"color: #000000;\">Tani hajde ma thoni, si t\u00eb mos m\u00eb kujtohet mua q\u00eb kur Aleksand\u00ebr Vuqiqi erdhi n\u00eb Durr\u00ebs pas t\u00ebrmetit, m&#8217;u turr\u00ebn e m\u00eb b\u00ebn\u00eb Esad Pash\u00eb q\u00eb nxorra Serbin\u00eb n\u00eb det, nd\u00ebrsa sot q\u00eb &#8220;Minishengeni&#8221; n\u00eb tok\u00eb, det dhe aj\u00ebr \u00ebsht\u00eb bekuar n\u00eb Sht\u00ebpin\u00eb e Bardh\u00eb, shumica e damkos\u00ebsve p\u00ebrsh\u00ebndesin marr\u00ebveshjen, madje edhe vet\u00eb puseta digjitale sb nuk b\u00ebzan(?)!<\/span><\/p>\n<p><span style=\"color: #000000;\">S&#8217;ka asnj\u00eb problem p\u00ebr mua personalisht kuptohet, e kam m\u00ebsuar q\u00eb n\u00eb k\u00ebsi rastesh, kur tregon me gisht h\u00ebn\u00ebn &#8220;patriot\u00ebt&#8221; i turren gishtit! Po k\u00ebtu ka nj\u00eb problem t\u00eb madh, shum\u00eb t\u00eb madh, me NE, Shqip\u00ebrin\u00eb dhe Kosov\u00ebn bashk\u00eb, ku i paguajm\u00eb kosto t\u00eb tmerrshme politik\u00ebs s\u00eb posht\u00ebr t\u00eb ca bajraktar\u00ebve hileqar\u00eb, k\u00ebtej e andej bjeshk\u00ebve, t\u00eb cil\u00ebt p\u00ebr delirin e tyre t\u00eb madh\u00ebshtis\u00eb dhe etjen e tyre p\u00ebr pushtet, helmojn\u00eb popullin papushim me gjuh\u00ebn e urrejtjes, akuzat e p\u00ebrbindshme, shpifjet e pambarimta, duke pozuar si patriot\u00eb t\u00eb zjarrt\u00eb e duke ndjezur p\u00ebrdit\u00eb zjarrin e dasis\u00eb mes shqiptar\u00ebve! Dhe problemin e b\u00ebn t\u00eb madh fakti se r\u00ebndom n\u00eb kurthin e gjuh\u00ebs s\u00eb k\u00ebtyre hipokrit\u00ebve t\u00eb pafre, bien plot shqiptar\u00eb t\u00eb sinqert\u00eb, t\u00eb cil\u00ebt nj\u00eb Zot e di se kur do t&#8217;a m\u00ebsojn\u00eb er\u00ebn e k\u00ebtyre leckave t\u00eb djegura, q\u00eb i djegin kaq shum\u00eb energji dhe koh\u00eb t\u00eb \u00e7muar Kosov\u00ebs, Shqip\u00ebris\u00eb, kombit shqiptar.<\/span><\/p>\n<p><span style=\"color: #000000;\">M\u00eb mir\u00eb von\u00eb se kurr\u00eb thot\u00eb populli, dh\u00ebnt\u00eb Zoti marr\u00ebveshja e djeshme t\u00eb sh\u00ebrbej\u00eb p\u00ebr t&#8217;u kthjelluar e qytet\u00ebruar pak m\u00eb shum\u00eb mjedisi politiko-mediatik dhe p\u00ebr t&#8217;u leht\u00ebsuar e pse jo, maturuar disi, ajo pjes\u00eb e opinionit publik q\u00eb &#8220;u \u00e7mend&#8221; me sinqeritet prej keqkuptimit t\u00eb madh t\u00eb &#8220;Minishengenit&#8221;. P\u00ebr k\u00ebt\u00eb mund\u00ebsi t\u00eb re kthjellimi e maturimi, duhen falenderuar miqt\u00eb e m\u00ebdhenj amerikan\u00eb dhe kryeministri i urt\u00eb e i vendosur i Kosov\u00ebs, Avdullah Hoti, i cili p\u00ebrmbylli me kurajo e sukses, nj\u00eb p\u00ebrpjekje t\u00eb mundimshme t\u00eb &#8220;tradh\u00ebtarit t\u00eb kombit&#8221; Hashim Tha\u00e7i.<\/span><\/p>\n<p><span style=\"color: #000000;\">Ndeshja p\u00ebr njohjen p\u00ebrfundimtare vazhdon, urime edhe nj\u00ebher\u00eb dhe paj Zotin, mendjen n\u00eb vend her\u00eb tjet\u00ebr!<\/span><\/p>\n<p>&nbsp;<\/p>\n","protected":false,"gt_translate_keys":[{"key":"rendered","format":"html"}]},"excerpt":{"rendered":"<p>Kryeministri Edi Rama ka reaguar s\u00ebrish p\u00ebr marr\u00ebveshjen e n\u00ebnshkruar dit\u00ebn e djeshme n\u00eb Uashington mes Serbis\u00eb dhe Kosov\u00ebs. Rama n\u00eb shkrimin e tij t\u00eb gjat\u00eb shprehet i k\u00ebnaqur q\u00eb jan\u00eb r\u00ebn\u00eb dakord p\u00ebr ato pika nd\u00ebrsa nuk len pa thumbuar edhe kritik\u00ebt e tij apo Tha\u00e7it. Kryeministri shprehet i k\u00ebnaqur q\u00eb edhe Kosova do [&hellip;]<\/p>\n","protected":false,"gt_translate_keys":[{"key":"rendered","format":"html"}]},"author":32,"featured_media":395763,"comment_status":"open","ping_status":"open","sticky":false,"template":"","format":"standard","meta":{"footnotes":""},"categories":[65,13],"tags":[],"class_list":["post-398022","post","type-post","status-publish","format-standard","has-post-thumbnail","hentry","category-lajme","category-te-fundit"],"gt_translate_keys":[{"key":"link","format":"url"}],"_links":{"self":[{"href":"https:\/\/www.hashtag.al\/index.php\/wp-json\/wp\/v2\/posts\/398022","targetHints":{"allow":["GET"]}}],"collection":[{"href":"https:\/\/www.hashtag.al\/index.php\/wp-json\/wp\/v2\/posts"}],"about":[{"href":"https:\/\/www.hashtag.al\/index.php\/wp-json\/wp\/v2\/types\/post"}],"author":[{"embeddable":true,"href":"https:\/\/www.hashtag.al\/index.php\/wp-json\/wp\/v2\/users\/32"}],"replies":[{"embeddable":true,"href":"https:\/\/www.hashtag.al\/index.php\/wp-json\/wp\/v2\/comments?post=398022"}],"version-history":[{"count":0,"href":"https:\/\/www.hashtag.al\/index.php\/wp-json\/wp\/v2\/posts\/398022\/revisions"}],"wp:featuredmedia":[{"embeddable":true,"href":"https:\/\/www.hashtag.al\/index.php\/wp-json\/wp\/v2\/media\/395763"}],"wp:attachment":[{"href":"https:\/\/www.hashtag.al\/index.php\/wp-json\/wp\/v2\/media?parent=398022"}],"wp:term":[{"taxonomy":"category","embeddable":true,"href":"https:\/\/www.hashtag.al\/index.php\/wp-json\/wp\/v2\/categories?post=398022"},{"taxonomy":"post_tag","embeddable":true,"href":"https:\/\/www.hashtag.al\/index.php\/wp-json\/wp\/v2\/tags?post=398022"}],"curies":[{"name":"wp","href":"https:\/\/api.w.org\/{rel}","templated":true}]}}