{"id":397942,"date":"2020-09-05T13:25:02","date_gmt":"2020-09-05T11:25:02","guid":{"rendered":"https:\/\/hashtag.al\/?p=397942"},"modified":"2020-09-05T13:25:02","modified_gmt":"2020-09-05T11:25:02","slug":"donald-trump-nuk-kemi-prova-se-moska-helmoi-opozitarin-alexey-navalny","status":"publish","type":"post","link":"https:\/\/www.hashtag.al\/index.php\/2020\/09\/05\/donald-trump-nuk-kemi-prova-se-moska-helmoi-opozitarin-alexey-navalny\/","title":{"rendered":"Donald Trump: Nuk kemi prova se Moska helmoi opozitarin Alexey Navalny","gt_translate_keys":[{"key":"rendered","format":"text"}]},"content":{"rendered":"<p><a href=\"https:\/\/hashtag.al\/wp-content\/uploads\/2020\/09\/Trump-Navalny.jpg\"><img loading=\"lazy\" decoding=\"async\" class=\"aligncenter size-full wp-image-397943\" src=\"https:\/\/hashtag.al\/wp-content\/uploads\/2020\/09\/Trump-Navalny.jpg\" alt=\"\" width=\"980\" height=\"551\" srcset=\"https:\/\/www.hashtag.al\/wp-content\/uploads\/2020\/09\/Trump-Navalny.jpg 980w, https:\/\/www.hashtag.al\/wp-content\/uploads\/2020\/09\/Trump-Navalny-300x169.jpg 300w, https:\/\/www.hashtag.al\/wp-content\/uploads\/2020\/09\/Trump-Navalny-768x432.jpg 768w\" sizes=\"auto, (max-width: 980px) 100vw, 980px\" \/><\/a><\/p>\n<p><span style=\"color: #000000;\">Presidenti amerikan Donald Trump, ka reaguar lidhur me helmimin e liderit opozitar rus Alexey Navalny, duke hezituar t\u00eb bashkohet me aleat\u00ebt e tij europian\u00eb p\u00ebr t\u00eb vendosur sanksione ndaj Rusis\u00eb lidhur me k\u00ebt\u00eb.<\/span><\/p>\n<p><span style=\"color: #000000;\">Trump u tha gazetar\u00ebve n\u00eb Sht\u00ebpin\u00eb e Bardh\u00eb, se SHBA-ja nuk ka par\u00eb <em>&#8220;ndonj\u00eb prov\u00eb<\/em>&#8221; q\u00eb Moska e helmoi aktivistin.<\/span><br \/>\n<span style=\"color: #000000;\"><em>&#8220;Un\u00eb nuk e di sakt\u00ebsisht se \u00e7far\u00eb ka ndodhur&#8221;-<\/em> u tha Trump gazetar\u00ebve t\u00eb premten n\u00eb nj\u00eb konferenc\u00eb n\u00eb Sht\u00ebpin\u00eb e Bardh\u00eb. <em>\u201c\u00cbsht\u00eb tragjike. \u00cbsht\u00eb e tmerrshme. Nuk duhet t\u00eb ndodh\u00eb. Ende nuk kemi pasur ndonj\u00eb prov\u00eb, por do ta shqyrtoj. \u201d<\/em><\/span><\/p>\n<p><span style=\"color: #000000;\">Megjithat\u00eb Trump shtoi se nuk ka asnj\u00eb arsye p\u00ebr t\u00eb mos besuar pretendimet nga qeveria gjermane se Navalny u helmua me nj\u00eb agjent nervor nga grupi Novichok. Por ai po pret prova para se t\u00eb arrij\u00eb n\u00eb konkluzione n\u00eb lidhje me veprimet q\u00eb duhet t\u00eb nd\u00ebrmerren kund\u00ebr Rusis\u00eb. <\/span><\/p>\n<p><span style=\"color: #000000;\"><em>&#8220;Ne nuk e kemi par\u00eb vet\u00eb&#8221;-<\/em> tha ai p\u00ebr prov\u00ebn e supozuar p\u00ebrfundimtare t\u00eb pretenduar nga Berlini.<\/span><\/p>\n<p><span style=\"color: #000000;\">Alexey Navalny u s\u00ebmur n\u00eb nj\u00eb fluturim nga Tomsk p\u00ebr n\u00eb Mosk\u00eb m\u00eb 20 gusht, duke shkaktuar nj\u00eb ulje emergjente dhe u shtrua n\u00eb spital n\u00eb qytetin siberian t\u00eb Omsk. M\u00eb pak se 48 or\u00eb m\u00eb von\u00eb, ai u d\u00ebrgua me avion n\u00eb Klinik\u00ebn Charite t\u00eb Berlinit.<\/span><\/p>\n<p><span style=\"color: #000000;\">Mjek\u00ebt rus\u00eb nuk gjet\u00ebn ndonj\u00eb substanc\u00eb toksike n\u00eb sistemin e Navalny, por menj\u00ebher\u00eb pas mb\u00ebrritjes s\u00eb tij n\u00eb Gjermani, ekipi mjek\u00ebsor lokal njoftoi se figura e opozit\u00ebs ishte helmuar.<\/span><\/p>\n<p><span style=\"color: #000000;\">Drejtuesit e NATO-s dhe BE-s\u00eb k\u00ebrkuan q\u00eb Kremlini t\u00eb shpjegonte &#8220;sulmin&#8221; dhe paralajm\u00ebruan p\u00ebr nj\u00eb p\u00ebrgjigje nd\u00ebrkomb\u00ebtare.<\/span><\/p>\n<p><span style=\"color: #000000;\">Kancelarja gjermane Angela Merkel e quajti incidentin si nj\u00eb p\u00ebrpjekje p\u00ebr t\u00eb heshtur nj\u00eb nga kritik\u00ebt m\u00eb t\u00eb fort\u00eb t\u00eb Presidentit Vladimir Putin.<\/span><\/p>\n<p><span style=\"color: #000000;\">Por Moska ka mohuar \u00e7do p\u00ebrfshirje. Z\u00ebdh\u00ebn\u00ebsi i Kremlinit Dmitry Peskov tha se Rusia nuk ka marr\u00eb prova nga Gjermania se \u00e7far\u00eb e shkaktoi gjendjen e Navalny dhe askush n\u00eb Rusi nuk do t\u00eb fitonte asgj\u00eb nga helmimi i aktivistit.<\/span><\/p>\n","protected":false,"gt_translate_keys":[{"key":"rendered","format":"html"}]},"excerpt":{"rendered":"<p>Presidenti amerikan Donald Trump, ka reaguar lidhur me helmimin e liderit opozitar rus Alexey Navalny, duke hezituar t\u00eb bashkohet me aleat\u00ebt e tij europian\u00eb p\u00ebr t\u00eb vendosur sanksione ndaj Rusis\u00eb lidhur me k\u00ebt\u00eb. Trump u tha gazetar\u00ebve n\u00eb Sht\u00ebpin\u00eb e Bardh\u00eb, se SHBA-ja nuk ka par\u00eb &#8220;ndonj\u00eb prov\u00eb&#8221; q\u00eb Moska e helmoi aktivistin. &#8220;Un\u00eb nuk [&hellip;]<\/p>\n","protected":false,"gt_translate_keys":[{"key":"rendered","format":"html"}]},"author":30,"featured_media":397943,"comment_status":"open","ping_status":"open","sticky":false,"template":"","format":"standard","meta":{"footnotes":""},"categories":[6],"tags":[],"class_list":["post-397942","post","type-post","status-publish","format-standard","has-post-thumbnail","hentry","category-nderkombetare"],"gt_translate_keys":[{"key":"link","format":"url"}],"_links":{"self":[{"href":"https:\/\/www.hashtag.al\/index.php\/wp-json\/wp\/v2\/posts\/397942","targetHints":{"allow":["GET"]}}],"collection":[{"href":"https:\/\/www.hashtag.al\/index.php\/wp-json\/wp\/v2\/posts"}],"about":[{"href":"https:\/\/www.hashtag.al\/index.php\/wp-json\/wp\/v2\/types\/post"}],"author":[{"embeddable":true,"href":"https:\/\/www.hashtag.al\/index.php\/wp-json\/wp\/v2\/users\/30"}],"replies":[{"embeddable":true,"href":"https:\/\/www.hashtag.al\/index.php\/wp-json\/wp\/v2\/comments?post=397942"}],"version-history":[{"count":0,"href":"https:\/\/www.hashtag.al\/index.php\/wp-json\/wp\/v2\/posts\/397942\/revisions"}],"wp:featuredmedia":[{"embeddable":true,"href":"https:\/\/www.hashtag.al\/index.php\/wp-json\/wp\/v2\/media\/397943"}],"wp:attachment":[{"href":"https:\/\/www.hashtag.al\/index.php\/wp-json\/wp\/v2\/media?parent=397942"}],"wp:term":[{"taxonomy":"category","embeddable":true,"href":"https:\/\/www.hashtag.al\/index.php\/wp-json\/wp\/v2\/categories?post=397942"},{"taxonomy":"post_tag","embeddable":true,"href":"https:\/\/www.hashtag.al\/index.php\/wp-json\/wp\/v2\/tags?post=397942"}],"curies":[{"name":"wp","href":"https:\/\/api.w.org\/{rel}","templated":true}]}}