{"id":397928,"date":"2020-09-05T12:40:14","date_gmt":"2020-09-05T10:40:14","guid":{"rendered":"https:\/\/hashtag.al\/?p=397928"},"modified":"2020-09-05T12:42:45","modified_gmt":"2020-09-05T10:42:45","slug":"hoti-me-pompeon-nje-dite-pas-marreveshjes-me-serbine-shba-ja-e-gatshme-te-mbeshtese-kosoven-ne-procesin-e-dialogut","status":"publish","type":"post","link":"https:\/\/www.hashtag.al\/index.php\/2020\/09\/05\/hoti-me-pompeon-nje-dite-pas-marreveshjes-me-serbine-shba-ja-e-gatshme-te-mbeshtese-kosoven-ne-procesin-e-dialogut\/","title":{"rendered":"Hoti me Pompeon nj\u00eb dit\u00eb pas marr\u00ebveshjes me Serbin\u00eb: SHBA-ja e gatshme t\u00eb mb\u00ebshtes\u00eb Kosov\u00ebn n\u00eb procesin e dialogut","gt_translate_keys":[{"key":"rendered","format":"text"}]},"content":{"rendered":"<p><a href=\"https:\/\/hashtag.al\/wp-content\/uploads\/2020\/09\/hoti-pompeo-675x450.jpg\"><img loading=\"lazy\" decoding=\"async\" class=\"aligncenter size-full wp-image-397929\" src=\"https:\/\/hashtag.al\/wp-content\/uploads\/2020\/09\/hoti-pompeo-675x450.jpg\" alt=\"\" width=\"675\" height=\"450\" srcset=\"https:\/\/www.hashtag.al\/wp-content\/uploads\/2020\/09\/hoti-pompeo-675x450.jpg 675w, https:\/\/www.hashtag.al\/wp-content\/uploads\/2020\/09\/hoti-pompeo-675x450-300x200.jpg 300w\" sizes=\"auto, (max-width: 675px) 100vw, 675px\" \/><\/a><\/p>\n<p><span style=\"color: #000000;\">Nj\u00eb dit\u00eb pas marr\u00ebveshjes s\u00eb firmosur n\u00eb Sht\u00ebpin\u00eb e Bardh\u00eb me Serbin\u00eb, kryeministri i Kosov\u00ebs, Avdullah Hoti, \u00ebsht\u00eb pritur sot n\u00eb nj\u00eb takim nga Sekretari i Shtetit,Mike Pompeo. <\/span><\/p>\n<p><span style=\"color: #000000;\">Hoti ka b\u00ebr\u00eb nj\u00eb deklarat\u00eb n\u00eb Facebook lidhur me k\u00ebt\u00eb takim, ku shprehet se SHBA \u00ebsht\u00eb treguar e gatshme p\u00ebr t\u00eb mb\u00ebshtetur Kosov\u00ebn n\u00eb procesin e dialogut.<\/span><\/p>\n<p><em><span style=\"color: #000000;\">&#8220;Gjat\u00eb vizit\u00ebs zyrtare n\u00eb Shtetet e Bashkuara t\u00eb Amerik\u00ebs, jam pritur n\u00eb takim nga Sekretari i Shtetit, Michael Pompeo, i cili m\u00eb uroi p\u00ebr arritjen e marr\u00ebveshjes p\u00ebr normalizimin e raporteve ekonomike nd\u00ebrmjet Republik\u00ebs s\u00eb Kosov\u00ebs dhe asaj t\u00eb Serbis\u00eb, marr\u00ebveshje kjo q\u00eb u n\u00ebnshkrua n\u00eb Sht\u00ebpin\u00eb e Bardh\u00eb n\u00eb prani t\u00eb presidentit t\u00eb SHBA-ve, Donald Trump.<\/span><\/em><\/p>\n<p><em><span style=\"color: #000000;\">N\u00eb em\u00ebr t\u00eb qeveris\u00eb dhe popullit t\u00eb Kosov\u00ebs, fal\u00ebnderova SHBA-n\u00eb p\u00ebr mb\u00ebshtetjen e vazhdueshme q\u00eb i ka dh\u00ebn\u00eb dhe po i jep Kosov\u00ebs, nd\u00ebrsa duke vler\u00ebsuar r\u00ebnd\u00ebsin\u00eb q\u00eb ka marr\u00ebveshja e arritur n\u00eb Sht\u00ebpin\u00eb e Bardh\u00eb, theksova gatishm\u00ebrin\u00eb e Kosov\u00ebs p\u00ebr vazhdimin e dialogut me Serbin\u00eb, q\u00eb \u00e7on n\u00eb njohje reciproke nd\u00ebrmjet t\u00eb dyja vendeve.<\/span><\/em><br \/>\n<span style=\"color: #000000;\"><em>Po ashtu, mora mb\u00ebshtetje sekretari Pompeo, i cili theksoi gatishm\u00ebrin\u00eb e SHBA-ve p\u00ebr t\u00eb mb\u00ebshtetur Kosov\u00ebn n\u00eb procesin e dialogut dhe normalizimin e plot\u00eb t\u00eb marr\u00ebdh\u00ebnieve nd\u00ebrmjet Kosov\u00ebs dhe Serbis\u00eb.&#8221;<\/em>&#8211; shkruan Hoti.<\/span><\/p>\n<p><a href=\"https:\/\/hashtag.al\/wp-content\/uploads\/2020\/09\/P.jpg\"><img loading=\"lazy\" decoding=\"async\" class=\"aligncenter size-full wp-image-397932\" src=\"https:\/\/hashtag.al\/wp-content\/uploads\/2020\/09\/P.jpg\" alt=\"\" width=\"800\" height=\"577\" srcset=\"https:\/\/www.hashtag.al\/wp-content\/uploads\/2020\/09\/P.jpg 800w, https:\/\/www.hashtag.al\/wp-content\/uploads\/2020\/09\/P-300x216.jpg 300w, https:\/\/www.hashtag.al\/wp-content\/uploads\/2020\/09\/P-768x554.jpg 768w\" sizes=\"auto, (max-width: 800px) 100vw, 800px\" \/><\/a><\/p>\n<p><span style=\"color: #000000;\">N\u00eb marr\u00ebveshjen e firmosur dje nga dy pal\u00ebt, u ra dakord n\u00eb vija t\u00eb trasha m\u00eb shum\u00eb p\u00ebr pika n\u00eb fush\u00ebn e ekonomis\u00eb sesa n\u00eb at\u00eb politike. Serbia nuk e njeh pavar\u00ebsin\u00eb e Kosov\u00ebs, nd\u00ebrsa Kosova e Izraeli njohun pavar\u00ebsin\u00eb e tyre reciproke.<\/span><\/p>\n<p><span style=\"color: #000000;\">Kosova pranoi t\u00eb ndaloj\u00eb p\u00ebrpjekjet p\u00ebr njohjen e pavar\u00ebsis\u00eb p\u00ebr nj\u00eb vit. Nj\u00eb regres ky p\u00ebr Kosov\u00ebn n\u00eb aren\u00ebn nd\u00ebrkomb\u00ebtare pasi njohjet dhe aderimi n\u00ebp\u00ebr organizata jan\u00eb t\u00eb r\u00ebnd\u00ebsishme p\u00ebr t\u00eb si shtet i ri. Serbia n\u00eb an\u00ebn tjet\u00ebr do vendoset n\u00eb nj\u00eb moratorium 1-vje\u00e7ar p\u00ebr t\u00eb ndaluar fushat\u00ebn e t\u00ebrheqjes s\u00eb njohjeve.\u00a0<\/span><\/p>\n<p><a href=\"https:\/\/hashtag.al\/wp-content\/uploads\/2020\/09\/H.jpg\"><img loading=\"lazy\" decoding=\"async\" class=\"aligncenter size-full wp-image-397931\" src=\"https:\/\/hashtag.al\/wp-content\/uploads\/2020\/09\/H.jpg\" alt=\"\" width=\"799\" height=\"533\" srcset=\"https:\/\/www.hashtag.al\/wp-content\/uploads\/2020\/09\/H.jpg 799w, https:\/\/www.hashtag.al\/wp-content\/uploads\/2020\/09\/H-300x200.jpg 300w, https:\/\/www.hashtag.al\/wp-content\/uploads\/2020\/09\/H-768x512.jpg 768w\" sizes=\"auto, (max-width: 799px) 100vw, 799px\" \/><\/a><\/p>\n","protected":false,"gt_translate_keys":[{"key":"rendered","format":"html"}]},"excerpt":{"rendered":"<p>Nj\u00eb dit\u00eb pas marr\u00ebveshjes s\u00eb firmosur n\u00eb Sht\u00ebpin\u00eb e Bardh\u00eb me Serbin\u00eb, kryeministri i Kosov\u00ebs, Avdullah Hoti, \u00ebsht\u00eb pritur sot n\u00eb nj\u00eb takim nga Sekretari i Shtetit,Mike Pompeo. Hoti ka b\u00ebr\u00eb nj\u00eb deklarat\u00eb n\u00eb Facebook lidhur me k\u00ebt\u00eb takim, ku shprehet se SHBA \u00ebsht\u00eb treguar e gatshme p\u00ebr t\u00eb mb\u00ebshtetur Kosov\u00ebn n\u00eb procesin e dialogut. [&hellip;]<\/p>\n","protected":false,"gt_translate_keys":[{"key":"rendered","format":"html"}]},"author":30,"featured_media":397929,"comment_status":"open","ping_status":"open","sticky":false,"template":"","format":"standard","meta":{"footnotes":""},"categories":[149,65,13],"tags":[],"class_list":["post-397928","post","type-post","status-publish","format-standard","has-post-thumbnail","hentry","category-kosoverajon","category-lajme","category-te-fundit"],"gt_translate_keys":[{"key":"link","format":"url"}],"_links":{"self":[{"href":"https:\/\/www.hashtag.al\/index.php\/wp-json\/wp\/v2\/posts\/397928","targetHints":{"allow":["GET"]}}],"collection":[{"href":"https:\/\/www.hashtag.al\/index.php\/wp-json\/wp\/v2\/posts"}],"about":[{"href":"https:\/\/www.hashtag.al\/index.php\/wp-json\/wp\/v2\/types\/post"}],"author":[{"embeddable":true,"href":"https:\/\/www.hashtag.al\/index.php\/wp-json\/wp\/v2\/users\/30"}],"replies":[{"embeddable":true,"href":"https:\/\/www.hashtag.al\/index.php\/wp-json\/wp\/v2\/comments?post=397928"}],"version-history":[{"count":0,"href":"https:\/\/www.hashtag.al\/index.php\/wp-json\/wp\/v2\/posts\/397928\/revisions"}],"wp:featuredmedia":[{"embeddable":true,"href":"https:\/\/www.hashtag.al\/index.php\/wp-json\/wp\/v2\/media\/397929"}],"wp:attachment":[{"href":"https:\/\/www.hashtag.al\/index.php\/wp-json\/wp\/v2\/media?parent=397928"}],"wp:term":[{"taxonomy":"category","embeddable":true,"href":"https:\/\/www.hashtag.al\/index.php\/wp-json\/wp\/v2\/categories?post=397928"},{"taxonomy":"post_tag","embeddable":true,"href":"https:\/\/www.hashtag.al\/index.php\/wp-json\/wp\/v2\/tags?post=397928"}],"curies":[{"name":"wp","href":"https:\/\/api.w.org\/{rel}","templated":true}]}}