{"id":397899,"date":"2020-09-05T11:25:21","date_gmt":"2020-09-05T09:25:21","guid":{"rendered":"https:\/\/hashtag.al\/?p=397899"},"modified":"2020-09-05T11:27:49","modified_gmt":"2020-09-05T09:27:49","slug":"veliaj-miratuam-ne-keshillin-bashkiak-rindertimin-e-250-banesave-te-tjera-para-vitit-te-ri-dorezojme-celesat","status":"publish","type":"post","link":"https:\/\/www.hashtag.al\/index.php\/2020\/09\/05\/veliaj-miratuam-ne-keshillin-bashkiak-rindertimin-e-250-banesave-te-tjera-para-vitit-te-ri-dorezojme-celesat\/","title":{"rendered":"Veliaj: Miratuam n\u00eb K\u00ebshillin Bashkiak rind\u00ebrtimin e 250 banesave t\u00eb tjera, para Vitit t\u00eb Ri dor\u00ebzojm\u00eb \u00e7el\u00ebsat","gt_translate_keys":[{"key":"rendered","format":"text"}]},"content":{"rendered":"<p><span style=\"color: #000000;\"><a href=\"https:\/\/hashtag.al\/wp-content\/uploads\/2020\/09\/Veliaj-3.jpg\"><img loading=\"lazy\" decoding=\"async\" class=\"aligncenter size-full wp-image-397900\" src=\"https:\/\/hashtag.al\/wp-content\/uploads\/2020\/09\/Veliaj-3.jpg\" alt=\"\" width=\"770\" height=\"434\" srcset=\"https:\/\/www.hashtag.al\/wp-content\/uploads\/2020\/09\/Veliaj-3.jpg 770w, https:\/\/www.hashtag.al\/wp-content\/uploads\/2020\/09\/Veliaj-3-300x169.jpg 300w, https:\/\/www.hashtag.al\/wp-content\/uploads\/2020\/09\/Veliaj-3-768x433.jpg 768w\" sizes=\"auto, (max-width: 770px) 100vw, 770px\" \/><\/a><\/span><\/p>\n<p><span style=\"color: #000000;\">850 banesa t\u00eb rr\u00ebnuara nga t\u00ebrmeti i 26 N\u00ebntorit n\u00eb Tiran\u00eb do t\u00eb ringrihen nga e para p\u00ebrmes fondeve t\u00eb Rind\u00ebrtimit. T\u00eb pakt\u00ebn k\u00ebshtu ka deklaruar sot kryebashkiaku i Tiran\u00ebs, Erion Veliaj.<\/span><\/p>\n<p><span style=\"color: #000000;\">Ai tha se K\u00ebshilli Bashkiak i Tiran\u00ebs ka miratuar 250 kontrata t\u00eb reja p\u00ebr familjet q\u00eb mbet\u00ebn pa streh\u00eb si pasoj\u00eb e t\u00ebrmetit, p\u00ebrpos atyre t\u00eb miratuara m\u00eb par\u00eb. <\/span><span style=\"color: #000000;\">Veliaj premtoi se t\u00eb gjitha k\u00ebto familje, Viti i Ri do t\u2019i gjej\u00eb n\u00eb sht\u00ebpit\u00eb e reja.<\/span><\/p>\n<p><span style=\"color: #000000;\"><em>\u201cKemi mbyllur zyrtarisht menaxhimin e kriz\u00ebs p\u00ebr t\u00ebrmetin e 21 shtatorit. Kemi shlyer pagesat cash p\u00ebr 1800 familje q\u00eb pat\u00ebn d\u00ebmtime nga t\u00ebrmeti i shtatorit, nd\u00ebrkoh\u00eb jan\u00eb rind\u00ebrtuar 60 sht\u00ebpi, t\u00eb cilat t\u00ebrmeti i shtatorit i d\u00ebmtoi p\u00ebrtej riparimit. Mezi pres q\u00eb t\u00eb nj\u00ebjt\u00ebn gj\u00eb ta themi edhe p\u00ebr familjet e t\u00ebrmetit t\u00eb 26 n\u00ebntorit. Kemi filluar me dh\u00ebnien e sht\u00ebpive t\u00eb para, q\u00eb jan\u00eb nd\u00ebrtuar p\u00ebrmes procesit t\u00eb rind\u00ebrtimit<\/em>.<\/span><\/p>\n<p><span style=\"color: #000000;\"><em>Do t\u00eb ndihmojm\u00eb 850 familje me sht\u00ebpi individuale. Ndaj, nj\u00eb nga vendimet ka t\u00eb b\u00ebj\u00eb me nj\u00eb shtes\u00eb t\u00eb 250 kontratave t\u00eb reja mbi ato q\u00eb kemi miratuar n\u00eb mbledhjen e kaluar, e cila na ndihmon q\u00eb t\u00eb fillojm\u00eb menj\u00ebher\u00eb pun\u00ebn p\u00ebr to. N\u00eb disa raste kontaktor\u00ebt e kan\u00eb b\u00ebr\u00eb shum\u00eb m\u00eb shpejt sesa afati 8 javor, madje disa sht\u00ebpi kan\u00eb mbaruar p\u00ebr 3-4 jav\u00eb, disa do ta marrin t\u00eb plot\u00eb afatin 8 javor duke qen\u00eb se jan\u00eb n\u00eb zona m\u00eb periferike rurale, ku edhe transporti b\u00ebhet me kafsh\u00eb, sepse jan\u00eb realisht zona t\u00eb thella\u201d<\/em>, deklaroi kryebashkiaku.<\/span><\/p>\n","protected":false,"gt_translate_keys":[{"key":"rendered","format":"html"}]},"excerpt":{"rendered":"<p>850 banesa t\u00eb rr\u00ebnuara nga t\u00ebrmeti i 26 N\u00ebntorit n\u00eb Tiran\u00eb do t\u00eb ringrihen nga e para p\u00ebrmes fondeve t\u00eb Rind\u00ebrtimit. T\u00eb pakt\u00ebn k\u00ebshtu ka deklaruar sot kryebashkiaku i Tiran\u00ebs, Erion Veliaj. Ai tha se K\u00ebshilli Bashkiak i Tiran\u00ebs ka miratuar 250 kontrata t\u00eb reja p\u00ebr familjet q\u00eb mbet\u00ebn pa streh\u00eb si pasoj\u00eb e t\u00ebrmetit, [&hellip;]<\/p>\n","protected":false,"gt_translate_keys":[{"key":"rendered","format":"html"}]},"author":30,"featured_media":397900,"comment_status":"open","ping_status":"open","sticky":false,"template":"","format":"standard","meta":{"footnotes":""},"categories":[65,13],"tags":[],"class_list":["post-397899","post","type-post","status-publish","format-standard","has-post-thumbnail","hentry","category-lajme","category-te-fundit"],"gt_translate_keys":[{"key":"link","format":"url"}],"_links":{"self":[{"href":"https:\/\/www.hashtag.al\/index.php\/wp-json\/wp\/v2\/posts\/397899","targetHints":{"allow":["GET"]}}],"collection":[{"href":"https:\/\/www.hashtag.al\/index.php\/wp-json\/wp\/v2\/posts"}],"about":[{"href":"https:\/\/www.hashtag.al\/index.php\/wp-json\/wp\/v2\/types\/post"}],"author":[{"embeddable":true,"href":"https:\/\/www.hashtag.al\/index.php\/wp-json\/wp\/v2\/users\/30"}],"replies":[{"embeddable":true,"href":"https:\/\/www.hashtag.al\/index.php\/wp-json\/wp\/v2\/comments?post=397899"}],"version-history":[{"count":0,"href":"https:\/\/www.hashtag.al\/index.php\/wp-json\/wp\/v2\/posts\/397899\/revisions"}],"wp:featuredmedia":[{"embeddable":true,"href":"https:\/\/www.hashtag.al\/index.php\/wp-json\/wp\/v2\/media\/397900"}],"wp:attachment":[{"href":"https:\/\/www.hashtag.al\/index.php\/wp-json\/wp\/v2\/media?parent=397899"}],"wp:term":[{"taxonomy":"category","embeddable":true,"href":"https:\/\/www.hashtag.al\/index.php\/wp-json\/wp\/v2\/categories?post=397899"},{"taxonomy":"post_tag","embeddable":true,"href":"https:\/\/www.hashtag.al\/index.php\/wp-json\/wp\/v2\/tags?post=397899"}],"curies":[{"name":"wp","href":"https:\/\/api.w.org\/{rel}","templated":true}]}}