{"id":397895,"date":"2020-09-05T11:12:36","date_gmt":"2020-09-05T09:12:36","guid":{"rendered":"https:\/\/hashtag.al\/?p=397895"},"modified":"2020-09-05T11:13:59","modified_gmt":"2020-09-05T09:13:59","slug":"vajza-e-robert-aliajt-nje-nga-finalistet-e-the-voice-kids-ne-belgjike-video","status":"publish","type":"post","link":"https:\/\/www.hashtag.al\/index.php\/2020\/09\/05\/vajza-e-robert-aliajt-nje-nga-finalistet-e-the-voice-kids-ne-belgjike-video\/","title":{"rendered":"Vajza e Robert Aliajt nj\u00eb nga finalistet e &#8220;The Voice Kids&#8221; n\u00eb Belgjik\u00eb (VIDEO)","gt_translate_keys":[{"key":"rendered","format":"text"}]},"content":{"rendered":"<p><a href=\"https:\/\/hashtag.al\/wp-content\/uploads\/2020\/09\/Gala-Aliaj.jpg\"><img loading=\"lazy\" decoding=\"async\" class=\"aligncenter size-full wp-image-397897\" src=\"https:\/\/hashtag.al\/wp-content\/uploads\/2020\/09\/Gala-Aliaj.jpg\" alt=\"\" width=\"1000\" height=\"560\" srcset=\"https:\/\/www.hashtag.al\/wp-content\/uploads\/2020\/09\/Gala-Aliaj.jpg 1000w, https:\/\/www.hashtag.al\/wp-content\/uploads\/2020\/09\/Gala-Aliaj-300x168.jpg 300w, https:\/\/www.hashtag.al\/wp-content\/uploads\/2020\/09\/Gala-Aliaj-768x430.jpg 768w\" sizes=\"auto, (max-width: 1000px) 100vw, 1000px\" \/><\/a><\/p>\n<p><span style=\"color: #000000;\">Nj\u00eb adoleshente shqiptare arriti me sukses t\u00eb mahnis\u00eb jurin\u00eb e &#8220;The Voice Kids\u201d n\u00eb Belgjik\u00eb dhe tani \u00ebsht\u00eb nj\u00eb nga finalistet n\u00eb k\u00ebt\u00eb gar\u00eb.<\/span><\/p>\n<p><span style=\"color: #000000;\">B\u00ebhet fjal\u00eb p\u00ebr vajz\u00ebn e artistit Robert Aliaj. Gala ka treguar se \u00ebsht\u00eb po aq e talentuar sa i ati n\u00eb muzik\u00eb dhe Aliaj nuk kishte si mos t\u00eb ishte krenar. <\/span><\/p>\n<p><span style=\"color: #000000;\">Ai e ka b\u00ebr\u00eb t\u00eb ditur lajmin se vajza e tij \u00ebsht\u00eb nj\u00eb nga finalistet e k\u00ebtij kompeticioni, dhe ka publikuar n\u00eb llogarin\u00eb e tij n\u00eb Instagram nj\u00eb pjes\u00eb t\u00eb performanc\u00ebs s\u00eb vajz\u00ebs.<\/span><\/p>\n<p><span style=\"color: #000000;\"><em>\u201cSapo ndodhi, Gala kaloi n\u00eb finale. Ndiqeni performanc\u00ebn e saj t\u00eb fundit dhe shum\u00eb fal\u00ebnderime p\u00ebr mb\u00ebshtet\u00ebsit<\/em>\u201d, ka shkruar ai.<\/span><\/p>\n<blockquote class=\"instagram-media\" style=\"background: #FFF; border: 0; border-radius: 3px; box-shadow: 0 0 1px 0 rgba(0,0,0,0.5),0 1px 10px 0 rgba(0,0,0,0.15); margin: 1px; max-width: 540px; min-width: 326px; padding: 0; width: calc(100% - 2px);\" data-instgrm-captioned=\"\" data-instgrm-permalink=\"https:\/\/www.instagram.com\/p\/CEukVubDrLs\/?utm_source=ig_embed&amp;utm_campaign=loading\" data-instgrm-version=\"12\">\n<div style=\"padding: 16px;\">\n<p>&nbsp;<\/p>\n<div style=\"display: flex; flex-direction: row; align-items: center;\">\n<div style=\"background-color: #f4f4f4; border-radius: 50%; flex-grow: 0; height: 40px; margin-right: 14px; width: 40px;\"><\/div>\n<div style=\"display: flex; flex-direction: column; flex-grow: 1; justify-content: center;\">\n<div style=\"background-color: #f4f4f4; border-radius: 4px; flex-grow: 0; height: 14px; margin-bottom: 6px; width: 100px;\"><\/div>\n<div style=\"background-color: #f4f4f4; border-radius: 4px; flex-grow: 0; height: 14px; width: 60px;\"><\/div>\n<\/div>\n<\/div>\n<div style=\"padding: 19% 0;\"><\/div>\n<div style=\"display: block; height: 50px; margin: 0 auto 12px; width: 50px;\"><\/div>\n<div style=\"padding-top: 8px;\">\n<div style=\"color: #3897f0; font-family: Arial,sans-serif; font-size: 14px; font-style: normal; font-weight: 550; line-height: 18px;\">View this post on Instagram<\/div>\n<\/div>\n<div style=\"padding: 12.5% 0;\"><\/div>\n<div style=\"display: flex; flex-direction: row; margin-bottom: 14px; align-items: center;\">\n<div>\n<div style=\"background-color: #f4f4f4; border-radius: 50%; height: 12.5px; width: 12.5px; transform: translateX(0px) translateY(7px);\"><\/div>\n<div style=\"background-color: #f4f4f4; height: 12.5px; transform: rotate(-45deg) translateX(3px) translateY(1px); width: 12.5px; flex-grow: 0; margin-right: 14px; margin-left: 2px;\"><\/div>\n<div style=\"background-color: #f4f4f4; border-radius: 50%; height: 12.5px; width: 12.5px; transform: translateX(9px) translateY(-18px);\"><\/div>\n<\/div>\n<div style=\"margin-left: 8px;\">\n<div style=\"background-color: #f4f4f4; border-radius: 50%; flex-grow: 0; height: 20px; width: 20px;\"><\/div>\n<div style=\"width: 0; height: 0; border-top: 2px solid transparent; border-left: 6px solid #f4f4f4; border-bottom: 2px solid transparent; transform: translateX(16px) translateY(-4px) rotate(30deg);\"><\/div>\n<\/div>\n<div style=\"margin-left: auto;\">\n<div style=\"width: 0px; border-top: 8px solid #F4F4F4; border-right: 8px solid transparent; transform: translateY(16px);\"><\/div>\n<div style=\"background-color: #f4f4f4; flex-grow: 0; height: 12px; width: 16px; transform: translateY(-4px);\"><\/div>\n<div style=\"width: 0; height: 0; border-top: 8px solid #F4F4F4; border-left: 8px solid transparent; transform: translateY(-4px) translateX(8px);\"><\/div>\n<\/div>\n<\/div>\n<p>&nbsp;<\/p>\n<p style=\"margin: 8px 0 0 0; padding: 0 4px;\"><a style=\"color: #000; font-family: Arial,sans-serif; font-size: 14px; font-style: normal; font-weight: normal; line-height: 17px; text-decoration: none; word-wrap: break-word;\" href=\"https:\/\/www.instagram.com\/p\/CEukVubDrLs\/?utm_source=ig_embed&amp;utm_campaign=loading\" target=\"_blank\" rel=\"noopener noreferrer\">\ud83e\udd73It just happened&#8230;Gala goes to the finals\ud83e\udd73!!! Gala kaloi ne Finale\ud83c\udde6\ud83c\uddf1\ud83c\udde6\ud83c\uddf1\ud83c\udde6\ud83c\uddf1\ud83c\udde7\ud83c\uddea\ud83c\udde7\ud83c\uddea\ud83c\udde7\ud83c\uddea !!! Check her performance out in the link below\ud83d\udc47and many thanks for the support ! @galaaliaj #thevoicekids #thevoice #gala #galaaliaj #bestofthevoice #vtm #thevoicevlaanderen #thevoicebelgium #albania #belgium\ud83c\udde7\ud83c\uddea<\/a><\/p>\n<p style=\"color: #c9c8cd; font-family: Arial,sans-serif; font-size: 14px; line-height: 17px; margin-bottom: 0; margin-top: 8px; overflow: hidden; padding: 8px 0 7px; text-align: center; text-overflow: ellipsis; white-space: nowrap;\">A post shared by <a style=\"color: #c9c8cd; font-family: Arial,sans-serif; font-size: 14px; font-style: normal; font-weight: normal; line-height: 17px;\" href=\"https:\/\/www.instagram.com\/robertdragot\/?utm_source=ig_embed&amp;utm_campaign=loading\" target=\"_blank\" rel=\"noopener noreferrer\"> Robert Aliaj Dragot<\/a> (@robertdragot) on <time style=\"font-family: Arial,sans-serif; font-size: 14px; line-height: 17px;\" datetime=\"2020-09-04T20:14:06+00:00\">Sep 4, 2020 at 1:14pm PDT<\/time><\/p>\n<\/div>\n<\/blockquote>\n<p><script async src=\"\/\/www.instagram.com\/embed.js\"><\/script><br \/>\n<span style=\"color: #000000;\">Gala dukej e dashuruar me sken\u00ebn, pasi jo vet\u00ebm arriti t\u00eb k\u00ebndonte shum\u00eb bukur por edhe t\u00eb k\u00ebrcente gjithashtu.<\/span><\/p>\n<p><span style=\"color: #000000;\">Publiku shqiptar \u00ebsht\u00eb njohur me Gal\u00ebn, n\u00eb nat\u00ebn q\u00eb ajo performoi krah t\u00eb atit n\u00eb sken\u00ebn e \u201cDance \u00ebith me Albania\u201d n\u00eb vitin 2015.<\/span><\/p>\n<p><span style=\"color: #000000;\"><strong>Audicionet e fshehura<\/strong><\/span><\/p>\n<p><iframe loading=\"lazy\" title=\"Gala - &#039;Don\u2019t Know Why\u2019 | Blind Auditions | The Voice Kids | VTM\" width=\"1170\" height=\"658\" src=\"https:\/\/www.youtube.com\/embed\/pfcBdupAX-o?feature=oembed\" frameborder=\"0\" allow=\"accelerometer; autoplay; clipboard-write; encrypted-media; gyroscope; picture-in-picture\" allowfullscreen><\/iframe><\/p>\n","protected":false,"gt_translate_keys":[{"key":"rendered","format":"html"}]},"excerpt":{"rendered":"<p>Nj\u00eb adoleshente shqiptare arriti me sukses t\u00eb mahnis\u00eb jurin\u00eb e &#8220;The Voice Kids\u201d n\u00eb Belgjik\u00eb dhe tani \u00ebsht\u00eb nj\u00eb nga finalistet n\u00eb k\u00ebt\u00eb gar\u00eb. B\u00ebhet fjal\u00eb p\u00ebr vajz\u00ebn e artistit Robert Aliaj. Gala ka treguar se \u00ebsht\u00eb po aq e talentuar sa i ati n\u00eb muzik\u00eb dhe Aliaj nuk kishte si mos t\u00eb ishte krenar. [&hellip;]<\/p>\n","protected":false,"gt_translate_keys":[{"key":"rendered","format":"html"}]},"author":30,"featured_media":397897,"comment_status":"open","ping_status":"open","sticky":false,"template":"","format":"standard","meta":{"footnotes":""},"categories":[53],"tags":[],"class_list":["post-397895","post","type-post","status-publish","format-standard","has-post-thumbnail","hentry","category-fast-foodi"],"gt_translate_keys":[{"key":"link","format":"url"}],"_links":{"self":[{"href":"https:\/\/www.hashtag.al\/index.php\/wp-json\/wp\/v2\/posts\/397895","targetHints":{"allow":["GET"]}}],"collection":[{"href":"https:\/\/www.hashtag.al\/index.php\/wp-json\/wp\/v2\/posts"}],"about":[{"href":"https:\/\/www.hashtag.al\/index.php\/wp-json\/wp\/v2\/types\/post"}],"author":[{"embeddable":true,"href":"https:\/\/www.hashtag.al\/index.php\/wp-json\/wp\/v2\/users\/30"}],"replies":[{"embeddable":true,"href":"https:\/\/www.hashtag.al\/index.php\/wp-json\/wp\/v2\/comments?post=397895"}],"version-history":[{"count":0,"href":"https:\/\/www.hashtag.al\/index.php\/wp-json\/wp\/v2\/posts\/397895\/revisions"}],"wp:featuredmedia":[{"embeddable":true,"href":"https:\/\/www.hashtag.al\/index.php\/wp-json\/wp\/v2\/media\/397897"}],"wp:attachment":[{"href":"https:\/\/www.hashtag.al\/index.php\/wp-json\/wp\/v2\/media?parent=397895"}],"wp:term":[{"taxonomy":"category","embeddable":true,"href":"https:\/\/www.hashtag.al\/index.php\/wp-json\/wp\/v2\/categories?post=397895"},{"taxonomy":"post_tag","embeddable":true,"href":"https:\/\/www.hashtag.al\/index.php\/wp-json\/wp\/v2\/tags?post=397895"}],"curies":[{"name":"wp","href":"https:\/\/api.w.org\/{rel}","templated":true}]}}