{"id":397848,"date":"2020-09-04T23:40:00","date_gmt":"2020-09-04T21:40:00","guid":{"rendered":"https:\/\/hashtag.al\/?p=397848"},"modified":"2020-09-04T23:02:59","modified_gmt":"2020-09-04T21:02:59","slug":"be-ja-reagon-per-marreveshjen-mes-serbise-dhe-kosoves-puna-do-vazhdoje-ne-bruksel","status":"publish","type":"post","link":"https:\/\/www.hashtag.al\/index.php\/2020\/09\/04\/be-ja-reagon-per-marreveshjen-mes-serbise-dhe-kosoves-puna-do-vazhdoje-ne-bruksel\/","title":{"rendered":"BE-ja reagon p\u00ebr marr\u00ebveshjen mes Serbis\u00eb dhe Kosov\u00ebs: Puna do vazhdoj\u00eb n\u00eb Bruksel","gt_translate_keys":[{"key":"rendered","format":"text"}]},"content":{"rendered":"<p><img loading=\"lazy\" decoding=\"async\" class=\"aligncenter size-full wp-image-393381\" src=\"https:\/\/hashtag.al\/wp-content\/uploads\/2020\/08\/Josep-Borrell.jpg\" alt=\"\" width=\"1280\" height=\"720\" srcset=\"https:\/\/www.hashtag.al\/wp-content\/uploads\/2020\/08\/Josep-Borrell.jpg 1280w, https:\/\/www.hashtag.al\/wp-content\/uploads\/2020\/08\/Josep-Borrell-300x169.jpg 300w, https:\/\/www.hashtag.al\/wp-content\/uploads\/2020\/08\/Josep-Borrell-768x432.jpg 768w, https:\/\/www.hashtag.al\/wp-content\/uploads\/2020\/08\/Josep-Borrell-1024x576.jpg 1024w\" sizes=\"auto, (max-width: 1280px) 100vw, 1280px\" \/><\/p>\n<p><span style=\"color: #000000;\">Bashkimi Evropian thot\u00eb se e ka n\u00eb v\u00ebmendje n\u00ebnshkrimin e dokumentit midis Beogradit dhe Prishtin\u00ebs n\u00eb Sht\u00ebpin\u00eb e Bardh\u00eb.<\/span><\/p>\n<p><span style=\"color: #000000;\">\u201c<em>Ne mir\u00ebpresim pal\u00ebt n\u00eb Bruksel k\u00ebt\u00eb fundjav\u00eb dhe jav\u00ebn e ardhshme p\u00ebr t\u00eb vazhduar pun\u00ebn ton\u00eb n\u00eb nj\u00eb marr\u00ebveshje gjith\u00ebp\u00ebrfshir\u00ebse p\u00ebr normalizimin e marr\u00ebdh\u00ebnieve midis Kosov\u00ebs dhe Serbis\u00eb, q\u00eb ka t\u00eb b\u00ebj\u00eb me t\u00eb gjitha \u00e7\u00ebshtjet e pazgjidhura n\u00eb lidhje me marr\u00ebdh\u00ebniet e tyre, dhe n\u00eb p\u00ebrputhje me ligjin nd\u00ebrkomb\u00ebtar dhe at\u00eb t\u00eb BE-s\u00eb<\/em> \u201c, ka th\u00ebn\u00eb Peter Stano, z\u00ebdh\u00ebn\u00ebs i P\u00ebrfaq\u00ebsuesit t\u00eb Lart\u00eb p\u00ebr Politik\u00eb t\u00eb Jashtme n\u00eb Bashkimin Evropian, Josep Borrell.<\/span><\/p>\n<p><span style=\"color: #000000;\">Pas takimit n\u00eb Sht\u00ebpin\u00eb e Bardh\u00eb, kryeministri Hoti dhe presidenti Vu\u00e7i\u00e7 do t\u00eb takohen n\u00eb Bruksel t\u00eb h\u00ebn\u00ebn, nd\u00ebrsa gjat\u00eb k\u00ebsaj fundjave do t\u00eb zhvillohen bisedime n\u00eb nivel t\u00eb ekspert\u00ebve.<\/span><\/p>\n<p><span style=\"color: #000000;\">Dialogu nd\u00ebrmjet Kosov\u00ebs dhe Serbis\u00eb rinisi n\u00eb Bruksel m\u00eb 16 korrik.<\/span><\/p>\n<p><span style=\"color: #000000;\">N\u00eb takimet e zhvilluara s\u00eb fundi n\u00eb Bruksel, \u00ebsht\u00eb diskutuar p\u00ebr t\u00eb zhvendosurit, t\u00eb pagjeturit dhe bashk\u00ebpunimin ekonomik.<\/span><\/p>\n","protected":false,"gt_translate_keys":[{"key":"rendered","format":"html"}]},"excerpt":{"rendered":"<p>Bashkimi Evropian thot\u00eb se e ka n\u00eb v\u00ebmendje n\u00ebnshkrimin e dokumentit midis Beogradit dhe Prishtin\u00ebs n\u00eb Sht\u00ebpin\u00eb e Bardh\u00eb. \u201cNe mir\u00ebpresim pal\u00ebt n\u00eb Bruksel k\u00ebt\u00eb fundjav\u00eb dhe jav\u00ebn e ardhshme p\u00ebr t\u00eb vazhduar pun\u00ebn ton\u00eb n\u00eb nj\u00eb marr\u00ebveshje gjith\u00ebp\u00ebrfshir\u00ebse p\u00ebr normalizimin e marr\u00ebdh\u00ebnieve midis Kosov\u00ebs dhe Serbis\u00eb, q\u00eb ka t\u00eb b\u00ebj\u00eb me t\u00eb gjitha \u00e7\u00ebshtjet [&hellip;]<\/p>\n","protected":false,"gt_translate_keys":[{"key":"rendered","format":"html"}]},"author":32,"featured_media":393381,"comment_status":"open","ping_status":"open","sticky":false,"template":"","format":"standard","meta":{"footnotes":""},"categories":[6,13],"tags":[],"class_list":["post-397848","post","type-post","status-publish","format-standard","has-post-thumbnail","hentry","category-nderkombetare","category-te-fundit"],"gt_translate_keys":[{"key":"link","format":"url"}],"_links":{"self":[{"href":"https:\/\/www.hashtag.al\/index.php\/wp-json\/wp\/v2\/posts\/397848","targetHints":{"allow":["GET"]}}],"collection":[{"href":"https:\/\/www.hashtag.al\/index.php\/wp-json\/wp\/v2\/posts"}],"about":[{"href":"https:\/\/www.hashtag.al\/index.php\/wp-json\/wp\/v2\/types\/post"}],"author":[{"embeddable":true,"href":"https:\/\/www.hashtag.al\/index.php\/wp-json\/wp\/v2\/users\/32"}],"replies":[{"embeddable":true,"href":"https:\/\/www.hashtag.al\/index.php\/wp-json\/wp\/v2\/comments?post=397848"}],"version-history":[{"count":0,"href":"https:\/\/www.hashtag.al\/index.php\/wp-json\/wp\/v2\/posts\/397848\/revisions"}],"wp:featuredmedia":[{"embeddable":true,"href":"https:\/\/www.hashtag.al\/index.php\/wp-json\/wp\/v2\/media\/393381"}],"wp:attachment":[{"href":"https:\/\/www.hashtag.al\/index.php\/wp-json\/wp\/v2\/media?parent=397848"}],"wp:term":[{"taxonomy":"category","embeddable":true,"href":"https:\/\/www.hashtag.al\/index.php\/wp-json\/wp\/v2\/categories?post=397848"},{"taxonomy":"post_tag","embeddable":true,"href":"https:\/\/www.hashtag.al\/index.php\/wp-json\/wp\/v2\/tags?post=397848"}],"curies":[{"name":"wp","href":"https:\/\/api.w.org\/{rel}","templated":true}]}}