{"id":397800,"date":"2020-09-04T18:59:07","date_gmt":"2020-09-04T16:59:07","guid":{"rendered":"https:\/\/hashtag.al\/?p=397800"},"modified":"2020-09-04T18:59:07","modified_gmt":"2020-09-04T16:59:07","slug":"marreveshja-me-serbine-mediet-ne-kosove-zbardhin-tekstin-e-plote-dokumenti","status":"publish","type":"post","link":"https:\/\/www.hashtag.al\/index.php\/2020\/09\/04\/marreveshja-me-serbine-mediet-ne-kosove-zbardhin-tekstin-e-plote-dokumenti\/","title":{"rendered":"Marr\u00ebveshja me Serbin\u00eb, mediet n\u00eb Kosov\u00eb zbardhin tekstin e plot\u00eb (Dokumenti)","gt_translate_keys":[{"key":"rendered","format":"text"}]},"content":{"rendered":"<p><img loading=\"lazy\" decoding=\"async\" class=\"aligncenter size-full wp-image-397790\" src=\"https:\/\/hashtag.al\/wp-content\/uploads\/2020\/09\/marreveshja.jpg\" alt=\"\" width=\"900\" height=\"675\" srcset=\"https:\/\/www.hashtag.al\/wp-content\/uploads\/2020\/09\/marreveshja.jpg 900w, https:\/\/www.hashtag.al\/wp-content\/uploads\/2020\/09\/marreveshja-300x225.jpg 300w, https:\/\/www.hashtag.al\/wp-content\/uploads\/2020\/09\/marreveshja-768x576.jpg 768w\" sizes=\"auto, (max-width: 900px) 100vw, 900px\" \/><\/p>\n<p>Kosova dhe Serbia kan\u00eb n\u00ebnshkruar marr\u00ebveshje n\u00eb Sht\u00ebpin\u00eb e Bardh\u00eb n\u00eb Uashington. Gazeta Express ka publikuar p\u00ebrmbajtjen e k\u00ebsaj marr\u00ebveshje e cila p\u00ebrb\u00ebhet prej 16 pikave.<\/p>\n<p>Kjo marr\u00ebveshje konsiderohet ekonomike dhe n\u00eb paragrafin e par\u00eb thuhet se Serbia dhe Kosova kan\u00eb pranuar t\u00eb normalizojn\u00eb marr\u00ebdh\u00ebniet e tyre ekonomike si m\u00eb posht\u00eb.<\/p>\n<p>Nd\u00ebrsa n\u00eb paragrafin e fundit t\u00eb marr\u00ebveshjes thuhet se Kosova dhe Izraeli jan\u00eb dakorduar t\u00eb njohin nj\u00ebri-tjetrin.<\/p>\n<p><img loading=\"lazy\" decoding=\"async\" class=\"aligncenter size-full wp-image-397801\" src=\"https:\/\/hashtag.al\/wp-content\/uploads\/2020\/09\/118652514_4246687382073278_1822049360836106510_n-1-450x600.jpg\" alt=\"\" width=\"450\" height=\"600\" srcset=\"https:\/\/www.hashtag.al\/wp-content\/uploads\/2020\/09\/118652514_4246687382073278_1822049360836106510_n-1-450x600.jpg 450w, https:\/\/www.hashtag.al\/wp-content\/uploads\/2020\/09\/118652514_4246687382073278_1822049360836106510_n-1-450x600-225x300.jpg 225w\" sizes=\"auto, (max-width: 450px) 100vw, 450px\" \/> <img loading=\"lazy\" decoding=\"async\" class=\"aligncenter size-full wp-image-397802\" src=\"https:\/\/hashtag.al\/wp-content\/uploads\/2020\/09\/118660162_1168684646835003_1690362886323238011_n-1-1-450x600.jpg\" alt=\"\" width=\"450\" height=\"600\" srcset=\"https:\/\/www.hashtag.al\/wp-content\/uploads\/2020\/09\/118660162_1168684646835003_1690362886323238011_n-1-1-450x600.jpg 450w, https:\/\/www.hashtag.al\/wp-content\/uploads\/2020\/09\/118660162_1168684646835003_1690362886323238011_n-1-1-450x600-225x300.jpg 225w\" sizes=\"auto, (max-width: 450px) 100vw, 450px\" \/> <img loading=\"lazy\" decoding=\"async\" class=\"aligncenter size-full wp-image-397803\" src=\"https:\/\/hashtag.al\/wp-content\/uploads\/2020\/09\/118470747_617926802229570_4327564494384084331_n-2-450x600.jpg\" alt=\"\" width=\"450\" height=\"600\" srcset=\"https:\/\/www.hashtag.al\/wp-content\/uploads\/2020\/09\/118470747_617926802229570_4327564494384084331_n-2-450x600.jpg 450w, https:\/\/www.hashtag.al\/wp-content\/uploads\/2020\/09\/118470747_617926802229570_4327564494384084331_n-2-450x600-225x300.jpg 225w\" sizes=\"auto, (max-width: 450px) 100vw, 450px\" \/><\/p>\n","protected":false,"gt_translate_keys":[{"key":"rendered","format":"html"}]},"excerpt":{"rendered":"<p>Kosova dhe Serbia kan\u00eb n\u00ebnshkruar marr\u00ebveshje n\u00eb Sht\u00ebpin\u00eb e Bardh\u00eb n\u00eb Uashington. Gazeta Express ka publikuar p\u00ebrmbajtjen e k\u00ebsaj marr\u00ebveshje e cila p\u00ebrb\u00ebhet prej 16 pikave. Kjo marr\u00ebveshje konsiderohet ekonomike dhe n\u00eb paragrafin e par\u00eb thuhet se Serbia dhe Kosova kan\u00eb pranuar t\u00eb normalizojn\u00eb marr\u00ebdh\u00ebniet e tyre ekonomike si m\u00eb posht\u00eb. Nd\u00ebrsa n\u00eb paragrafin e [&hellip;]<\/p>\n","protected":false,"gt_translate_keys":[{"key":"rendered","format":"html"}]},"author":32,"featured_media":397790,"comment_status":"open","ping_status":"open","sticky":false,"template":"","format":"standard","meta":{"footnotes":""},"categories":[149,65,13],"tags":[],"class_list":["post-397800","post","type-post","status-publish","format-standard","has-post-thumbnail","hentry","category-kosoverajon","category-lajme","category-te-fundit"],"gt_translate_keys":[{"key":"link","format":"url"}],"_links":{"self":[{"href":"https:\/\/www.hashtag.al\/index.php\/wp-json\/wp\/v2\/posts\/397800","targetHints":{"allow":["GET"]}}],"collection":[{"href":"https:\/\/www.hashtag.al\/index.php\/wp-json\/wp\/v2\/posts"}],"about":[{"href":"https:\/\/www.hashtag.al\/index.php\/wp-json\/wp\/v2\/types\/post"}],"author":[{"embeddable":true,"href":"https:\/\/www.hashtag.al\/index.php\/wp-json\/wp\/v2\/users\/32"}],"replies":[{"embeddable":true,"href":"https:\/\/www.hashtag.al\/index.php\/wp-json\/wp\/v2\/comments?post=397800"}],"version-history":[{"count":0,"href":"https:\/\/www.hashtag.al\/index.php\/wp-json\/wp\/v2\/posts\/397800\/revisions"}],"wp:featuredmedia":[{"embeddable":true,"href":"https:\/\/www.hashtag.al\/index.php\/wp-json\/wp\/v2\/media\/397790"}],"wp:attachment":[{"href":"https:\/\/www.hashtag.al\/index.php\/wp-json\/wp\/v2\/media?parent=397800"}],"wp:term":[{"taxonomy":"category","embeddable":true,"href":"https:\/\/www.hashtag.al\/index.php\/wp-json\/wp\/v2\/categories?post=397800"},{"taxonomy":"post_tag","embeddable":true,"href":"https:\/\/www.hashtag.al\/index.php\/wp-json\/wp\/v2\/tags?post=397800"}],"curies":[{"name":"wp","href":"https:\/\/api.w.org\/{rel}","templated":true}]}}