{"id":397764,"date":"2020-09-04T16:52:04","date_gmt":"2020-09-04T14:52:04","guid":{"rendered":"https:\/\/hashtag.al\/?p=397764"},"modified":"2020-09-04T16:49:28","modified_gmt":"2020-09-04T14:49:28","slug":"duam-te-zbukurohemi-si-pelosi-demokrates-i-varin-tharese-flokesh-te-pema-afer-shtepise-video","status":"publish","type":"post","link":"https:\/\/www.hashtag.al\/index.php\/2020\/09\/04\/duam-te-zbukurohemi-si-pelosi-demokrates-i-varin-tharese-flokesh-te-pema-afer-shtepise-video\/","title":{"rendered":"&#8220;Duam t\u00eb zbukurohemi si Pelosi&#8221; &#8211; Demokrates i varin thar\u00ebse flok\u00ebsh te pema af\u00ebr sht\u00ebpis\u00eb (Video)","gt_translate_keys":[{"key":"rendered","format":"text"}]},"content":{"rendered":"<p><img loading=\"lazy\" decoding=\"async\" class=\"aligncenter size-full wp-image-397770\" src=\"https:\/\/hashtag.al\/wp-content\/uploads\/2020\/09\/nensi2.jpg\" alt=\"\" width=\"980\" height=\"551\" srcset=\"https:\/\/www.hashtag.al\/wp-content\/uploads\/2020\/09\/nensi2.jpg 980w, https:\/\/www.hashtag.al\/wp-content\/uploads\/2020\/09\/nensi2-300x169.jpg 300w, https:\/\/www.hashtag.al\/wp-content\/uploads\/2020\/09\/nensi2-768x432.jpg 768w\" sizes=\"auto, (max-width: 980px) 100vw, 980px\" \/><\/p>\n<p><span style=\"color: #000000;\">Nj\u00eb grup grash u mblodh\u00ebn p\u00ebr t\u00eb protestuar pran\u00eb sht\u00ebpis\u00eb s\u00eb kryetares s\u00eb Dhom\u00ebs s\u00eb P\u00ebrfaq\u00ebsuesve t\u00eb SHBA-t\u00eb, Nancy Pelosi. <\/span><\/p>\n<p><span style=\"color: #000000;\">Ato vendos\u00ebn thar\u00ebse e kap\u00ebse flok\u00ebsh n\u00eb nj\u00eb pem\u00eb, nd\u00ebrsa k\u00ebrkuan hapjen e salloneve t\u00eb bukuris\u00eb ku t\u00eb trajtoheshin nj\u00ebsoj si ligjv\u00ebn\u00ebsja amerikane.<\/span><\/p>\n<p><span style=\"color: #000000;\">Nj\u00eb turm\u00eb u pa jasht\u00eb sht\u00ebpis\u00eb s\u00eb Pelosit n\u00eb San Francisco t\u00eb enjten, duke protestuar pasi demokratja u kap duke rregulluar flok\u00ebt e saj n\u00eb nj\u00eb sallon t\u00eb mbyllur p\u00ebr shkak t\u00eb kufizimeve t\u00eb Covid-19 n\u00eb fillim t\u00eb k\u00ebsaj jave. <\/span><\/p>\n<p><span style=\"color: #000000;\">Videot e shp\u00ebrndara n\u00eb mediat sociale treguan demonstrueset q\u00eb var\u00ebn thar\u00ebse e var\u00ebse flok\u00ebsh n\u00eb nj\u00eb pem\u00eb af\u00ebr sht\u00ebpis\u00eb s\u00eb Pelosit.<\/span><\/p>\n<p><span style=\"color: #000000;\"><em>&#8220;Un\u00eb thjesht dua t&#8217;i them nj\u00eb gj\u00eb Nancy Pelosi: Dil nga salloni dhe kthehu n\u00eb pun\u00eb dhe mirato nj\u00eb fatur\u00eb leht\u00ebsimi financiare p\u00ebr t\u00eb d\u00ebmtuarit nga pandemia Covid.\u201d<\/em> \u2013 tha nj\u00ebra nga protestueset.<\/span><\/p>\n<div style=\"width: 886px;\" class=\"wp-video\"><video class=\"wp-video-shortcode\" id=\"video-397764-1\" width=\"886\" height=\"480\" preload=\"metadata\" controls=\"controls\"><source type=\"video\/mp4\" src=\"https:\/\/hashtag.al\/wp-content\/uploads\/2020\/09\/pelosi.mp42.mp4?_=1\" \/><a href=\"https:\/\/hashtag.al\/wp-content\/uploads\/2020\/09\/pelosi.mp42.mp4\">https:\/\/hashtag.al\/wp-content\/uploads\/2020\/09\/pelosi.mp42.mp4<\/a><\/video><\/div>\n<div style=\"width: 1170px;\" class=\"wp-video\"><video class=\"wp-video-shortcode\" id=\"video-397764-2\" width=\"1170\" height=\"658\" preload=\"metadata\" controls=\"controls\"><source type=\"video\/mp4\" src=\"https:\/\/hashtag.al\/wp-content\/uploads\/2020\/09\/pelosi.mp43.mp4?_=2\" \/><a href=\"https:\/\/hashtag.al\/wp-content\/uploads\/2020\/09\/pelosi.mp43.mp4\">https:\/\/hashtag.al\/wp-content\/uploads\/2020\/09\/pelosi.mp43.mp4<\/a><\/video><\/div>\n<div style=\"width: 1170px;\" class=\"wp-video\"><video class=\"wp-video-shortcode\" id=\"video-397764-3\" width=\"1170\" height=\"658\" preload=\"metadata\" controls=\"controls\"><source type=\"video\/mp4\" src=\"https:\/\/hashtag.al\/wp-content\/uploads\/2020\/09\/pelosi.mp4?_=3\" \/><a href=\"https:\/\/hashtag.al\/wp-content\/uploads\/2020\/09\/pelosi.mp4\">https:\/\/hashtag.al\/wp-content\/uploads\/2020\/09\/pelosi.mp4<\/a><\/video><\/div>\n","protected":false,"gt_translate_keys":[{"key":"rendered","format":"html"}]},"excerpt":{"rendered":"<p>Nj\u00eb grup grash u mblodh\u00ebn p\u00ebr t\u00eb protestuar pran\u00eb sht\u00ebpis\u00eb s\u00eb kryetares s\u00eb Dhom\u00ebs s\u00eb P\u00ebrfaq\u00ebsuesve t\u00eb SHBA-t\u00eb, Nancy Pelosi. Ato vendos\u00ebn thar\u00ebse e kap\u00ebse flok\u00ebsh n\u00eb nj\u00eb pem\u00eb, nd\u00ebrsa k\u00ebrkuan hapjen e salloneve t\u00eb bukuris\u00eb ku t\u00eb trajtoheshin nj\u00ebsoj si ligjv\u00ebn\u00ebsja amerikane. Nj\u00eb turm\u00eb u pa jasht\u00eb sht\u00ebpis\u00eb s\u00eb Pelosit n\u00eb San Francisco t\u00eb [&hellip;]<\/p>\n","protected":false,"gt_translate_keys":[{"key":"rendered","format":"html"}]},"author":51,"featured_media":397770,"comment_status":"open","ping_status":"open","sticky":false,"template":"","format":"standard","meta":{"footnotes":""},"categories":[53],"tags":[],"class_list":["post-397764","post","type-post","status-publish","format-standard","has-post-thumbnail","hentry","category-fast-foodi"],"gt_translate_keys":[{"key":"link","format":"url"}],"_links":{"self":[{"href":"https:\/\/www.hashtag.al\/index.php\/wp-json\/wp\/v2\/posts\/397764","targetHints":{"allow":["GET"]}}],"collection":[{"href":"https:\/\/www.hashtag.al\/index.php\/wp-json\/wp\/v2\/posts"}],"about":[{"href":"https:\/\/www.hashtag.al\/index.php\/wp-json\/wp\/v2\/types\/post"}],"author":[{"embeddable":true,"href":"https:\/\/www.hashtag.al\/index.php\/wp-json\/wp\/v2\/users\/51"}],"replies":[{"embeddable":true,"href":"https:\/\/www.hashtag.al\/index.php\/wp-json\/wp\/v2\/comments?post=397764"}],"version-history":[{"count":0,"href":"https:\/\/www.hashtag.al\/index.php\/wp-json\/wp\/v2\/posts\/397764\/revisions"}],"wp:featuredmedia":[{"embeddable":true,"href":"https:\/\/www.hashtag.al\/index.php\/wp-json\/wp\/v2\/media\/397770"}],"wp:attachment":[{"href":"https:\/\/www.hashtag.al\/index.php\/wp-json\/wp\/v2\/media?parent=397764"}],"wp:term":[{"taxonomy":"category","embeddable":true,"href":"https:\/\/www.hashtag.al\/index.php\/wp-json\/wp\/v2\/categories?post=397764"},{"taxonomy":"post_tag","embeddable":true,"href":"https:\/\/www.hashtag.al\/index.php\/wp-json\/wp\/v2\/tags?post=397764"}],"curies":[{"name":"wp","href":"https:\/\/api.w.org\/{rel}","templated":true}]}}