{"id":397679,"date":"2020-09-04T11:56:07","date_gmt":"2020-09-04T09:56:07","guid":{"rendered":"https:\/\/hashtag.al\/?p=397679"},"modified":"2020-09-04T11:59:03","modified_gmt":"2020-09-04T09:59:03","slug":"gjykata-pushon-ceshtjen-ndaj-klevis-balliut-per-tubim-te-paligjshem-ish-deputeti-kjo-tregon-se-gjithcka-qe-politike","status":"publish","type":"post","link":"https:\/\/www.hashtag.al\/index.php\/2020\/09\/04\/gjykata-pushon-ceshtjen-ndaj-klevis-balliut-per-tubim-te-paligjshem-ish-deputeti-kjo-tregon-se-gjithcka-qe-politike\/","title":{"rendered":"Gjykata pushon \u00e7\u00ebshtjen ndaj Klevis Balliut p\u00ebr tubim t\u00eb paligjsh\u00ebm, ish-deputeti: Kjo tregon se gjith\u00e7ka qe politike","gt_translate_keys":[{"key":"rendered","format":"text"}]},"content":{"rendered":"<p><a href=\"https:\/\/hashtag.al\/wp-content\/uploads\/2020\/09\/Balliu.jpg\"><img loading=\"lazy\" decoding=\"async\" class=\"aligncenter size-full wp-image-397680\" src=\"https:\/\/hashtag.al\/wp-content\/uploads\/2020\/09\/Balliu.jpg\" alt=\"\" width=\"660\" height=\"320\" srcset=\"https:\/\/www.hashtag.al\/wp-content\/uploads\/2020\/09\/Balliu.jpg 660w, https:\/\/www.hashtag.al\/wp-content\/uploads\/2020\/09\/Balliu-300x145.jpg 300w\" sizes=\"auto, (max-width: 660px) 100vw, 660px\" \/><\/a><\/p>\n<p><span style=\"color: #000000;\">Gjykata e Tiran\u00ebs ka pushuar nj\u00eb nga procedimet p\u00ebr protestat e kryera n\u00eb Unaz\u00ebn e Re. I proceduar ishte edhe ish-deputeti i Partis\u00eb Demokratike, Klevis Balliu, i cili doli n\u00eb nj\u00eb deklarat\u00eb p\u00ebr mediat.<\/span><\/p>\n<p><span style=\"color: #000000;\">Ka qen\u00eb vet\u00eb prokuroria q\u00eb erdhi n\u00eb gjykat\u00eb me k\u00ebrkes\u00ebn e pushimit t\u00eb hetimeve p\u00ebr organizim dhe tubim t\u00eb paligjsh\u00ebm.<\/span><\/p>\n<p><span style=\"color: #000000;\">Balliu foli lidhur me k\u00ebt\u00eb, duke konsideruar se ky vendim tregon se i gjith\u00eb procedimi ka qen\u00eb politik. Ai thot\u00eb se ka me qindra persona t\u00eb tjer\u00eb t\u00eb hetuar lidhur me protestat n\u00eb zon\u00ebn e Unaz\u00ebs s\u00eb Re.<\/span><\/p>\n<p><em><span style=\"color: #000000;\">\u201cJan\u00eb me qindra persona t\u00eb hetuar p\u00ebr protestat e Unaz\u00ebs. Pushimi i \u00e7\u00ebshtjes tregon se gjith\u00e7ka \u00ebsht\u00eb politike. Nuk ka si t\u00eb ndodh\u00eb ndryshe kur Policia e Shtetit drejtohet nga sigurimsa si Gjovalin Loka etj. K\u00ebta nuk \u00ebsht\u00eb se nuk kan\u00eb prova p\u00ebr k\u00ebt\u00eb gj\u00eb, nuk kan\u00eb prova p\u00ebr asgj\u00eb ndaj opozit\u00ebs. \u00cbsht\u00eb Edi Rama ai q\u00eb po vjedh sht\u00ebpit\u00eb e qytetar\u00ebve p\u00ebr t\u00eb nd\u00ebrtuar kulla.<\/span><\/em><br \/>\n<span style=\"color: #000000;\"><em>Pse nuk ka hetime ndaj Salillarit. K\u00ebta qytetar\u00eb kan\u00eb qen\u00eb n\u00ebp\u00ebr burgje, dikujt i kan\u00eb d\u00ebmtuar k\u00ebmb\u00ebn. Kjo \u00ebsht\u00eb nj\u00eb qeveri hajdute dhe do marr\u00eb fund. <\/em><\/span><\/p>\n<p><span style=\"color: #000000;\"><em>Pretendohet se i kam thyer krahun nj\u00eb polici nd\u00ebrkoh\u00eb q\u00eb un\u00eb i kam b\u00ebr\u00eb thirrje t\u00eb marrin kamerat e rajonit Nr.6. Mua m\u00eb kan\u00eb zbritur polic\u00ebt sepse nuk shikoja sepse m\u00eb bllokuan shikimin me substancat e forcave t\u00eb FNSH-s\u00eb. Pra, t\u00eb gjitha k\u00ebto jan\u00eb mekanizma politik\u00eb q\u00eb qeveria p\u00ebrdor ndaj opozit\u00ebs dhe qytetar\u00ebve.\u201d<\/em> &#8211; tha Balliu.<\/span><\/p>\n","protected":false,"gt_translate_keys":[{"key":"rendered","format":"html"}]},"excerpt":{"rendered":"<p>Gjykata e Tiran\u00ebs ka pushuar nj\u00eb nga procedimet p\u00ebr protestat e kryera n\u00eb Unaz\u00ebn e Re. I proceduar ishte edhe ish-deputeti i Partis\u00eb Demokratike, Klevis Balliu, i cili doli n\u00eb nj\u00eb deklarat\u00eb p\u00ebr mediat. Ka qen\u00eb vet\u00eb prokuroria q\u00eb erdhi n\u00eb gjykat\u00eb me k\u00ebrkes\u00ebn e pushimit t\u00eb hetimeve p\u00ebr organizim dhe tubim t\u00eb paligjsh\u00ebm. Balliu [&hellip;]<\/p>\n","protected":false,"gt_translate_keys":[{"key":"rendered","format":"html"}]},"author":30,"featured_media":397680,"comment_status":"open","ping_status":"open","sticky":false,"template":"","format":"standard","meta":{"footnotes":""},"categories":[65,13],"tags":[],"class_list":["post-397679","post","type-post","status-publish","format-standard","has-post-thumbnail","hentry","category-lajme","category-te-fundit"],"gt_translate_keys":[{"key":"link","format":"url"}],"_links":{"self":[{"href":"https:\/\/www.hashtag.al\/index.php\/wp-json\/wp\/v2\/posts\/397679","targetHints":{"allow":["GET"]}}],"collection":[{"href":"https:\/\/www.hashtag.al\/index.php\/wp-json\/wp\/v2\/posts"}],"about":[{"href":"https:\/\/www.hashtag.al\/index.php\/wp-json\/wp\/v2\/types\/post"}],"author":[{"embeddable":true,"href":"https:\/\/www.hashtag.al\/index.php\/wp-json\/wp\/v2\/users\/30"}],"replies":[{"embeddable":true,"href":"https:\/\/www.hashtag.al\/index.php\/wp-json\/wp\/v2\/comments?post=397679"}],"version-history":[{"count":0,"href":"https:\/\/www.hashtag.al\/index.php\/wp-json\/wp\/v2\/posts\/397679\/revisions"}],"wp:featuredmedia":[{"embeddable":true,"href":"https:\/\/www.hashtag.al\/index.php\/wp-json\/wp\/v2\/media\/397680"}],"wp:attachment":[{"href":"https:\/\/www.hashtag.al\/index.php\/wp-json\/wp\/v2\/media?parent=397679"}],"wp:term":[{"taxonomy":"category","embeddable":true,"href":"https:\/\/www.hashtag.al\/index.php\/wp-json\/wp\/v2\/categories?post=397679"},{"taxonomy":"post_tag","embeddable":true,"href":"https:\/\/www.hashtag.al\/index.php\/wp-json\/wp\/v2\/tags?post=397679"}],"curies":[{"name":"wp","href":"https:\/\/api.w.org\/{rel}","templated":true}]}}