{"id":397667,"date":"2020-09-04T11:35:29","date_gmt":"2020-09-04T09:35:29","guid":{"rendered":"https:\/\/hashtag.al\/?p=397667"},"modified":"2020-09-04T11:37:48","modified_gmt":"2020-09-04T09:37:48","slug":"foton-ma-nxore-por-cekun-e-bebes-nuk-e-mora-komenti-i-nenes-se-re-per-ramen","status":"publish","type":"post","link":"https:\/\/www.hashtag.al\/index.php\/2020\/09\/04\/foton-ma-nxore-por-cekun-e-bebes-nuk-e-mora-komenti-i-nenes-se-re-per-ramen\/","title":{"rendered":"&#8220;Foton ma nxore por \u00e7ekun e bebes nuk e mora&#8221;- komenti i n\u00ebn\u00ebs s\u00eb re p\u00ebr Ram\u00ebn","gt_translate_keys":[{"key":"rendered","format":"text"}]},"content":{"rendered":"<p><a href=\"https:\/\/hashtag.al\/wp-content\/uploads\/2020\/09\/nena.jpg\"><img loading=\"lazy\" decoding=\"async\" class=\"aligncenter size-full wp-image-397669\" src=\"https:\/\/hashtag.al\/wp-content\/uploads\/2020\/09\/nena.jpg\" alt=\"\" width=\"730\" height=\"442\" srcset=\"https:\/\/www.hashtag.al\/wp-content\/uploads\/2020\/09\/nena.jpg 730w, https:\/\/www.hashtag.al\/wp-content\/uploads\/2020\/09\/nena-300x182.jpg 300w\" sizes=\"auto, (max-width: 730px) 100vw, 730px\" \/><\/a><\/p>\n<p><span style=\"color: #000000;\">Z\u00ebdh\u00ebn\u00ebsja e Partis\u00eb Demokratike, Ina Zhupa, e cila \u00ebsht\u00eb vet\u00eb nj\u00eb n\u00ebn\u00eb e re, ka b\u00ebr\u00eb nj\u00eb tjet\u00ebr reagim lidhur me \u00e7ekun e bebeve.<\/span><\/p>\n<p><span style=\"color: #000000;\">Ajo ka publikuar n\u00eb llogarin\u00eb e saj n\u00eb Facebook, nj\u00eb koment t\u00eb nj\u00eb gruaje t\u00eb b\u00ebr\u00eb n\u00eb faqen e kryeministrit Edi Rama, p\u00ebr \u00e7ekun e bebes.<\/span><\/p>\n<p><span style=\"color: #000000;\">N\u00ebna thot\u00eb se kryeministri mori foton e saj me f\u00ebmij\u00ebn e porsalindur, p\u00ebr ta p\u00ebrdorur p\u00ebr rrjetet sociale, por nga ana tjet\u00ebr ende nuk ia ka dh\u00ebn\u00eb \u00e7ekun p\u00ebr beben.<\/span><\/p>\n<p><span style=\"color: #000000;\"><em>&#8220;Po e v\u00ebrtet\u00eb dhe un\u00eb dhe fotoja, por \u00e7ekun nuk ma dhat\u00eb zoti kryeminist\u00ebr Edi Rama! M\u00eb that\u00eb q\u00eb t\u00eb ka mbaruar afati!&#8221;<\/em>&#8211; shkruan komentuesja.<\/span><\/p>\n<p><span style=\"color: #000000;\">N\u00eb postimin p\u00ebrdor foton e n\u00ebn\u00ebs s\u00eb re, Rama flet p\u00ebr programin p\u00ebr mb\u00ebshtetjen e familjeve t\u00eb reja dhe p\u00ebr bonusin e bebes.<\/span><\/p>\n<p><a href=\"https:\/\/hashtag.al\/wp-content\/uploads\/2020\/09\/zhupa-1.jpg\"><img loading=\"lazy\" decoding=\"async\" class=\"aligncenter size-full wp-image-397671\" src=\"https:\/\/hashtag.al\/wp-content\/uploads\/2020\/09\/zhupa-1.jpg\" alt=\"\" width=\"768\" height=\"832\" srcset=\"https:\/\/www.hashtag.al\/wp-content\/uploads\/2020\/09\/zhupa-1.jpg 768w, https:\/\/www.hashtag.al\/wp-content\/uploads\/2020\/09\/zhupa-1-277x300.jpg 277w\" sizes=\"auto, (max-width: 768px) 100vw, 768px\" \/><\/a><\/p>\n<p><span style=\"color: #000000;\">Zhupa shprehet se ka zvarritje pa fund p\u00ebr t\u00eb t\u00ebrhequr bonusin e bebes, procedura t\u00eb komplikuara me afate, t\u00eb gjitha kurthe q\u00eb sipas saj n\u00ebnat dhe baballar\u00ebt mos marrin asnj\u00eb ndihm\u00eb reale nga shteti.<\/span><\/p>\n<p><strong><span style=\"color: #000000;\">KOMENTI I ZHUP\u00cbS<\/span><\/strong><\/p>\n<p><span style=\"color: #000000;\">Ja si del haptas g\u00ebnjeshtra e Ram\u00ebs dhe vdes propaganda rilindase, me fjal\u00ebt e sinqerta t\u00eb nj\u00eb n\u00ebne q\u00eb bonusin e bebes nuk e mori kurr\u00eb, por foton ja keqp\u00ebrdor kryeg\u00ebnjeshtari p\u00ebr t\u00eb mashtruar!<\/span><br \/>\n<span style=\"color: #000000;\">P\u00ebrgjigjia e saj flet vet\u00eb!<\/span><\/p>\n<p><span style=\"color: #000000;\">Edi Rama nuk e di q\u00eb nevojat e prind\u00ebrve kur vjen nj\u00eb jet\u00eb e re n\u00eb familje jan\u00eb t\u00eb shumta. Kur ke 7 vjet q\u00eb gjith\u00eb koh\u00ebn dhe energjin\u00eb e shpenzon p\u00ebr t\u00eb prodhuar propagand\u00eb, nuk arrin as te kuptosh e jo m\u00eb t\u00eb ndihmosh njer\u00ebzit q\u00eb kan\u00eb nevoj\u00eb p\u00ebr ndihm\u00eb.<\/span><\/p>\n<p><span style=\"color: #000000;\">Shporta fasad\u00eb, foto n\u00eb maternitet, foto me f\u00ebmij\u00eb t\u00eb pafajsh\u00ebm q\u00eb p\u00ebrdoren p\u00ebr t\u00eb mbushur videot e propagand\u00ebs, nd\u00ebrsa xhepat e prind\u00ebrve zbrazen \u00e7do dit\u00eb e m\u00eb shum\u00eb.<\/span><\/p>\n<p><span style=\"color: #000000;\">Zvarritje pa fund p\u00ebr t\u00eb t\u00ebrhequr bonusin e bebes, procedura t\u00eb komplikuara me afate, t\u00eb gjitha kurthe q\u00eb n\u00ebnat dhe baballar\u00ebt mos marrin asnj\u00eb ndihm\u00eb reale nga shteti.<\/span><\/p>\n<p><span style=\"color: #000000;\">Nuk ka form\u00eb propagande q\u00eb e fsheh revolt\u00ebn e k\u00ebsaj n\u00ebne, q\u00eb i kan\u00eb p\u00ebrdorur foton e saj dhe t\u00eb foshnjes p\u00ebr t\u00eb g\u00ebnjyer p\u00ebr bonusin e bebes.<\/span><\/p>\n<p><span style=\"color: #000000;\">Shqiptar\u00ebt nuk jan\u00eb p\u00ebr tu tallur dhe p\u00ebrdorur po p\u00ebr t\u2019u ndihmuar. Por Kryeg\u00ebnjeshtari n\u00eb ikje nuk e b\u00ebri kurr\u00eb.<\/span><\/p>\n","protected":false,"gt_translate_keys":[{"key":"rendered","format":"html"}]},"excerpt":{"rendered":"<p>Z\u00ebdh\u00ebn\u00ebsja e Partis\u00eb Demokratike, Ina Zhupa, e cila \u00ebsht\u00eb vet\u00eb nj\u00eb n\u00ebn\u00eb e re, ka b\u00ebr\u00eb nj\u00eb tjet\u00ebr reagim lidhur me \u00e7ekun e bebeve. Ajo ka publikuar n\u00eb llogarin\u00eb e saj n\u00eb Facebook, nj\u00eb koment t\u00eb nj\u00eb gruaje t\u00eb b\u00ebr\u00eb n\u00eb faqen e kryeministrit Edi Rama, p\u00ebr \u00e7ekun e bebes. N\u00ebna thot\u00eb se kryeministri mori [&hellip;]<\/p>\n","protected":false,"gt_translate_keys":[{"key":"rendered","format":"html"}]},"author":30,"featured_media":397669,"comment_status":"open","ping_status":"open","sticky":false,"template":"","format":"standard","meta":{"footnotes":""},"categories":[1],"tags":[],"class_list":["post-397667","post","type-post","status-publish","format-standard","has-post-thumbnail","hentry","category-uncategorized"],"gt_translate_keys":[{"key":"link","format":"url"}],"_links":{"self":[{"href":"https:\/\/www.hashtag.al\/index.php\/wp-json\/wp\/v2\/posts\/397667","targetHints":{"allow":["GET"]}}],"collection":[{"href":"https:\/\/www.hashtag.al\/index.php\/wp-json\/wp\/v2\/posts"}],"about":[{"href":"https:\/\/www.hashtag.al\/index.php\/wp-json\/wp\/v2\/types\/post"}],"author":[{"embeddable":true,"href":"https:\/\/www.hashtag.al\/index.php\/wp-json\/wp\/v2\/users\/30"}],"replies":[{"embeddable":true,"href":"https:\/\/www.hashtag.al\/index.php\/wp-json\/wp\/v2\/comments?post=397667"}],"version-history":[{"count":0,"href":"https:\/\/www.hashtag.al\/index.php\/wp-json\/wp\/v2\/posts\/397667\/revisions"}],"wp:featuredmedia":[{"embeddable":true,"href":"https:\/\/www.hashtag.al\/index.php\/wp-json\/wp\/v2\/media\/397669"}],"wp:attachment":[{"href":"https:\/\/www.hashtag.al\/index.php\/wp-json\/wp\/v2\/media?parent=397667"}],"wp:term":[{"taxonomy":"category","embeddable":true,"href":"https:\/\/www.hashtag.al\/index.php\/wp-json\/wp\/v2\/categories?post=397667"},{"taxonomy":"post_tag","embeddable":true,"href":"https:\/\/www.hashtag.al\/index.php\/wp-json\/wp\/v2\/tags?post=397667"}],"curies":[{"name":"wp","href":"https:\/\/api.w.org\/{rel}","templated":true}]}}