{"id":397439,"date":"2020-09-03T12:48:48","date_gmt":"2020-09-03T10:48:48","guid":{"rendered":"https:\/\/hashtag.al\/?p=397439"},"modified":"2020-09-03T12:49:46","modified_gmt":"2020-09-03T10:49:46","slug":"vetevrasjet-tek-shefqet-ndroqi-bardh-spahia-duhet-plan-konkret-dy-spitalet-covid-pa-psikolog","status":"publish","type":"post","link":"https:\/\/www.hashtag.al\/index.php\/2020\/09\/03\/vetevrasjet-tek-shefqet-ndroqi-bardh-spahia-duhet-plan-konkret-dy-spitalet-covid-pa-psikolog\/","title":{"rendered":"Vet\u00ebvrasjet tek &#8220;Shefqet Ndroqi&#8221;, Bardh Spahia: Duhet plan konkret, dy spitalet Covid pa psikolog","gt_translate_keys":[{"key":"rendered","format":"text"}]},"content":{"rendered":"<p><a href=\"https:\/\/hashtag.al\/wp-content\/uploads\/2020\/05\/spahia.jpg\"><img loading=\"lazy\" decoding=\"async\" class=\"aligncenter size-full wp-image-376258\" src=\"https:\/\/hashtag.al\/wp-content\/uploads\/2020\/05\/spahia.jpg\" alt=\"\" width=\"660\" height=\"330\" srcset=\"https:\/\/www.hashtag.al\/wp-content\/uploads\/2020\/05\/spahia.jpg 660w, https:\/\/www.hashtag.al\/wp-content\/uploads\/2020\/05\/spahia-300x150.jpg 300w\" sizes=\"auto, (max-width: 660px) 100vw, 660px\" \/><\/a><\/p>\n<p><span style=\"color: #000000;\">Ish-deputeti i PD-s\u00eb, Bardh Spahia, ka reaguar lidhur me ngjarjen tragjike q\u00eb tronditi opinionin publik mbr\u00ebmjen e kaluar, kur nj\u00eb pacient me Covid i dha fund jet\u00ebs, duke u hedhur nga kati i kat\u00ebrt i Sanatoriumit.<\/span><\/p>\n<p><span style=\"color: #000000;\">Spahia kujton se ky \u00ebsht\u00eb nj\u00eb rast i dyt\u00eb brenda pak jav\u00ebve dhe ndaj thot\u00eb se autoritetet duhet t\u00eb impenjohen seriozisht dhe t\u00eb ken\u00eb nj\u00eb plan konkret p\u00ebr t\u00eb trajtuar r\u00ebndimin e gjendjes psikologjike p\u00ebr shkak t\u00eb izolimit.<\/span><\/p>\n<p><span style=\"color: #000000;\">Ish-deputeti thekson se asnj\u00ebri nga dy spitalet e Covidid nuk ka psikolog dhe kjo nuk mund t\u00eb anashkalhet.<\/span><\/p>\n<p><strong><span style=\"color: #000000;\">REAGIMI I ISH-DEPUTETIT SPAHIA<\/span><\/strong><\/p>\n<p><span style=\"color: #000000;\">EDHE SA PACIENTE ME COVID-19 DUHET TE VETVRITEN QE QEVERIA TE REAGOJE?<\/span><\/p>\n<p><span style=\"color: #000000;\">Ende nuk ka nj\u00eb reagim nga spitali \u201cShefqet Ndroqi\u201c p\u00ebr 65 vjecarin me Covid-19, q\u00eb i dha fund jet\u00ebs duke u hedhur nga kati i kat\u00ebrt i spitalit! Rasti i dyt\u00eb n\u00eb m\u00eb pak se tre jav\u00eb, duhet t\u00eb sjell\u00eb nj\u00eb impenjim serioz t\u00eb autoriteteve dhe nj\u00eb plan konkret p\u00ebr t\u00eb trajtuar, edhe nj\u00eb r\u00ebndim t\u00eb gjendjes psikologjike p\u00ebr shkak t\u00eb izolimit e v\u00ebshtir\u00ebsis\u00eb s\u00eb s\u00ebmundjes! Me probleme paraprake apo jo, fakt \u00ebsht\u00eb q\u00eb nj\u00eb 29 vjecar dhe nj\u00eb 65 vjecar zgjodh\u00ebn t\u2019i japin fund jet\u00ebs, n\u00eb vend t\u00eb kurimit mjek\u00ebsor! Drejtori i spitalit e ministria e sh\u00ebndet\u00ebsis\u00eb duhet t\u00eb mendonin p\u00ebr situat\u00ebn e pacient\u00ebve dhe t\u00eb merrnin masat p\u00ebrkat\u00ebse p\u00ebr t\u00eb trajtuar an\u00ebn psikologjike t\u00eb pacient\u00ebve! Asnj\u00ebri nga dy spitalet Covid nuk ka psikolog! Kjo situat\u00eb nuk mund t\u00eb anashkalohet me justifikimin, se pacient\u00ebt q\u00eb i dhan\u00eb fund jet\u00ebs kishin probleme paraprakisht! Kujdesi p\u00ebr sh\u00ebndetin mendor ndaj pacient\u00ebve t\u00eb till\u00eb ka munguar krejt\u00ebsisht!<\/span><br \/>\n<span style=\"color: #000000;\">Edhe sa pacient\u00eb me Covid-19 duhet t\u00eb humbin jet\u00ebn q\u00eb qeveria t\u00eb reagoj\u00eb duke marr\u00eb masa konkrete?<\/span><\/p>\n","protected":false,"gt_translate_keys":[{"key":"rendered","format":"html"}]},"excerpt":{"rendered":"<p>Ish-deputeti i PD-s\u00eb, Bardh Spahia, ka reaguar lidhur me ngjarjen tragjike q\u00eb tronditi opinionin publik mbr\u00ebmjen e kaluar, kur nj\u00eb pacient me Covid i dha fund jet\u00ebs, duke u hedhur nga kati i kat\u00ebrt i Sanatoriumit. Spahia kujton se ky \u00ebsht\u00eb nj\u00eb rast i dyt\u00eb brenda pak jav\u00ebve dhe ndaj thot\u00eb se autoritetet duhet t\u00eb [&hellip;]<\/p>\n","protected":false,"gt_translate_keys":[{"key":"rendered","format":"html"}]},"author":30,"featured_media":376258,"comment_status":"open","ping_status":"open","sticky":false,"template":"","format":"standard","meta":{"footnotes":""},"categories":[65,13],"tags":[],"class_list":["post-397439","post","type-post","status-publish","format-standard","has-post-thumbnail","hentry","category-lajme","category-te-fundit"],"gt_translate_keys":[{"key":"link","format":"url"}],"_links":{"self":[{"href":"https:\/\/www.hashtag.al\/index.php\/wp-json\/wp\/v2\/posts\/397439","targetHints":{"allow":["GET"]}}],"collection":[{"href":"https:\/\/www.hashtag.al\/index.php\/wp-json\/wp\/v2\/posts"}],"about":[{"href":"https:\/\/www.hashtag.al\/index.php\/wp-json\/wp\/v2\/types\/post"}],"author":[{"embeddable":true,"href":"https:\/\/www.hashtag.al\/index.php\/wp-json\/wp\/v2\/users\/30"}],"replies":[{"embeddable":true,"href":"https:\/\/www.hashtag.al\/index.php\/wp-json\/wp\/v2\/comments?post=397439"}],"version-history":[{"count":0,"href":"https:\/\/www.hashtag.al\/index.php\/wp-json\/wp\/v2\/posts\/397439\/revisions"}],"wp:featuredmedia":[{"embeddable":true,"href":"https:\/\/www.hashtag.al\/index.php\/wp-json\/wp\/v2\/media\/376258"}],"wp:attachment":[{"href":"https:\/\/www.hashtag.al\/index.php\/wp-json\/wp\/v2\/media?parent=397439"}],"wp:term":[{"taxonomy":"category","embeddable":true,"href":"https:\/\/www.hashtag.al\/index.php\/wp-json\/wp\/v2\/categories?post=397439"},{"taxonomy":"post_tag","embeddable":true,"href":"https:\/\/www.hashtag.al\/index.php\/wp-json\/wp\/v2\/tags?post=397439"}],"curies":[{"name":"wp","href":"https:\/\/api.w.org\/{rel}","templated":true}]}}