{"id":396945,"date":"2020-09-01T11:28:07","date_gmt":"2020-09-01T09:28:07","guid":{"rendered":"https:\/\/hashtag.al\/?p=396945"},"modified":"2020-09-01T11:29:14","modified_gmt":"2020-09-01T09:29:14","slug":"rama-mbledh-sot-ne-elbasan-grupin-parlamentar-te-ps-se","status":"publish","type":"post","link":"https:\/\/www.hashtag.al\/index.php\/2020\/09\/01\/rama-mbledh-sot-ne-elbasan-grupin-parlamentar-te-ps-se\/","title":{"rendered":"Rama mbledh sot n\u00eb Elbasan grupin parlamentar t\u00eb PS-s\u00eb","gt_translate_keys":[{"key":"rendered","format":"text"}]},"content":{"rendered":"<p><a href=\"https:\/\/hashtag.al\/wp-content\/uploads\/2020\/09\/Mbledhja-e-grupit-t\u00eb-PS-s\u00eb.jpg\"><img loading=\"lazy\" decoding=\"async\" class=\"aligncenter size-full wp-image-396946\" src=\"https:\/\/hashtag.al\/wp-content\/uploads\/2020\/09\/Mbledhja-e-grupit-t\u00eb-PS-s\u00eb.jpg\" alt=\"\" width=\"645\" height=\"365\" srcset=\"https:\/\/www.hashtag.al\/wp-content\/uploads\/2020\/09\/Mbledhja-e-grupit-t\u00eb-PS-s\u00eb.jpg 645w, https:\/\/www.hashtag.al\/wp-content\/uploads\/2020\/09\/Mbledhja-e-grupit-t\u00eb-PS-s\u00eb-300x170.jpg 300w\" sizes=\"auto, (max-width: 645px) 100vw, 645px\" \/><\/a><\/p>\n<p><span style=\"color: #000000;\">Pas pushimeve, socialist\u00ebt e nisin vrullsh\u00ebm sesionin e ri parlamentar me nj\u00eb mbledhje s\u00ebrish jasht\u00eb zyrave.<\/span><\/p>\n<p><span style=\"color: #000000;\">Kryeministri Edi Rama do t\u00eb mbledh\u00eb grupin e tij parlamentar pasditen e sotme, n\u00eb qytetin e Elbasanit. Mbledhja do t\u00eb nis\u00eb rreth or\u00ebs 16:00.<\/span><\/p>\n<p><span style=\"color: #000000;\">N\u00eb k\u00ebt\u00eb mbledhje t\u00eb grupit parlamentar, do t\u00eb diskutohet axhenda p\u00ebr sezonin e ri q\u00eb do t\u00eb nis\u00eb nga java e ardhshme. <\/span><\/p>\n<p><span style=\"color: #000000;\">N\u00eb fokus do t\u00eb jet\u00eb thirrja e Asambles\u00eb Komb\u00ebtare p\u00ebr zgjedhjen e kryesis\u00eb s\u00eb re, marrja e porosive p\u00ebr nisjen e fushat\u00ebs elektorale.<\/span><\/p>\n<p><span style=\"color: #000000;\">Gjithashtu socialist\u00ebt do t\u00eb informohen p\u00ebr ndryshimet e reja q\u00eb do t\u00eb nd\u00ebrmerren p\u00ebr Kodin Zgjedhor me q\u00ebllim hapjen e listave.<\/span><\/p>\n","protected":false,"gt_translate_keys":[{"key":"rendered","format":"html"}]},"excerpt":{"rendered":"<p>Pas pushimeve, socialist\u00ebt e nisin vrullsh\u00ebm sesionin e ri parlamentar me nj\u00eb mbledhje s\u00ebrish jasht\u00eb zyrave. Kryeministri Edi Rama do t\u00eb mbledh\u00eb grupin e tij parlamentar pasditen e sotme, n\u00eb qytetin e Elbasanit. Mbledhja do t\u00eb nis\u00eb rreth or\u00ebs 16:00. N\u00eb k\u00ebt\u00eb mbledhje t\u00eb grupit parlamentar, do t\u00eb diskutohet axhenda p\u00ebr sezonin e ri q\u00eb [&hellip;]<\/p>\n","protected":false,"gt_translate_keys":[{"key":"rendered","format":"html"}]},"author":30,"featured_media":396946,"comment_status":"open","ping_status":"open","sticky":false,"template":"","format":"standard","meta":{"footnotes":""},"categories":[65,13],"tags":[],"class_list":["post-396945","post","type-post","status-publish","format-standard","has-post-thumbnail","hentry","category-lajme","category-te-fundit"],"gt_translate_keys":[{"key":"link","format":"url"}],"_links":{"self":[{"href":"https:\/\/www.hashtag.al\/index.php\/wp-json\/wp\/v2\/posts\/396945","targetHints":{"allow":["GET"]}}],"collection":[{"href":"https:\/\/www.hashtag.al\/index.php\/wp-json\/wp\/v2\/posts"}],"about":[{"href":"https:\/\/www.hashtag.al\/index.php\/wp-json\/wp\/v2\/types\/post"}],"author":[{"embeddable":true,"href":"https:\/\/www.hashtag.al\/index.php\/wp-json\/wp\/v2\/users\/30"}],"replies":[{"embeddable":true,"href":"https:\/\/www.hashtag.al\/index.php\/wp-json\/wp\/v2\/comments?post=396945"}],"version-history":[{"count":0,"href":"https:\/\/www.hashtag.al\/index.php\/wp-json\/wp\/v2\/posts\/396945\/revisions"}],"wp:featuredmedia":[{"embeddable":true,"href":"https:\/\/www.hashtag.al\/index.php\/wp-json\/wp\/v2\/media\/396946"}],"wp:attachment":[{"href":"https:\/\/www.hashtag.al\/index.php\/wp-json\/wp\/v2\/media?parent=396945"}],"wp:term":[{"taxonomy":"category","embeddable":true,"href":"https:\/\/www.hashtag.al\/index.php\/wp-json\/wp\/v2\/categories?post=396945"},{"taxonomy":"post_tag","embeddable":true,"href":"https:\/\/www.hashtag.al\/index.php\/wp-json\/wp\/v2\/tags?post=396945"}],"curies":[{"name":"wp","href":"https:\/\/api.w.org\/{rel}","templated":true}]}}