{"id":396942,"date":"2020-09-01T11:14:11","date_gmt":"2020-09-01T09:14:11","guid":{"rendered":"https:\/\/hashtag.al\/?p=396942"},"modified":"2020-09-01T11:15:38","modified_gmt":"2020-09-01T09:15:38","slug":"ish-sigurimsat-ne-krye-te-policise-lleshaj-mbaj-une-pergjegjesi","status":"publish","type":"post","link":"https:\/\/www.hashtag.al\/index.php\/2020\/09\/01\/ish-sigurimsat-ne-krye-te-policise-lleshaj-mbaj-une-pergjegjesi\/","title":{"rendered":"Ish-sigurimsat n\u00eb krye t\u00eb Policis\u00eb, Lleshaj: Mbaj un\u00eb p\u00ebrgjegj\u00ebsi","gt_translate_keys":[{"key":"rendered","format":"text"}]},"content":{"rendered":"<p><a href=\"https:\/\/hashtag.al\/wp-content\/uploads\/2020\/09\/lleshaj.jpg\"><img loading=\"lazy\" decoding=\"async\" class=\"aligncenter size-full wp-image-396943\" src=\"https:\/\/hashtag.al\/wp-content\/uploads\/2020\/09\/lleshaj.jpg\" alt=\"\" width=\"1100\" height=\"620\" srcset=\"https:\/\/www.hashtag.al\/wp-content\/uploads\/2020\/09\/lleshaj.jpg 1100w, https:\/\/www.hashtag.al\/wp-content\/uploads\/2020\/09\/lleshaj-300x169.jpg 300w, https:\/\/www.hashtag.al\/wp-content\/uploads\/2020\/09\/lleshaj-768x433.jpg 768w, https:\/\/www.hashtag.al\/wp-content\/uploads\/2020\/09\/lleshaj-1024x577.jpg 1024w\" sizes=\"auto, (max-width: 1100px) 100vw, 1100px\" \/><\/a><\/p>\n<p><span style=\"color: #000000;\">Ministri i Brendsh\u00ebm Sand\u00ebr Lleshaj u \u00ebsht\u00eb p\u00ebrgjigjur kritikave p\u00ebr em\u00ebrimin e dy ish-sigurimsave n\u00eb poste drejtuese n\u00eb Policin\u00eb e Shtetit.<\/span><\/p>\n<p><span style=\"color: #000000;\">Gjat\u00eb nj\u00eb takimi n\u00eb Kor\u00e7\u00eb me funksionar\u00eb t\u00eb Policis\u00eb s\u00eb Shtetit, Lleshaj u pyet lidhur me akuzat e opozit\u00ebs, se Gjovalin Lokaj ka qen\u00eb bashk\u00ebpun\u00ebtor i Sigurimit t\u00eb Shtetit. Ashtu edhe Artan Shkembi.<\/span><\/p>\n<p><span style=\"color: #000000;\">Lleshaj tha se mban p\u00ebrgjegj\u00ebsi p\u00ebr em\u00ebrimin e Lok\u00ebs, duke shtuar se e vler\u00ebson maksimalisht pun\u00ebn e tij.<\/span><\/p>\n<p><em><span style=\"color: #000000;\">\u201cMbaj p\u00ebrgjegj\u00ebsi p\u00ebr em\u00ebrimin e Gjovalin Lok\u00ebs si drejtor n\u00eb Policin\u00eb e Shtetit.<\/span><\/em><br \/>\n<span style=\"color: #000000;\"><em>Un\u00eb e kam em\u00ebruar dhe mbaj p\u00ebrgjegj\u00ebsi p\u00ebr t\u00eb dhe kam vler\u00ebsimet maksimale p\u00ebr pun\u00ebn e tij. Akuzave t\u00eb opozit\u00ebs nuk iu p\u00ebrgjigjem\u201d<\/em>, ka deklaruar Lleshaj.<\/span><\/p>\n<p><span style=\"color: #000000;\">Procesi i Vetingut n\u00eb Polici zbuloi se Loka ka qen\u00eb pjes\u00eb e sigurimit t\u00eb shtetit, e pavar\u00ebsisht k\u00ebsaj, ai u konfirmua n\u00eb detyr\u00eb.<\/span><\/p>\n","protected":false,"gt_translate_keys":[{"key":"rendered","format":"html"}]},"excerpt":{"rendered":"<p>Ministri i Brendsh\u00ebm Sand\u00ebr Lleshaj u \u00ebsht\u00eb p\u00ebrgjigjur kritikave p\u00ebr em\u00ebrimin e dy ish-sigurimsave n\u00eb poste drejtuese n\u00eb Policin\u00eb e Shtetit. Gjat\u00eb nj\u00eb takimi n\u00eb Kor\u00e7\u00eb me funksionar\u00eb t\u00eb Policis\u00eb s\u00eb Shtetit, Lleshaj u pyet lidhur me akuzat e opozit\u00ebs, se Gjovalin Lokaj ka qen\u00eb bashk\u00ebpun\u00ebtor i Sigurimit t\u00eb Shtetit. Ashtu edhe Artan Shkembi. Lleshaj [&hellip;]<\/p>\n","protected":false,"gt_translate_keys":[{"key":"rendered","format":"html"}]},"author":30,"featured_media":396943,"comment_status":"open","ping_status":"open","sticky":false,"template":"","format":"standard","meta":{"footnotes":""},"categories":[65,13],"tags":[],"class_list":["post-396942","post","type-post","status-publish","format-standard","has-post-thumbnail","hentry","category-lajme","category-te-fundit"],"gt_translate_keys":[{"key":"link","format":"url"}],"_links":{"self":[{"href":"https:\/\/www.hashtag.al\/index.php\/wp-json\/wp\/v2\/posts\/396942","targetHints":{"allow":["GET"]}}],"collection":[{"href":"https:\/\/www.hashtag.al\/index.php\/wp-json\/wp\/v2\/posts"}],"about":[{"href":"https:\/\/www.hashtag.al\/index.php\/wp-json\/wp\/v2\/types\/post"}],"author":[{"embeddable":true,"href":"https:\/\/www.hashtag.al\/index.php\/wp-json\/wp\/v2\/users\/30"}],"replies":[{"embeddable":true,"href":"https:\/\/www.hashtag.al\/index.php\/wp-json\/wp\/v2\/comments?post=396942"}],"version-history":[{"count":0,"href":"https:\/\/www.hashtag.al\/index.php\/wp-json\/wp\/v2\/posts\/396942\/revisions"}],"wp:featuredmedia":[{"embeddable":true,"href":"https:\/\/www.hashtag.al\/index.php\/wp-json\/wp\/v2\/media\/396943"}],"wp:attachment":[{"href":"https:\/\/www.hashtag.al\/index.php\/wp-json\/wp\/v2\/media?parent=396942"}],"wp:term":[{"taxonomy":"category","embeddable":true,"href":"https:\/\/www.hashtag.al\/index.php\/wp-json\/wp\/v2\/categories?post=396942"},{"taxonomy":"post_tag","embeddable":true,"href":"https:\/\/www.hashtag.al\/index.php\/wp-json\/wp\/v2\/tags?post=396942"}],"curies":[{"name":"wp","href":"https:\/\/api.w.org\/{rel}","templated":true}]}}