{"id":396937,"date":"2020-09-01T11:03:06","date_gmt":"2020-09-01T09:03:06","guid":{"rendered":"https:\/\/hashtag.al\/?p=396937"},"modified":"2020-09-01T11:06:08","modified_gmt":"2020-09-01T09:06:08","slug":"paralajmerimi-i-disa-mjekeve-per-burrat-koronavirusi-mund-tju-demtoje-testikujt","status":"publish","type":"post","link":"https:\/\/www.hashtag.al\/index.php\/2020\/09\/01\/paralajmerimi-i-disa-mjekeve-per-burrat-koronavirusi-mund-tju-demtoje-testikujt\/","title":{"rendered":"Paralajm\u00ebrimi i disa mjek\u00ebve p\u00ebr burrat: Koronavirusi mund t&#8217;ju d\u00ebmtoj\u00eb testikujt","gt_translate_keys":[{"key":"rendered","format":"text"}]},"content":{"rendered":"<p><span style=\"color: #000000;\"><a href=\"https:\/\/hashtag.al\/wp-content\/uploads\/2020\/09\/testikuj.jpg\"><img loading=\"lazy\" decoding=\"async\" class=\"aligncenter size-full wp-image-396938\" src=\"https:\/\/hashtag.al\/wp-content\/uploads\/2020\/09\/testikuj.jpg\" alt=\"\" width=\"634\" height=\"441\" srcset=\"https:\/\/www.hashtag.al\/wp-content\/uploads\/2020\/09\/testikuj.jpg 634w, https:\/\/www.hashtag.al\/wp-content\/uploads\/2020\/09\/testikuj-300x209.jpg 300w\" sizes=\"auto, (max-width: 634px) 100vw, 634px\" \/><\/a><\/span><\/p>\n<p><span style=\"color: #000000;\">Disa mjek\u00eb paralajm\u00ebrojn\u00eb se koronavirusi mund t\u00eb shkaktoj\u00eb fryrjen e testikujve dhe t\u00eb d\u00ebmtoj\u00eb aft\u00ebsin\u00eb e burrave p\u00ebr t\u00eb pasur f\u00ebmij\u00eb.<\/span><\/p>\n<p><span style=\"color: #000000;\">M\u00eb shum\u00eb se dhjet\u00eb simptoma jan\u00eb raportuar q\u00eb nga fillimi i pandemis\u00eb, mes tyre nj\u00eb koll\u00eb t\u00eb that\u00eb, ethe dhe humbje t\u00eb shijes ose nuhatjes.<\/span><\/p>\n<p><span style=\"color: #000000;\">Por disa mjek\u00eb n\u00eb SHBA i k\u00ebshillojn\u00eb burrat q\u00eb t\u00eb jen\u00eb tep\u00ebr vigjilent\u00eb ndaj virusit pasi nj\u00eb pacient 37-vje\u00e7ar u d\u00ebrgua n\u00eb spital pas shqet\u00ebsimeve n\u00eb skrotum.<\/span><\/p>\n<p><span style=\"color: #000000;\"><span style=\"color: #0000ff;\"><a style=\"color: #0000ff;\" href=\"https:\/\/www.dailymail.co.uk\/news\/article-8682245\/Coronavirus-affect-testicles-Man-37-suffers-swelling-discomfort-scrotum.html?ito=social-facebook&amp;fbclid=IwAR3jQDd4v4PGBvOk7fnAGA6MyF3gkuKHelxm211erCYxOP4cVaoyeBc7I-w\">Daily Mail<\/a><\/span> shkruan se pacienti kishte patur edhe shenja m\u00eb t\u00eb zakonshme t\u00eb Covidit, duke p\u00ebrfshir\u00eb k\u00ebtu nj\u00eb koll\u00eb dhe ethe, p\u00ebr nj\u00eb jav\u00eb para se t\u00eb shkonte n\u00eb spital.<\/span><\/p>\n<p><span style=\"color: #000000;\">Mjek\u00ebt nga Konsorciumi i Edukimit Sh\u00ebndet\u00ebsor t\u00eb Sh\u00ebrbimeve Uniforme n\u00eb San Antonio n\u00eb Teksas, than\u00eb se virusi kishte d\u00ebmtuar spermatocitet e tij, t\u00eb cilat e mbajn\u00eb sperm\u00ebn t\u00eb sh\u00ebndetshme. Ata paralajm\u00ebruan q\u00eb d\u00ebmi i shkaktuar nga Covid-19 mund t\u00eb ket\u00eb <em>&#8216;nj\u00eb ndikim n\u00eb t\u00eb ardhmen n\u00eb pjellorin\u00eb mashkullore&#8217;.<\/em><\/span><\/p>\n<p><span style=\"color: #000000;\">Raporte t\u00eb ngjashme t\u00eb dhimbjes s\u00eb testikujve tek pacient\u00ebt me Covid-19 jan\u00eb raportuar edhe m\u00eb par\u00eb, por nuk ka pasur ndonj\u00eb hulumtim t\u00eb thelluar p\u00ebr k\u00ebt\u00eb.<\/span><\/p>\n<p><span style=\"color: #000000;\">Mjek\u00ebt, t\u00eb cil\u00ebt botuan informacionin n\u00eb <span style=\"color: #0000ff;\"><a style=\"color: #0000ff;\" href=\"https:\/\/www.ajemjournal.com\/article\/S0735-6757(20)30761-0\/fulltext\">Revist\u00ebn Amerikane t\u00eb Mjek\u00ebsis\u00eb Emergjente<\/a><\/span>, e pranojn\u00eb se k\u00ebto raste jan\u00eb t\u00eb rralla, por ata shpresojn\u00eb q\u00eb vet\u00ebdija p\u00ebr problemin t\u00eb ndihmoj\u00eb mjek\u00ebt e tjer\u00eb p\u00ebr t\u00eb<em> &#8220;identifikuar k\u00ebt\u00eb s\u00ebmundje m\u00eb her\u00ebt dhe p\u00ebr t\u00eb nd\u00ebrmarr\u00eb trajtimin e duhur, vendosur karantin\u00ebn, dhe p\u00ebr t\u00eb kryer monitorimin e pjelloris\u00eb \u201d.<\/em><\/span><\/p>\n","protected":false,"gt_translate_keys":[{"key":"rendered","format":"html"}]},"excerpt":{"rendered":"<p>Disa mjek\u00eb paralajm\u00ebrojn\u00eb se koronavirusi mund t\u00eb shkaktoj\u00eb fryrjen e testikujve dhe t\u00eb d\u00ebmtoj\u00eb aft\u00ebsin\u00eb e burrave p\u00ebr t\u00eb pasur f\u00ebmij\u00eb. M\u00eb shum\u00eb se dhjet\u00eb simptoma jan\u00eb raportuar q\u00eb nga fillimi i pandemis\u00eb, mes tyre nj\u00eb koll\u00eb t\u00eb that\u00eb, ethe dhe humbje t\u00eb shijes ose nuhatjes. Por disa mjek\u00eb n\u00eb SHBA i k\u00ebshillojn\u00eb burrat q\u00eb [&hellip;]<\/p>\n","protected":false,"gt_translate_keys":[{"key":"rendered","format":"html"}]},"author":30,"featured_media":396938,"comment_status":"open","ping_status":"open","sticky":false,"template":"","format":"standard","meta":{"footnotes":""},"categories":[6],"tags":[],"class_list":["post-396937","post","type-post","status-publish","format-standard","has-post-thumbnail","hentry","category-nderkombetare"],"gt_translate_keys":[{"key":"link","format":"url"}],"_links":{"self":[{"href":"https:\/\/www.hashtag.al\/index.php\/wp-json\/wp\/v2\/posts\/396937","targetHints":{"allow":["GET"]}}],"collection":[{"href":"https:\/\/www.hashtag.al\/index.php\/wp-json\/wp\/v2\/posts"}],"about":[{"href":"https:\/\/www.hashtag.al\/index.php\/wp-json\/wp\/v2\/types\/post"}],"author":[{"embeddable":true,"href":"https:\/\/www.hashtag.al\/index.php\/wp-json\/wp\/v2\/users\/30"}],"replies":[{"embeddable":true,"href":"https:\/\/www.hashtag.al\/index.php\/wp-json\/wp\/v2\/comments?post=396937"}],"version-history":[{"count":0,"href":"https:\/\/www.hashtag.al\/index.php\/wp-json\/wp\/v2\/posts\/396937\/revisions"}],"wp:featuredmedia":[{"embeddable":true,"href":"https:\/\/www.hashtag.al\/index.php\/wp-json\/wp\/v2\/media\/396938"}],"wp:attachment":[{"href":"https:\/\/www.hashtag.al\/index.php\/wp-json\/wp\/v2\/media?parent=396937"}],"wp:term":[{"taxonomy":"category","embeddable":true,"href":"https:\/\/www.hashtag.al\/index.php\/wp-json\/wp\/v2\/categories?post=396937"},{"taxonomy":"post_tag","embeddable":true,"href":"https:\/\/www.hashtag.al\/index.php\/wp-json\/wp\/v2\/tags?post=396937"}],"curies":[{"name":"wp","href":"https:\/\/api.w.org\/{rel}","templated":true}]}}