{"id":396851,"date":"2020-08-31T22:33:30","date_gmt":"2020-08-31T20:33:30","guid":{"rendered":"https:\/\/hashtag.al\/?p=396851"},"modified":"2020-08-31T22:38:34","modified_gmt":"2020-08-31T20:38:34","slug":"plagosje-me-arme-ne-zall-herr-dyshohet-se-komandoja-plagosi-nje-26-vjecar","status":"publish","type":"post","link":"https:\/\/www.hashtag.al\/index.php\/2020\/08\/31\/plagosje-me-arme-ne-zall-herr-dyshohet-se-komandoja-plagosi-nje-26-vjecar\/","title":{"rendered":"Plagosje me arm\u00eb n\u00eb Zall Herr, dyshohet se komandoja plagosi nj\u00eb 26 vje\u00e7ar","gt_translate_keys":[{"key":"rendered","format":"text"}]},"content":{"rendered":"<p><span style=\"color: #000000;\"><img loading=\"lazy\" decoding=\"async\" class=\"aligncenter size-full wp-image-266901\" src=\"https:\/\/hashtag.al\/wp-content\/uploads\/2019\/01\/policia-naten.jpg\" alt=\"\" width=\"633\" height=\"347\" srcset=\"https:\/\/www.hashtag.al\/wp-content\/uploads\/2019\/01\/policia-naten.jpg 633w, https:\/\/www.hashtag.al\/wp-content\/uploads\/2019\/01\/policia-naten-300x164.jpg 300w\" sizes=\"auto, (max-width: 633px) 100vw, 633px\" \/><\/span><\/p>\n<p><span style=\"color: #000000;\">T\u00eb sht\u00ebna me arm\u00eb jan\u00eb regjistruar n\u00eb Zall Herr.<\/span><\/p>\n<p><span style=\"color: #000000;\">Dyshohet se nj\u00eb komando ka plagosur me arm\u00eb nj\u00eb 26-vje\u00e7ar pas nj\u00eb konflikti p\u00ebr motive t\u00eb dobta.<\/span><\/p>\n<p><span style=\"color: #000000;\">Autori i dyshuar i plagosjes \u00ebsht\u00eb shtetasi Klodian Beshiri, me detyr\u00eb komando Zall Herr.<\/span><\/p>\n<p><span style=\"color: #000000;\">M\u00ebsohet se dy personat e plagosur ndodhen jasht\u00eb rrezikut p\u00ebr jet\u00ebn, nd\u00ebrsa jan\u00eb d\u00ebrguar n\u00eb spital p\u00ebr ndihm\u00eb mjek\u00ebsore.<\/span><\/p>\n<p><span style=\"color: #000000;\">Nd\u00ebrkoh\u00eb, policia ka b\u00ebr\u00eb t\u00eb mundur kapjen dhe shoq\u00ebrimin e autorit t\u00eb dyshuar, 34-vje\u00e7arit Beshiri, dhe vijon pun\u00ebn p\u00ebr zbardhjen e plot\u00eb t\u00eb ngjarjes.<\/span><\/p>\n<p><span style=\"color: #000000;\">&#8220;<em>Nd\u00ebrhyrja n\u00eb koh\u00eb e Policis\u00eb parandalon p\u00ebrshkallezimin e konfliktit mes tre shtetasve.<\/em><\/span><\/p>\n<p><span style=\"color: #000000;\"><em>Vihet n\u00eb pranga autori i dyshuar i plagosjes me arm\u00eb t\u00eb 26-vje\u00e7arit dhe plagosjes me qyt\u00eb t\u00eb pistolet\u00ebs t\u00eb 23-vje\u00e7arit.<\/em><\/span><\/p>\n<div class=\"text_exposed_show\">\n<p><span style=\"color: #000000;\"><em>Para nj\u00eb ore n\u00eb Zall-Herr, pran\u00eb nje lokali, n\u00eb rrug\u00eb, shtetasi K.B., 34 vje\u00e7, gjat\u00eb nj\u00eb konflikti p\u00ebr motive t\u00eb dob\u00ebta ka plagosur me arm\u00eb zjarri n\u00eb kofsh\u00eb, shtetasin R. Q., 26 vje\u00e7 dhe ka goditur me qyt\u00eb pistolete n\u00eb kok\u00eb shtetasin R. M., 23 vje\u00e7, t\u00eb cil\u00ebt ndodhen n\u00eb spital n\u00ebn kujdesin e mjek\u00ebve pa probleme per jeten.<\/em><\/span><\/p>\n<p><span style=\"color: #000000;\"><em>Nd\u00ebrhyrja e menj\u00ebhershme e Policis\u00eb b\u00ebri t\u00eb mundur kapjen dhe shoq\u00ebrimin e autorit t\u00eb dyshuar n\u00eb ambientet e Komisariatit t\u00eb Policis\u00eb Nr 5 n\u00eb Kam\u00ebz.<\/em><\/span><\/p>\n<p><span style=\"color: #000000;\"><em>N\u00eb cil\u00ebsin\u00eb e prov\u00ebs materiale \u00ebsht\u00eb sekuestrua arma e zjarrit me t\u00eb cil\u00ebn autori kryeu plagosjet.<\/em><\/span><\/p>\n<p><span style=\"color: #000000;\"><em>Grupi hetimor n\u00ebn drejtimin e Prokuroris\u00eb vijon pun\u00ebn p\u00ebr sqarimin e rrethanave t\u00eb ngjarjes&#8221;-<\/em>njofton policia.<\/span><\/p>\n<\/div>\n","protected":false,"gt_translate_keys":[{"key":"rendered","format":"html"}]},"excerpt":{"rendered":"<p>T\u00eb sht\u00ebna me arm\u00eb jan\u00eb regjistruar n\u00eb Zall Herr. Dyshohet se nj\u00eb komando ka plagosur me arm\u00eb nj\u00eb 26-vje\u00e7ar pas nj\u00eb konflikti p\u00ebr motive t\u00eb dobta. Autori i dyshuar i plagosjes \u00ebsht\u00eb shtetasi Klodian Beshiri, me detyr\u00eb komando Zall Herr. M\u00ebsohet se dy personat e plagosur ndodhen jasht\u00eb rrezikut p\u00ebr jet\u00ebn, nd\u00ebrsa jan\u00eb d\u00ebrguar n\u00eb [&hellip;]<\/p>\n","protected":false,"gt_translate_keys":[{"key":"rendered","format":"html"}]},"author":32,"featured_media":266901,"comment_status":"open","ping_status":"open","sticky":false,"template":"","format":"standard","meta":{"footnotes":""},"categories":[65,13],"tags":[],"class_list":["post-396851","post","type-post","status-publish","format-standard","has-post-thumbnail","hentry","category-lajme","category-te-fundit"],"gt_translate_keys":[{"key":"link","format":"url"}],"_links":{"self":[{"href":"https:\/\/www.hashtag.al\/index.php\/wp-json\/wp\/v2\/posts\/396851","targetHints":{"allow":["GET"]}}],"collection":[{"href":"https:\/\/www.hashtag.al\/index.php\/wp-json\/wp\/v2\/posts"}],"about":[{"href":"https:\/\/www.hashtag.al\/index.php\/wp-json\/wp\/v2\/types\/post"}],"author":[{"embeddable":true,"href":"https:\/\/www.hashtag.al\/index.php\/wp-json\/wp\/v2\/users\/32"}],"replies":[{"embeddable":true,"href":"https:\/\/www.hashtag.al\/index.php\/wp-json\/wp\/v2\/comments?post=396851"}],"version-history":[{"count":0,"href":"https:\/\/www.hashtag.al\/index.php\/wp-json\/wp\/v2\/posts\/396851\/revisions"}],"wp:featuredmedia":[{"embeddable":true,"href":"https:\/\/www.hashtag.al\/index.php\/wp-json\/wp\/v2\/media\/266901"}],"wp:attachment":[{"href":"https:\/\/www.hashtag.al\/index.php\/wp-json\/wp\/v2\/media?parent=396851"}],"wp:term":[{"taxonomy":"category","embeddable":true,"href":"https:\/\/www.hashtag.al\/index.php\/wp-json\/wp\/v2\/categories?post=396851"},{"taxonomy":"post_tag","embeddable":true,"href":"https:\/\/www.hashtag.al\/index.php\/wp-json\/wp\/v2\/tags?post=396851"}],"curies":[{"name":"wp","href":"https:\/\/api.w.org\/{rel}","templated":true}]}}