{"id":396820,"date":"2020-08-31T19:31:09","date_gmt":"2020-08-31T17:31:09","guid":{"rendered":"https:\/\/hashtag.al\/?p=396820"},"modified":"2020-08-31T19:31:09","modified_gmt":"2020-08-31T17:31:09","slug":"conte-hapja-e-shkollave-do-behet-ne-siguri-te-plote-e-kemi-prioritet","status":"publish","type":"post","link":"https:\/\/www.hashtag.al\/index.php\/2020\/08\/31\/conte-hapja-e-shkollave-do-behet-ne-siguri-te-plote-e-kemi-prioritet\/","title":{"rendered":"Conte: Hapja e shkollave do b\u00ebhet n\u00eb siguri t\u00eb plot\u00eb, e kemi prioritet","gt_translate_keys":[{"key":"rendered","format":"text"}]},"content":{"rendered":"<p><span style=\"color: #000000;\"><img loading=\"lazy\" decoding=\"async\" class=\"aligncenter size-full wp-image-366284\" src=\"https:\/\/hashtag.al\/wp-content\/uploads\/2020\/04\/conte-2.jpg\" alt=\"\" width=\"1024\" height=\"576\" srcset=\"https:\/\/www.hashtag.al\/wp-content\/uploads\/2020\/04\/conte-2.jpg 1024w, https:\/\/www.hashtag.al\/wp-content\/uploads\/2020\/04\/conte-2-300x169.jpg 300w, https:\/\/www.hashtag.al\/wp-content\/uploads\/2020\/04\/conte-2-768x432.jpg 768w\" sizes=\"auto, (max-width: 1024px) 100vw, 1024px\" \/><\/span><\/p>\n<p><span style=\"color: #000000;\">Organizimi i vitit shkollor n\u00eb siguri t\u00eb plot\u00eb n\u00eb Itali p\u00ebrball\u00eb rrezikut t\u00eb kontaminimit me koronavirus \u00ebsht\u00eb prioritet i qeveris\u00eb italiane, deklaroi sot kryeministri, Giuseppe Conte.<\/span><\/p>\n<p><span style=\"color: #000000;\">\u201cRihapja e shkollave n\u00eb siguri t\u00eb plot\u00eb (\u2026) \u00ebsht\u00eb prioriteti yn\u00eb sot\u201d, theksoi Conte n\u00eb Twitter.<\/span><\/p>\n<p><span style=\"color: #000000;\">Pas m\u00eb shum\u00eb se gjasht\u00eb muaj mbyllje p\u00ebr shkak t\u00eb pandemis\u00eb, q\u00eb ka goditur fort vendin, shkollat italiane do t\u00eb rihapin portat m\u00eb 14 shtator, sipas kalendarit zyrtar.<\/span><\/p>\n<p><span style=\"color: #000000;\">Pavar\u00ebsisht masave t\u00eb premtuara nga autoritetet, ky rikthim zhvillohet n\u00ebn tension dhe n\u00eb nj\u00eb klim\u00eb pasigurie tek prind\u00ebrit e nx\u00ebn\u00ebsve ashtu dhe n\u00eb bot\u00ebn e arsimit, nd\u00ebrkoh\u00eb q\u00eb vendi \u00ebsht\u00eb p\u00ebrballur k\u00ebto jav\u00ebt e fundit me nj\u00eb rishfaqje t\u00eb kontaminimeve, ve\u00e7an\u00ebrisht mes t\u00eb rinjve.<\/span><\/p>\n<p><span style=\"color: #000000;\">N\u00eb pritje t\u00eb rikthimit n\u00eb shkolla t\u00eb rreth 8,3 milion\u00eb nx\u00ebn\u00ebsve, shteti dhe rajonet kan\u00eb b\u00ebr\u00eb publik m\u00eb 26 gusht, n\u00eb nj\u00eb dokument t\u00eb Institutit t\u00eb Lart\u00eb Sh\u00ebndet\u00ebsor nj\u00eb s\u00ebr\u00eb rregullash dhe masash si distancimi i detyruesh\u00ebm, blerja e 2,5 milion tryezave, mbajtja e mask\u00ebs, shkurtimi i or\u00ebve, matja e temperatur\u00ebs, se \u00e7far\u00eb duhet b\u00ebr\u00eb n\u00eb rast t\u00eb konstatimit t\u00eb rasteve me COVID-19 etj.<\/span><\/p>\n","protected":false,"gt_translate_keys":[{"key":"rendered","format":"html"}]},"excerpt":{"rendered":"<p>Organizimi i vitit shkollor n\u00eb siguri t\u00eb plot\u00eb n\u00eb Itali p\u00ebrball\u00eb rrezikut t\u00eb kontaminimit me koronavirus \u00ebsht\u00eb prioritet i qeveris\u00eb italiane, deklaroi sot kryeministri, Giuseppe Conte. \u201cRihapja e shkollave n\u00eb siguri t\u00eb plot\u00eb (\u2026) \u00ebsht\u00eb prioriteti yn\u00eb sot\u201d, theksoi Conte n\u00eb Twitter. Pas m\u00eb shum\u00eb se gjasht\u00eb muaj mbyllje p\u00ebr shkak t\u00eb pandemis\u00eb, q\u00eb ka [&hellip;]<\/p>\n","protected":false,"gt_translate_keys":[{"key":"rendered","format":"html"}]},"author":32,"featured_media":363198,"comment_status":"open","ping_status":"open","sticky":false,"template":"","format":"standard","meta":{"footnotes":""},"categories":[6,13],"tags":[],"class_list":["post-396820","post","type-post","status-publish","format-standard","has-post-thumbnail","hentry","category-nderkombetare","category-te-fundit"],"gt_translate_keys":[{"key":"link","format":"url"}],"_links":{"self":[{"href":"https:\/\/www.hashtag.al\/index.php\/wp-json\/wp\/v2\/posts\/396820","targetHints":{"allow":["GET"]}}],"collection":[{"href":"https:\/\/www.hashtag.al\/index.php\/wp-json\/wp\/v2\/posts"}],"about":[{"href":"https:\/\/www.hashtag.al\/index.php\/wp-json\/wp\/v2\/types\/post"}],"author":[{"embeddable":true,"href":"https:\/\/www.hashtag.al\/index.php\/wp-json\/wp\/v2\/users\/32"}],"replies":[{"embeddable":true,"href":"https:\/\/www.hashtag.al\/index.php\/wp-json\/wp\/v2\/comments?post=396820"}],"version-history":[{"count":0,"href":"https:\/\/www.hashtag.al\/index.php\/wp-json\/wp\/v2\/posts\/396820\/revisions"}],"wp:featuredmedia":[{"embeddable":true,"href":"https:\/\/www.hashtag.al\/index.php\/wp-json\/wp\/v2\/media\/363198"}],"wp:attachment":[{"href":"https:\/\/www.hashtag.al\/index.php\/wp-json\/wp\/v2\/media?parent=396820"}],"wp:term":[{"taxonomy":"category","embeddable":true,"href":"https:\/\/www.hashtag.al\/index.php\/wp-json\/wp\/v2\/categories?post=396820"},{"taxonomy":"post_tag","embeddable":true,"href":"https:\/\/www.hashtag.al\/index.php\/wp-json\/wp\/v2\/tags?post=396820"}],"curies":[{"name":"wp","href":"https:\/\/api.w.org\/{rel}","templated":true}]}}