{"id":396816,"date":"2020-08-31T18:44:26","date_gmt":"2020-08-31T16:44:26","guid":{"rendered":"https:\/\/hashtag.al\/?p=396816"},"modified":"2020-08-31T18:44:26","modified_gmt":"2020-08-31T16:44:26","slug":"permbyset-fugoni-ne-malesine-e-madhe-dyshohet-per-shtate-te-plagosur","status":"publish","type":"post","link":"https:\/\/www.hashtag.al\/index.php\/2020\/08\/31\/permbyset-fugoni-ne-malesine-e-madhe-dyshohet-per-shtate-te-plagosur\/","title":{"rendered":"P\u00ebrmbyset fugoni n\u00eb Mal\u00ebsin\u00eb e Madhe, dyshohet p\u00ebr shtat\u00eb t\u00eb plagosur","gt_translate_keys":[{"key":"rendered","format":"text"}]},"content":{"rendered":"<p><img loading=\"lazy\" decoding=\"async\" class=\"aligncenter size-full wp-image-333297\" src=\"https:\/\/hashtag.al\/wp-content\/uploads\/2019\/11\/aksident-naten.jpg\" alt=\"\" width=\"650\" height=\"358\" srcset=\"https:\/\/www.hashtag.al\/wp-content\/uploads\/2019\/11\/aksident-naten.jpg 650w, https:\/\/www.hashtag.al\/wp-content\/uploads\/2019\/11\/aksident-naten-300x165.jpg 300w\" sizes=\"auto, (max-width: 650px) 100vw, 650px\" \/><\/p>\n<p><span style=\"color: #000000;\">Nj\u00eb aksident ka ndodhur n\u00eb fshatin Bog\u00eb n\u00eb Mal\u00ebsin\u00eb e Madhe.<\/span><\/p>\n<p><span style=\"color: #000000;\">Nj\u00eb fugon ka dal\u00eb nga rruga dhe p\u00ebr pasoj\u00eb dyshohet se jan\u00eb plagosur shtat\u00eb persona.<\/span><\/p>\n<p><span style=\"color: #000000;\">P\u00ebr n\u00eb vendin e ngjarjes jan\u00eb nisur 2 ambulanca p\u00ebr t\u2019i shkuar n\u00eb ndihm\u00eb personave t\u00eb l\u00ebnduar.<\/span><\/p>\n<p><span style=\"color: #000000;\">Ende nuk b\u00ebhen t\u00eb ditura shkaqet e aksidentit.<\/span><\/p>\n","protected":false,"gt_translate_keys":[{"key":"rendered","format":"html"}]},"excerpt":{"rendered":"<p>Nj\u00eb aksident ka ndodhur n\u00eb fshatin Bog\u00eb n\u00eb Mal\u00ebsin\u00eb e Madhe. Nj\u00eb fugon ka dal\u00eb nga rruga dhe p\u00ebr pasoj\u00eb dyshohet se jan\u00eb plagosur shtat\u00eb persona. P\u00ebr n\u00eb vendin e ngjarjes jan\u00eb nisur 2 ambulanca p\u00ebr t\u2019i shkuar n\u00eb ndihm\u00eb personave t\u00eb l\u00ebnduar. Ende nuk b\u00ebhen t\u00eb ditura shkaqet e aksidentit.<\/p>\n","protected":false,"gt_translate_keys":[{"key":"rendered","format":"html"}]},"author":32,"featured_media":341593,"comment_status":"open","ping_status":"open","sticky":false,"template":"","format":"standard","meta":{"footnotes":""},"categories":[65,13],"tags":[],"class_list":["post-396816","post","type-post","status-publish","format-standard","has-post-thumbnail","hentry","category-lajme","category-te-fundit"],"gt_translate_keys":[{"key":"link","format":"url"}],"_links":{"self":[{"href":"https:\/\/www.hashtag.al\/index.php\/wp-json\/wp\/v2\/posts\/396816","targetHints":{"allow":["GET"]}}],"collection":[{"href":"https:\/\/www.hashtag.al\/index.php\/wp-json\/wp\/v2\/posts"}],"about":[{"href":"https:\/\/www.hashtag.al\/index.php\/wp-json\/wp\/v2\/types\/post"}],"author":[{"embeddable":true,"href":"https:\/\/www.hashtag.al\/index.php\/wp-json\/wp\/v2\/users\/32"}],"replies":[{"embeddable":true,"href":"https:\/\/www.hashtag.al\/index.php\/wp-json\/wp\/v2\/comments?post=396816"}],"version-history":[{"count":0,"href":"https:\/\/www.hashtag.al\/index.php\/wp-json\/wp\/v2\/posts\/396816\/revisions"}],"wp:featuredmedia":[{"embeddable":true,"href":"https:\/\/www.hashtag.al\/index.php\/wp-json\/wp\/v2\/media\/341593"}],"wp:attachment":[{"href":"https:\/\/www.hashtag.al\/index.php\/wp-json\/wp\/v2\/media?parent=396816"}],"wp:term":[{"taxonomy":"category","embeddable":true,"href":"https:\/\/www.hashtag.al\/index.php\/wp-json\/wp\/v2\/categories?post=396816"},{"taxonomy":"post_tag","embeddable":true,"href":"https:\/\/www.hashtag.al\/index.php\/wp-json\/wp\/v2\/tags?post=396816"}],"curies":[{"name":"wp","href":"https:\/\/api.w.org\/{rel}","templated":true}]}}