{"id":396760,"date":"2020-08-31T13:42:12","date_gmt":"2020-08-31T11:42:12","guid":{"rendered":"https:\/\/hashtag.al\/?p=396760"},"modified":"2020-08-31T14:14:17","modified_gmt":"2020-08-31T12:14:17","slug":"i-ndjeri-maks-velo-para-vdekjes-mbrojti-teatrin-rama-sot-e-kisha-mik-po-sme-kishte","status":"publish","type":"post","link":"https:\/\/www.hashtag.al\/index.php\/2020\/08\/31\/i-ndjeri-maks-velo-para-vdekjes-mbrojti-teatrin-rama-sot-e-kisha-mik-po-sme-kishte\/","title":{"rendered":"I ndjeri Maks Velo pak para vdekjes mbrojti teatrin, Rama sot: E kisha mik po s\u2019m\u00eb kishte","gt_translate_keys":[{"key":"rendered","format":"text"}]},"content":{"rendered":"<p><span style=\"color: #000000;\"><img loading=\"lazy\" decoding=\"async\" class=\"aligncenter size-full wp-image-396765\" src=\"https:\/\/hashtag.al\/wp-content\/uploads\/2020\/08\/ramavelo.jpg\" alt=\"\" width=\"2000\" height=\"1000\" srcset=\"https:\/\/www.hashtag.al\/wp-content\/uploads\/2020\/08\/ramavelo.jpg 2000w, https:\/\/www.hashtag.al\/wp-content\/uploads\/2020\/08\/ramavelo-300x150.jpg 300w, https:\/\/www.hashtag.al\/wp-content\/uploads\/2020\/08\/ramavelo-768x384.jpg 768w, https:\/\/www.hashtag.al\/wp-content\/uploads\/2020\/08\/ramavelo-1024x512.jpg 1024w\" sizes=\"auto, (max-width: 2000px) 100vw, 2000px\" \/><\/span><\/p>\n<p><span style=\"color: #000000;\">Kryeministri Rama i ka kushtuar nj\u00eb homazh t\u00eb gjat\u00eb, Maks Velos n\u00eb dit\u00ebn e lindjes s\u00eb k\u00ebtij t\u00eb fundit. <\/span><\/p>\n<p><span style=\"color: #000000;\">Velo u nda nga jeta n\u00eb 7 maj 2020 nd\u00ebrsa njihet si nj\u00eb nd\u00ebr kund\u00ebrshtar\u00ebt e kryeministrit Rama p\u00ebr sa u p\u00ebrket nd\u00ebrtimeve n\u00eb Tiran\u00eb. Rasti m\u00eb i fundit i p\u00ebrplasjes mes tyre ka qen\u00eb ai i Teatrit Komb\u00ebtar, me Velon q\u00eb ishte kund\u00ebr prishjes s\u00eb tij.<\/span><\/p>\n<p><span style=\"color: #000000;\">Rama shkruan se Maks Velo kishte si shoq\u00ebruese t\u00eb jet\u00ebs s\u00eb tij hijen e tij, hije q\u00eb ndikoi e kushtoi miq\u00ebsit\u00eb e tij, artin e tij dhe vet\u00eb jet\u00ebn e tij. <\/span><\/p>\n<p><span style=\"color: #000000;\">Kryeministri shprehet se e kishte mik Velon, edhe pse ky i fundit nuk e kishte mik at\u00eb. Teksa flet p\u00ebr artin e tij, Rama thekson se ai kishte sforcim n\u00eb at\u00eb q\u00eb b\u00ebnte, pikturat e skulpturat e tij gjymtim sek\u00eblldis\u00ebs, poezit\u00eb nj\u00eb ng\u00ebr\u00e7 sfilit\u00ebs e opinionet e tij nj\u00eb ton \u00e7jerr\u00ebs e kjo p\u00ebr shkak t\u00eb xhelozis\u00eb s\u00eb tij e hijes s\u00eb tij.<\/span><\/p>\n<p><span style=\"color: #000000;\">N\u00eb fund Rama shkruan se edhe pse e donte lirin\u00eb, Veloja nuk ishte i lir\u00eb pik\u00ebrisht sepse pengohej prej hijes s\u00eb tij.<\/span><\/p>\n<p><span style=\"color: #000000;\">P\u00ebrtej homazhit t\u00eb kryeministrit, Velo njihej si kund\u00ebrshtar i hapur i kryeministrit Rama lidhur me nd\u00ebrtime n\u00eb kryeqytet. <\/span><\/p>\n<p><span style=\"color: #000000;\">M\u00eb i z\u00ebsh\u00ebm ka qen\u00eb reagimi i tij lidhur me nd\u00ebrtimin e stadiumit q\u00eb sot mban emrin \u2018Air Albania\u2019, aty ku ka qen\u00eb stadiumi \u2018Qemal Stafa\u2019 dhe rastin e Teatrit Komb\u00ebtar, me artistin q\u00eb ishte kund\u00ebr prishjes s\u00eb tij. <\/span><\/p>\n<p><span style=\"color: #000000;\">Velo \u00ebsht\u00eb shprehur teksa ishte i ftuar n\u00eb nj\u00eb emision n\u00eb Ora Ne\u00ebs, q\u00eb Rama i p\u00ebrdor t\u00eb tjer\u00ebt dhe k\u00ebrkon q\u00eb ata t\u00eb thon\u00eb patjet\u00ebr at\u00eb q\u00eb do ai.<\/span><\/p>\n<p><span style=\"color: #000000;\">Nuk kan\u00eb munguar komentuesit n\u00eb statusin e Ram\u00ebs q\u00eb e theksojn\u00eb k\u00ebt\u00eb gj\u00eb, kund\u00ebrshtin\u00eb e Velos sa ishte gjall\u00eb p\u00ebr prishjen e Teatrit Komb\u00ebtar.<\/span><\/p>\n<p><span style=\"color: #000000;\"><img loading=\"lazy\" decoding=\"async\" class=\"aligncenter size-full wp-image-396762\" src=\"https:\/\/hashtag.al\/wp-content\/uploads\/2020\/08\/anton.png\" alt=\"\" width=\"514\" height=\"64\" srcset=\"https:\/\/www.hashtag.al\/wp-content\/uploads\/2020\/08\/anton.png 514w, https:\/\/www.hashtag.al\/wp-content\/uploads\/2020\/08\/anton-300x37.png 300w\" sizes=\"auto, (max-width: 514px) 100vw, 514px\" \/> <img loading=\"lazy\" decoding=\"async\" class=\"aligncenter size-full wp-image-396763\" src=\"https:\/\/hashtag.al\/wp-content\/uploads\/2020\/08\/katerina.png\" alt=\"\" width=\"525\" height=\"92\" srcset=\"https:\/\/www.hashtag.al\/wp-content\/uploads\/2020\/08\/katerina.png 525w, https:\/\/www.hashtag.al\/wp-content\/uploads\/2020\/08\/katerina-300x53.png 300w\" sizes=\"auto, (max-width: 525px) 100vw, 525px\" \/> <img loading=\"lazy\" decoding=\"async\" class=\"aligncenter size-full wp-image-396764\" src=\"https:\/\/hashtag.al\/wp-content\/uploads\/2020\/08\/maks1.png\" alt=\"\" width=\"507\" height=\"98\" srcset=\"https:\/\/www.hashtag.al\/wp-content\/uploads\/2020\/08\/maks1.png 507w, https:\/\/www.hashtag.al\/wp-content\/uploads\/2020\/08\/maks1-300x58.png 300w\" sizes=\"auto, (max-width: 507px) 100vw, 507px\" \/><\/span><\/p>\n<p><span style=\"color: #000000;\"><strong>\u00c7far\u00eb deklaronte Maks Velo rreth nj\u00eb vit m\u00eb par\u00eb<\/strong><\/span><\/p>\n<p><span style=\"color: #000000;\"><em>\u201cPash\u00eb q\u00eb ai t\u00eb p\u00ebrdor. Ai do patjet\u00ebr t\u00eb thuash at\u00eb q\u00eb do ai. Dal\u00ebngadal\u00eb un\u00eb k\u00ebt\u00eb e kuptova dhe \u00e7do njeri q\u00eb nuk \u00ebsht\u00eb dakord me at\u00eb duhet t\u00eb largohet. Rasti i teatrit \u00ebsht\u00eb gj\u00ebja me katastrofike. Nuk \u00ebsht\u00eb larg shtatori dhe do shoh\u00ebsh se \u00e7far\u00eb katastrofe \u00ebsht\u00eb stadiumi &#8220;Qemal Stafa&#8221; \u00ebsht\u00eb e pariparueshme. T\u00eb marr\u00ebsh nj\u00eb stadium t\u00eb mrekulluesh\u00ebm dhe ta b\u00ebsh qend\u00ebr tregtare, hoteliere, me nj\u00eb stadium t\u00eb vog\u00ebl ku kjo pjesa vjen 80% t\u00eb investimit dhe ky t\u00eb ishte stadiumi komb\u00ebtar i joni dhe t\u00eb eliminosh pist\u00ebn olimpike. Nuk kemi nj\u00eb pist\u00eb olimpike. Te besh gara atletike nuk i b\u00ebn dot sepse e zhduku Rama. Si\u00a0 \u00ebsht\u00eb e mundur q\u00eb ky njeri sportist zhduk pist\u00ebn e atletik\u00ebs p\u00ebr ta b\u00ebr\u00eb dyqane.\u201d<\/em><\/span><\/p>\n<p><span style=\"color: #000000;\"><img loading=\"lazy\" decoding=\"async\" class=\"aligncenter size-full wp-image-396761\" src=\"https:\/\/hashtag.al\/wp-content\/uploads\/2020\/08\/maksvelo.jpg2_.jpg\" alt=\"\" width=\"1280\" height=\"853\" srcset=\"https:\/\/www.hashtag.al\/wp-content\/uploads\/2020\/08\/maksvelo.jpg2_.jpg 1280w, https:\/\/www.hashtag.al\/wp-content\/uploads\/2020\/08\/maksvelo.jpg2_-300x200.jpg 300w, https:\/\/www.hashtag.al\/wp-content\/uploads\/2020\/08\/maksvelo.jpg2_-768x512.jpg 768w, https:\/\/www.hashtag.al\/wp-content\/uploads\/2020\/08\/maksvelo.jpg2_-1024x682.jpg 1024w\" sizes=\"auto, (max-width: 1280px) 100vw, 1280px\" \/><\/span><\/p>\n<p>&nbsp;<\/p>\n","protected":false,"gt_translate_keys":[{"key":"rendered","format":"html"}]},"excerpt":{"rendered":"<p>Kryeministri Rama i ka kushtuar nj\u00eb homazh t\u00eb gjat\u00eb, Maks Velos n\u00eb dit\u00ebn e lindjes s\u00eb k\u00ebtij t\u00eb fundit. Velo u nda nga jeta n\u00eb 7 maj 2020 nd\u00ebrsa njihet si nj\u00eb nd\u00ebr kund\u00ebrshtar\u00ebt e kryeministrit Rama p\u00ebr sa u p\u00ebrket nd\u00ebrtimeve n\u00eb Tiran\u00eb. Rasti m\u00eb i fundit i p\u00ebrplasjes mes tyre ka qen\u00eb ai [&hellip;]<\/p>\n","protected":false,"gt_translate_keys":[{"key":"rendered","format":"html"}]},"author":51,"featured_media":396765,"comment_status":"open","ping_status":"open","sticky":false,"template":"","format":"standard","meta":{"footnotes":""},"categories":[22,53],"tags":[],"class_list":["post-396760","post","type-post","status-publish","format-standard","has-post-thumbnail","hentry","category-ballina","category-fast-foodi"],"gt_translate_keys":[{"key":"link","format":"url"}],"_links":{"self":[{"href":"https:\/\/www.hashtag.al\/index.php\/wp-json\/wp\/v2\/posts\/396760","targetHints":{"allow":["GET"]}}],"collection":[{"href":"https:\/\/www.hashtag.al\/index.php\/wp-json\/wp\/v2\/posts"}],"about":[{"href":"https:\/\/www.hashtag.al\/index.php\/wp-json\/wp\/v2\/types\/post"}],"author":[{"embeddable":true,"href":"https:\/\/www.hashtag.al\/index.php\/wp-json\/wp\/v2\/users\/51"}],"replies":[{"embeddable":true,"href":"https:\/\/www.hashtag.al\/index.php\/wp-json\/wp\/v2\/comments?post=396760"}],"version-history":[{"count":0,"href":"https:\/\/www.hashtag.al\/index.php\/wp-json\/wp\/v2\/posts\/396760\/revisions"}],"wp:featuredmedia":[{"embeddable":true,"href":"https:\/\/www.hashtag.al\/index.php\/wp-json\/wp\/v2\/media\/396765"}],"wp:attachment":[{"href":"https:\/\/www.hashtag.al\/index.php\/wp-json\/wp\/v2\/media?parent=396760"}],"wp:term":[{"taxonomy":"category","embeddable":true,"href":"https:\/\/www.hashtag.al\/index.php\/wp-json\/wp\/v2\/categories?post=396760"},{"taxonomy":"post_tag","embeddable":true,"href":"https:\/\/www.hashtag.al\/index.php\/wp-json\/wp\/v2\/tags?post=396760"}],"curies":[{"name":"wp","href":"https:\/\/api.w.org\/{rel}","templated":true}]}}