{"id":396728,"date":"2020-08-31T11:32:34","date_gmt":"2020-08-31T09:32:34","guid":{"rendered":"https:\/\/hashtag.al\/?p=396728"},"modified":"2020-08-31T13:01:56","modified_gmt":"2020-08-31T11:01:56","slug":"sfida-ndaj-bjellorusise-ne-ligen-e-kombeve-lajmet-me-te-fundit-nga-kombetarja","status":"publish","type":"post","link":"https:\/\/www.hashtag.al\/index.php\/2020\/08\/31\/sfida-ndaj-bjellorusise-ne-ligen-e-kombeve-lajmet-me-te-fundit-nga-kombetarja\/","title":{"rendered":"Sfida ndaj Bjellorusis\u00eb n\u00eb Lig\u00ebn e Kombeve, lajmet m\u00eb t\u00eb fundit nga komb\u00ebtarja","gt_translate_keys":[{"key":"rendered","format":"text"}]},"content":{"rendered":"<p><img loading=\"lazy\" decoding=\"async\" class=\"aligncenter size-full wp-image-396729\" src=\"https:\/\/hashtag.al\/wp-content\/uploads\/2020\/08\/edi-reja.jpg\" alt=\"\" width=\"1024\" height=\"790\" \/><\/p>\n<p><span style=\"color: #000000;\">Teksa n\u00eb dat\u00ebn 4 shtator Shqip\u00ebria do p\u00ebrballet me Bjellorusin\u00eb n\u00eb fush\u00ebn e k\u00ebsaj t\u00eb fundit, komb\u00ebtarja e drejtuar nga trajneri Reja po has probleme me grumbullimin e lojtar\u00ebve q\u00eb vijn\u00eb nga vende t\u00eb ndryshme, p\u00ebr shkak t\u00eb pandemis\u00eb s\u00eb koronavirusit t\u00eb ri.<\/span><\/p>\n<p><span style=\"color: #000000;\"> M\u00ebsohet se Federata Shqiptare e Futbollit po punon n\u00eb vendet respektive p\u00ebr ta zgjidhur k\u00ebt\u00eb problem sa m\u00eb shpejt q\u00eb t\u00eb jet\u00eb e mundur. Nga Zvicra nuk ka ende nj\u00eb p\u00ebrgjigje p\u00ebr Ermir Lenjanin e Florian Kamberin.<\/span><\/p>\n<p><span style=\"color: #000000;\">N\u00eb sfid\u00ebn ndaj Bjellorusis\u00eb nuk do jet\u00eb n\u00eb fush\u00eb Armando Broja, i cili \u00ebsht\u00eb i nd\u00ebshkuar me karton t\u00eb kuq, por ai do luaj\u00eb ndaj Lituanis\u00eb pak dit\u00eb m\u00eb von\u00eb. <\/span><\/p>\n<p><span style=\"color: #000000;\">Tekniku Reja ka thirrur p\u00ebr sfid\u00ebn lojtarin e Olimpija Ljubjan\u00ebs, Endri \u00c7eki\u00e7i. N\u00eb dyshim p\u00ebr takimin \u00ebsht\u00eb mbrojt\u00ebsi i Veron\u00ebs, Marash, Kumbulla, i cili ka nj\u00eb d\u00ebmtim n\u00eb k\u00ebmb\u00eb.<\/span><\/p>\n","protected":false,"gt_translate_keys":[{"key":"rendered","format":"html"}]},"excerpt":{"rendered":"<p>Teksa n\u00eb dat\u00ebn 4 shtator Shqip\u00ebria do p\u00ebrballet me Bjellorusin\u00eb n\u00eb fush\u00ebn e k\u00ebsaj t\u00eb fundit, komb\u00ebtarja e drejtuar nga trajneri Reja po has probleme me grumbullimin e lojtar\u00ebve q\u00eb vijn\u00eb nga vende t\u00eb ndryshme, p\u00ebr shkak t\u00eb pandemis\u00eb s\u00eb koronavirusit t\u00eb ri. M\u00ebsohet se Federata Shqiptare e Futbollit po punon n\u00eb vendet respektive p\u00ebr [&hellip;]<\/p>\n","protected":false,"gt_translate_keys":[{"key":"rendered","format":"html"}]},"author":51,"featured_media":396729,"comment_status":"open","ping_status":"open","sticky":false,"template":"","format":"standard","meta":{"footnotes":""},"categories":[134],"tags":[],"class_list":["post-396728","post","type-post","status-publish","format-standard","has-post-thumbnail","hentry","category-sport"],"gt_translate_keys":[{"key":"link","format":"url"}],"_links":{"self":[{"href":"https:\/\/www.hashtag.al\/index.php\/wp-json\/wp\/v2\/posts\/396728","targetHints":{"allow":["GET"]}}],"collection":[{"href":"https:\/\/www.hashtag.al\/index.php\/wp-json\/wp\/v2\/posts"}],"about":[{"href":"https:\/\/www.hashtag.al\/index.php\/wp-json\/wp\/v2\/types\/post"}],"author":[{"embeddable":true,"href":"https:\/\/www.hashtag.al\/index.php\/wp-json\/wp\/v2\/users\/51"}],"replies":[{"embeddable":true,"href":"https:\/\/www.hashtag.al\/index.php\/wp-json\/wp\/v2\/comments?post=396728"}],"version-history":[{"count":0,"href":"https:\/\/www.hashtag.al\/index.php\/wp-json\/wp\/v2\/posts\/396728\/revisions"}],"wp:featuredmedia":[{"embeddable":true,"href":"https:\/\/www.hashtag.al\/index.php\/wp-json\/wp\/v2\/media\/396729"}],"wp:attachment":[{"href":"https:\/\/www.hashtag.al\/index.php\/wp-json\/wp\/v2\/media?parent=396728"}],"wp:term":[{"taxonomy":"category","embeddable":true,"href":"https:\/\/www.hashtag.al\/index.php\/wp-json\/wp\/v2\/categories?post=396728"},{"taxonomy":"post_tag","embeddable":true,"href":"https:\/\/www.hashtag.al\/index.php\/wp-json\/wp\/v2\/tags?post=396728"}],"curies":[{"name":"wp","href":"https:\/\/api.w.org\/{rel}","templated":true}]}}