{"id":396638,"date":"2020-08-30T16:01:11","date_gmt":"2020-08-30T14:01:11","guid":{"rendered":"https:\/\/hashtag.al\/?p=396638"},"modified":"2020-08-30T15:40:53","modified_gmt":"2020-08-30T13:40:53","slug":"la-liga-ngrin-mesin-nese-do-te-largohet-te-paguaje-klauzolen","status":"publish","type":"post","link":"https:\/\/www.hashtag.al\/index.php\/2020\/08\/30\/la-liga-ngrin-mesin-nese-do-te-largohet-te-paguaje-klauzolen\/","title":{"rendered":"La Liga &#8220;ngrin&#8221; Mesin: N\u00ebse do t\u00eb largohet, t\u00eb paguaj\u00eb klauzol\u00ebn","gt_translate_keys":[{"key":"rendered","format":"text"}]},"content":{"rendered":"<p><img loading=\"lazy\" decoding=\"async\" class=\"aligncenter size-full wp-image-394454\" src=\"https:\/\/hashtag.al\/wp-content\/uploads\/2020\/08\/mesi-1.jpg\" alt=\"\" width=\"1920\" height=\"1080\" srcset=\"https:\/\/www.hashtag.al\/wp-content\/uploads\/2020\/08\/mesi-1.jpg 1920w, https:\/\/www.hashtag.al\/wp-content\/uploads\/2020\/08\/mesi-1-300x169.jpg 300w, https:\/\/www.hashtag.al\/wp-content\/uploads\/2020\/08\/mesi-1-768x432.jpg 768w, https:\/\/www.hashtag.al\/wp-content\/uploads\/2020\/08\/mesi-1-1024x576.jpg 1024w\" sizes=\"auto, (max-width: 1920px) 100vw, 1920px\" \/><\/p>\n<p><span style=\"color: #000000;\">Nd\u00ebrsa duket se beteja e Mesit ishte vet\u00ebm me Barcelon\u00ebn, ka ardhur nj\u00eb reagim nga Liga spanjolle. Ajo sakt\u00ebson se n\u00ebse argjentinasi k\u00ebrkon t\u00eb largohet duhet t\u00eb paguaj\u00eb fillimisht klauzol\u00ebn. <\/span><\/p>\n<p><span style=\"color: #000000;\">Kjo e v\u00ebshtir\u00ebson jo pak pozit\u00ebn e sulmuesit q\u00eb k\u00ebrkon t\u00eb largohet me \u00e7do kusht nga klubi katalanas. <\/span><\/p>\n<p><span style=\"color: #000000;\">Dit\u00ebt e fundit jan\u00eb shoq\u00ebruar me tension mes lojtarit e drejtuesve t\u00eb klubit si dhe tifoz\u00ebve q\u00eb k\u00ebrkojn\u00eb dor\u00ebheqjen e presidentit Bartomeu. <\/span><\/p>\n<p><span style=\"color: #000000;\">Reagimi i La Ligas e nd\u00ebrlikon mjaft largimin e Mesit, destinacioni i t\u00eb cilit deri tani \u00ebsht\u00eb PSG-ja, Man\u00e7ester Siti e Interi.<\/span><\/p>\n","protected":false,"gt_translate_keys":[{"key":"rendered","format":"html"}]},"excerpt":{"rendered":"<p>Nd\u00ebrsa duket se beteja e Mesit ishte vet\u00ebm me Barcelon\u00ebn, ka ardhur nj\u00eb reagim nga Liga spanjolle. Ajo sakt\u00ebson se n\u00ebse argjentinasi k\u00ebrkon t\u00eb largohet duhet t\u00eb paguaj\u00eb fillimisht klauzol\u00ebn. Kjo e v\u00ebshtir\u00ebson jo pak pozit\u00ebn e sulmuesit q\u00eb k\u00ebrkon t\u00eb largohet me \u00e7do kusht nga klubi katalanas. Dit\u00ebt e fundit jan\u00eb shoq\u00ebruar me tension [&hellip;]<\/p>\n","protected":false,"gt_translate_keys":[{"key":"rendered","format":"html"}]},"author":51,"featured_media":394454,"comment_status":"open","ping_status":"open","sticky":false,"template":"","format":"standard","meta":{"footnotes":""},"categories":[134],"tags":[],"class_list":["post-396638","post","type-post","status-publish","format-standard","has-post-thumbnail","hentry","category-sport"],"gt_translate_keys":[{"key":"link","format":"url"}],"_links":{"self":[{"href":"https:\/\/www.hashtag.al\/index.php\/wp-json\/wp\/v2\/posts\/396638","targetHints":{"allow":["GET"]}}],"collection":[{"href":"https:\/\/www.hashtag.al\/index.php\/wp-json\/wp\/v2\/posts"}],"about":[{"href":"https:\/\/www.hashtag.al\/index.php\/wp-json\/wp\/v2\/types\/post"}],"author":[{"embeddable":true,"href":"https:\/\/www.hashtag.al\/index.php\/wp-json\/wp\/v2\/users\/51"}],"replies":[{"embeddable":true,"href":"https:\/\/www.hashtag.al\/index.php\/wp-json\/wp\/v2\/comments?post=396638"}],"version-history":[{"count":0,"href":"https:\/\/www.hashtag.al\/index.php\/wp-json\/wp\/v2\/posts\/396638\/revisions"}],"wp:featuredmedia":[{"embeddable":true,"href":"https:\/\/www.hashtag.al\/index.php\/wp-json\/wp\/v2\/media\/394454"}],"wp:attachment":[{"href":"https:\/\/www.hashtag.al\/index.php\/wp-json\/wp\/v2\/media?parent=396638"}],"wp:term":[{"taxonomy":"category","embeddable":true,"href":"https:\/\/www.hashtag.al\/index.php\/wp-json\/wp\/v2\/categories?post=396638"},{"taxonomy":"post_tag","embeddable":true,"href":"https:\/\/www.hashtag.al\/index.php\/wp-json\/wp\/v2\/tags?post=396638"}],"curies":[{"name":"wp","href":"https:\/\/api.w.org\/{rel}","templated":true}]}}