{"id":396561,"date":"2020-08-29T22:13:00","date_gmt":"2020-08-29T20:13:00","guid":{"rendered":"https:\/\/hashtag.al\/?p=396561"},"modified":"2020-08-29T22:13:00","modified_gmt":"2020-08-29T20:13:00","slug":"zaev-ekonomia-e-covid-19-prioritetet-e-qeverise-se-re","status":"publish","type":"post","link":"https:\/\/www.hashtag.al\/index.php\/2020\/08\/29\/zaev-ekonomia-e-covid-19-prioritetet-e-qeverise-se-re\/","title":{"rendered":"Zaev: Ekonomia e Covid-19 prioritetet e qeveris\u00eb s\u00eb re","gt_translate_keys":[{"key":"rendered","format":"text"}]},"content":{"rendered":"<p><img loading=\"lazy\" decoding=\"async\" class=\"aligncenter size-full wp-image-372671\" src=\"https:\/\/hashtag.al\/wp-content\/uploads\/2020\/05\/zaev.jpg\" alt=\"\" width=\"780\" height=\"470\" srcset=\"https:\/\/www.hashtag.al\/wp-content\/uploads\/2020\/05\/zaev.jpg 780w, https:\/\/www.hashtag.al\/wp-content\/uploads\/2020\/05\/zaev-300x181.jpg 300w, https:\/\/www.hashtag.al\/wp-content\/uploads\/2020\/05\/zaev-768x463.jpg 768w\" sizes=\"auto, (max-width: 780px) 100vw, 780px\" \/><\/p>\n<p><span style=\"color: #000000;\">Mandatari p\u00ebr formimin e qeveris\u00eb s\u00eb re n\u00eb Maqedonin\u00eb e Veriut, Zoran Zaev, n\u00eb prezantimin e programit, tha se nj\u00eb nd\u00ebr prioritet e para t\u00eb qeveris\u00eb s\u00eb re \u00ebsht\u00eb lufta kund\u00ebr koronavirusit dhe ekonomia. <\/span><\/p>\n<p><span style=\"color: #000000;\">Zaev paralajm\u00ebroi edhe reforma n\u00eb administrat\u00ebn publike n\u00ebp\u00ebrmjet shkurtimit me 20 p\u00ebr qind t\u00eb personelit.<\/span><\/p>\n<p><span style=\"color: #000000;\">Ai gjithashtu tha se n\u00eb programin kat\u00ebrvje\u00e7ar t\u00eb qeveris\u00eb \u00ebsht\u00eb parapar\u00eb edhe vetingu n\u00eb gjyq\u00ebsor dhe nd\u00ebrtimi i shtetit t\u00eb s\u00eb drejt\u00ebs.<\/span><\/p>\n<p><span style=\"color: #000000;\"><em>\u201cDo t\u00eb shqyrtojm\u00eb disa modele p\u00ebr reforma n\u00eb administrat\u00eb dhe shkurtimin p\u00ebr 20 p\u00ebr qind me riorganizim, pensionim dhe transferimin n\u00eb sektorin privat. Gjykat\u00ebsit p\u00ebr t\u00eb cil\u00ebt do t\u00eb d\u00ebshmohet se q\u00ebllimisht dhe me vet\u00ebdije kan\u00eb shkelur ligjin, do t\u00eb shkarkohen. Vendosim sistem t\u00eb kontrollimit t\u00eb pasuris\u00eb s\u00eb gjith\u00eb funksionar\u00ebve.\u201d<\/em> &#8211; deklaroi Zoran Zaev.<\/span><\/p>\n","protected":false,"gt_translate_keys":[{"key":"rendered","format":"html"}]},"excerpt":{"rendered":"<p>Mandatari p\u00ebr formimin e qeveris\u00eb s\u00eb re n\u00eb Maqedonin\u00eb e Veriut, Zoran Zaev, n\u00eb prezantimin e programit, tha se nj\u00eb nd\u00ebr prioritet e para t\u00eb qeveris\u00eb s\u00eb re \u00ebsht\u00eb lufta kund\u00ebr koronavirusit dhe ekonomia. Zaev paralajm\u00ebroi edhe reforma n\u00eb administrat\u00ebn publike n\u00ebp\u00ebrmjet shkurtimit me 20 p\u00ebr qind t\u00eb personelit. Ai gjithashtu tha se n\u00eb programin [&hellip;]<\/p>\n","protected":false,"gt_translate_keys":[{"key":"rendered","format":"html"}]},"author":51,"featured_media":372671,"comment_status":"open","ping_status":"open","sticky":false,"template":"","format":"standard","meta":{"footnotes":""},"categories":[149],"tags":[],"class_list":["post-396561","post","type-post","status-publish","format-standard","has-post-thumbnail","hentry","category-kosoverajon"],"gt_translate_keys":[{"key":"link","format":"url"}],"_links":{"self":[{"href":"https:\/\/www.hashtag.al\/index.php\/wp-json\/wp\/v2\/posts\/396561","targetHints":{"allow":["GET"]}}],"collection":[{"href":"https:\/\/www.hashtag.al\/index.php\/wp-json\/wp\/v2\/posts"}],"about":[{"href":"https:\/\/www.hashtag.al\/index.php\/wp-json\/wp\/v2\/types\/post"}],"author":[{"embeddable":true,"href":"https:\/\/www.hashtag.al\/index.php\/wp-json\/wp\/v2\/users\/51"}],"replies":[{"embeddable":true,"href":"https:\/\/www.hashtag.al\/index.php\/wp-json\/wp\/v2\/comments?post=396561"}],"version-history":[{"count":0,"href":"https:\/\/www.hashtag.al\/index.php\/wp-json\/wp\/v2\/posts\/396561\/revisions"}],"wp:featuredmedia":[{"embeddable":true,"href":"https:\/\/www.hashtag.al\/index.php\/wp-json\/wp\/v2\/media\/372671"}],"wp:attachment":[{"href":"https:\/\/www.hashtag.al\/index.php\/wp-json\/wp\/v2\/media?parent=396561"}],"wp:term":[{"taxonomy":"category","embeddable":true,"href":"https:\/\/www.hashtag.al\/index.php\/wp-json\/wp\/v2\/categories?post=396561"},{"taxonomy":"post_tag","embeddable":true,"href":"https:\/\/www.hashtag.al\/index.php\/wp-json\/wp\/v2\/tags?post=396561"}],"curies":[{"name":"wp","href":"https:\/\/api.w.org\/{rel}","templated":true}]}}