{"id":396443,"date":"2020-08-29T13:13:31","date_gmt":"2020-08-29T11:13:31","guid":{"rendered":"https:\/\/hashtag.al\/?p=396443"},"modified":"2020-08-29T13:13:31","modified_gmt":"2020-08-29T11:13:31","slug":"marshimi-historik-ne-uashington-mijera-persona-mblidhen-ne-shesh","status":"publish","type":"post","link":"https:\/\/www.hashtag.al\/index.php\/2020\/08\/29\/marshimi-historik-ne-uashington-mijera-persona-mblidhen-ne-shesh\/","title":{"rendered":"Marshimi historik n\u00eb Uashington, mij\u00ebra persona mblidhen n\u00eb shesh","gt_translate_keys":[{"key":"rendered","format":"text"}]},"content":{"rendered":"<p><img loading=\"lazy\" decoding=\"async\" class=\"aligncenter size-full wp-image-396444\" src=\"https:\/\/hashtag.al\/wp-content\/uploads\/2020\/08\/uashington.jpg\" alt=\"\" width=\"624\" height=\"351\" srcset=\"https:\/\/www.hashtag.al\/wp-content\/uploads\/2020\/08\/uashington.jpg 624w, https:\/\/www.hashtag.al\/wp-content\/uploads\/2020\/08\/uashington-300x169.jpg 300w\" sizes=\"auto, (max-width: 624px) 100vw, 624px\" \/><\/p>\n<p><span style=\"color: #000000;\">Mij\u00ebra persona jan\u00eb mbledhur n\u00eb Uashington p\u00ebr t\u00eb p\u00ebrkujtuar marshin e vitit 1963 p\u00ebr t\u00eb drejta t\u00eb njeriut, derisa ky organizim \u00ebsht\u00eb par\u00eb edhe si shenj\u00eb proteste p\u00ebr dhun\u00ebn e policis\u00eb.<\/span><\/p>\n<p><span style=\"color: #000000;\">Familjet e amerikan\u00ebve me ngjyr\u00eb, q\u00eb jan\u00eb vrar\u00eb nga policia, do t\u00eb flasin n\u00eb vendin e nj\u00ebjt\u00eb ku Martin Luther King Jr, ka mbajtur fjalimin e njohur \u201cE kam nj\u00eb \u00ebnd\u00ebrr\u201d.<\/span><\/p>\n<p><span style=\"color: #000000;\">Ngjarja e s\u00eb premtes \u00ebsht\u00eb quajtur, Marshi i P\u00ebrkushtimit: Hiqni gjurin tuaj nga qafa jon\u00eb, referenc\u00eb p\u00ebr vdekjen e afrikano-amerikanit, George Floyd teksa ka qen\u00eb n\u00eb mbajtje policore.<\/span><\/p>\n<p><span style=\"color: #000000;\">Marshi i s\u00eb premtes pason edhe protestat q\u00eb jan\u00eb zhvilluar rreth t\u00eb sht\u00ebnave t\u00eb policis\u00eb ndaj nj\u00eb tjet\u00ebr amerikani me ngjyr\u00eb, Jacob Blake.<\/span><\/p>\n<p><span style=\"color: #000000;\">N\u00eb k\u00ebt\u00eb ngjarje do t\u00eb marrin pjes\u00eb edhe lideri p\u00ebr t\u00eb drejta t\u00eb njeriut, Reverend Al Sharpton dhe Martin Luther King III \u2013 djali i madh i King Jr.<\/span><\/p>\n<p><span style=\"color: #000000;\">Marshi i vitit 1963 n\u00eb Uashington \u00ebsht\u00eb konsideruar seizmik p\u00ebr historin\u00eb amerikane, duke rezultuar m\u00eb von\u00eb me Aktin p\u00ebr t\u00eb Drejta Civile, p\u00ebrmes s\u00eb cilit u \u00ebsht\u00eb dh\u00ebn\u00eb fund ndasive n\u00eb baza racore n\u00eb vitin pasues.<\/span><\/p>\n<p><span style=\"color: #000000;\">Rreth 250,000 persona jan\u00eb mbledhur n\u00eb rrug\u00ebn prej tri kilometrash, nga zona p\u00ebrkujtimore e ish-presidentit Abraham Lincolnit deri te zona tjet\u00ebr p\u00ebrkujtimore e Uashingtonit, duke e kthyer at\u00eb ngjarje n\u00eb organizimin m\u00eb t\u00eb madhe politik q\u00eb ka par\u00eb Uashingtoni deri n\u00eb at\u00eb periudh\u00eb.<\/span><\/p>\n<p><span style=\"color: #000000;\">N\u00eb marshin e k\u00ebtij viti pritet t\u00eb b\u00ebhet thirrje p\u00ebr reforma policore dhe pjes\u00ebmarrje n\u00eb procesin zgjedhor t\u00eb 3 n\u00ebntorit.<\/span><\/p>\n<p><span style=\"color: #000000;\">P\u00ebr shkak t\u00eb masave t\u00eb marra kund\u00ebr koronavirusit, njer\u00ebzit jan\u00eb inkurajuar q\u00eb t\u00eb marrin pjes\u00eb n\u00eb k\u00ebt\u00eb marsh n\u00eb m\u00ebnyr\u00eb virtuale.<\/span><\/p>\n<p><span style=\"color: #000000;\">N\u00eb Uashington \u00ebsht\u00eb th\u00ebn\u00eb se marshuesve do t\u2019iu matet temperatura si dhe vendosja e maskave do t\u00eb jet\u00eb e detyrueshme.<\/span><\/p>\n","protected":false,"gt_translate_keys":[{"key":"rendered","format":"html"}]},"excerpt":{"rendered":"<p>Mij\u00ebra persona jan\u00eb mbledhur n\u00eb Uashington p\u00ebr t\u00eb p\u00ebrkujtuar marshin e vitit 1963 p\u00ebr t\u00eb drejta t\u00eb njeriut, derisa ky organizim \u00ebsht\u00eb par\u00eb edhe si shenj\u00eb proteste p\u00ebr dhun\u00ebn e policis\u00eb. Familjet e amerikan\u00ebve me ngjyr\u00eb, q\u00eb jan\u00eb vrar\u00eb nga policia, do t\u00eb flasin n\u00eb vendin e nj\u00ebjt\u00eb ku Martin Luther King Jr, ka mbajtur [&hellip;]<\/p>\n","protected":false,"gt_translate_keys":[{"key":"rendered","format":"html"}]},"author":32,"featured_media":396444,"comment_status":"open","ping_status":"open","sticky":false,"template":"","format":"standard","meta":{"footnotes":""},"categories":[6,13],"tags":[],"class_list":["post-396443","post","type-post","status-publish","format-standard","has-post-thumbnail","hentry","category-nderkombetare","category-te-fundit"],"gt_translate_keys":[{"key":"link","format":"url"}],"_links":{"self":[{"href":"https:\/\/www.hashtag.al\/index.php\/wp-json\/wp\/v2\/posts\/396443","targetHints":{"allow":["GET"]}}],"collection":[{"href":"https:\/\/www.hashtag.al\/index.php\/wp-json\/wp\/v2\/posts"}],"about":[{"href":"https:\/\/www.hashtag.al\/index.php\/wp-json\/wp\/v2\/types\/post"}],"author":[{"embeddable":true,"href":"https:\/\/www.hashtag.al\/index.php\/wp-json\/wp\/v2\/users\/32"}],"replies":[{"embeddable":true,"href":"https:\/\/www.hashtag.al\/index.php\/wp-json\/wp\/v2\/comments?post=396443"}],"version-history":[{"count":0,"href":"https:\/\/www.hashtag.al\/index.php\/wp-json\/wp\/v2\/posts\/396443\/revisions"}],"wp:featuredmedia":[{"embeddable":true,"href":"https:\/\/www.hashtag.al\/index.php\/wp-json\/wp\/v2\/media\/396444"}],"wp:attachment":[{"href":"https:\/\/www.hashtag.al\/index.php\/wp-json\/wp\/v2\/media?parent=396443"}],"wp:term":[{"taxonomy":"category","embeddable":true,"href":"https:\/\/www.hashtag.al\/index.php\/wp-json\/wp\/v2\/categories?post=396443"},{"taxonomy":"post_tag","embeddable":true,"href":"https:\/\/www.hashtag.al\/index.php\/wp-json\/wp\/v2\/tags?post=396443"}],"curies":[{"name":"wp","href":"https:\/\/api.w.org\/{rel}","templated":true}]}}