{"id":396252,"date":"2020-08-28T10:27:36","date_gmt":"2020-08-28T08:27:36","guid":{"rendered":"https:\/\/hashtag.al\/?p=396252"},"modified":"2020-08-28T10:27:36","modified_gmt":"2020-08-28T08:27:36","slug":"rama-nga-vjena-si-kryetar-i-osbe-se-jam-i-gatshem-te-punoj-per-lehtesimin-e-situates-ne-bjellorusi","status":"publish","type":"post","link":"https:\/\/www.hashtag.al\/index.php\/2020\/08\/28\/rama-nga-vjena-si-kryetar-i-osbe-se-jam-i-gatshem-te-punoj-per-lehtesimin-e-situates-ne-bjellorusi\/","title":{"rendered":"Rama nga Vjena: Si kryetar i OSBE-s\u00eb jam i gatsh\u00ebm t\u00eb punoj p\u00ebr leht\u00ebsimin e situat\u00ebs n\u00eb Bjellorusi","gt_translate_keys":[{"key":"rendered","format":"text"}]},"content":{"rendered":"<p><img loading=\"lazy\" decoding=\"async\" class=\"aligncenter size-full wp-image-396253\" src=\"https:\/\/hashtag.al\/wp-content\/uploads\/2020\/08\/Ramaosbe.png\" alt=\"\" width=\"616\" height=\"443\" \/><\/p>\n<p><span style=\"color: #000000;\">Kryeministri Rama ka folur n\u00eb cil\u00ebsin\u00eb e kreut t\u00eb OSBE-s\u00eb \u00a0n\u00eb mbledhjen e sotme n\u00eb Vjen\u00eb, t\u00eb thirrur p\u00ebr situat\u00ebn n\u00eb Bjellorusi. <\/span><\/p>\n<p><span style=\"color: #000000;\">Kreu i qeveris\u00eb tha se organizata q\u00eb drejton nuk mund t\u00eb luaj\u00eb rolin e vjet\u00ebr t\u00eb nd\u00ebrmjet\u00ebsimit mes pal\u00ebve, duke shtua se OSBE-ja ofrohet p\u00ebr t\u00eb let\u00ebsuar tensionet mes qeveris\u00eb e opozit\u00ebs n\u00eb vend.<\/span><\/p>\n<p><span style=\"color: #000000;\"><em>\u201cNuk na takon t\u00eb nd\u00ebrhyjm\u00eb n\u00eb marr\u00ebdh\u00ebniet mes autoriteteve bjelloruse dhe opozit\u00ebs q\u00eb ka dal\u00eb n\u00eb rrug\u00eb. Nuk na takon ne t\u00eb marrim an\u00eb. Ne nuk duam t\u00eb k\u00ebrkojm\u00eb rolin e vjet\u00ebr t\u00eb nd\u00ebrmjet\u00ebsimit mes pal\u00ebve. Ne thjesht duam t\u00eb ndihmojn\u00eb Bjellorusin\u00eb t\u00eb kap\u00ebrcej\u00eb problemet me t\u00eb cilat p\u00ebrballet. Zgjedhet n\u00eb Bjellorusi nuk u v\u00ebzhguan nga OSBE-ja. M\u00eb pas kemi nj\u00eb dhun\u00eb shproporcionale t\u00eb autoriteteve ndaj protest\u00ebs s\u00eb qytetar\u00ebve. Tabloja \u00ebsht\u00eb e sh\u00ebmtuar dhe nj\u00eb makth p\u00ebr Bjellorusin\u00eb e popullin bjellorus. OSBE-ja ofron t\u00eb jet\u00eb leht\u00ebsuese e \u00a0dialogut t\u00eb nevojsh\u00ebm n\u00eb Bjellorusi. OSBE-ja mund t\u00eb ofroj\u00eb mund\u00ebsin\u00eb p\u00ebr reflektim p\u00ebr leht\u00ebsimin e situat\u00ebs e uljen e tensioneve. Duhet t\u00eb ket\u00eb dialog mes qeveris\u00eb dhe forcave t\u00eb radhitura kund\u00ebr saj. Sado keq jan\u00eb gj\u00ebrat atje, duhet t\u00eb ket\u00eb nj\u00eb pajtim. Duhet zgjidhur n\u00eb Minsk mes popullit bjellorus n\u00eb respekt t\u00eb plot\u00eb t\u00eb sovraniteti e respektimit t\u00eb t\u00eb drejtave t\u00eb njeriut.\u201d<\/em> \u2013 tha Rama.<\/span><\/p>\n<p><span style=\"color: #000000;\">Ai shtoi m\u00eb tej se si kryetar i OSBE-s\u00eb \u00ebsht\u00eb i gatsh\u00ebm t\u00eb krijoj\u00eb mund\u00ebsin\u00eb e uljes s\u00eb tensioneve n\u00eb Bjellorusi dhe t\u00eb leht\u00ebsimit mes pal\u00ebve.<\/span><\/p>\n<p><span style=\"color: #000000;\"><em>\u201cSi kryetar i radh\u00ebs i OSBE-s\u00eb, mbetem i gatsh\u00ebm q\u00eb ta krijoj\u00eb k\u00ebt\u00eb mund\u00ebsi. T\u00eb jem n\u00eb gjendje t\u00eb ndihmoj shpejt nd\u00ebrsa ngjarjet duket se jan\u00eb jasht\u00eb kontrollit. Kryesia shqiptare do punoj\u00eb pareshtur t\u00eb nj\u00eb procesi dialogu mes pal\u00ebve. Do i shoq\u00ebrojm\u00eb miqt\u00eb bjellorus\u00eb n\u00eb p\u00ebrpjekjen pa imponuar asgj\u00eb. N\u00ebse biem dakord p\u00ebr di\u00e7ka do duhet t\u2019i p\u00ebrmbahemi asaj. Di\u00e7ka duhet t\u00eb jet\u00eb absolutisht e qart\u00eb. Duhet t\u00eb ket\u00eb nj\u00eb p\u00ebrmir\u00ebsimin t\u00eb shpejt\u00eb e dometh\u00ebn\u00ebs p\u00ebr sa i p\u00ebrket t\u00eb drejtave t\u00eb njeriut. U b\u00ebj thirrje autoriteteve bjelloruse. Jepini nj\u00eb mund\u00ebsi k\u00ebsaj oferte.\u201d<\/em> \u2013 shtoi Rama.<\/span><\/p>\n","protected":false,"gt_translate_keys":[{"key":"rendered","format":"html"}]},"excerpt":{"rendered":"<p>Kryeministri Rama ka folur n\u00eb cil\u00ebsin\u00eb e kreut t\u00eb OSBE-s\u00eb \u00a0n\u00eb mbledhjen e sotme n\u00eb Vjen\u00eb, t\u00eb thirrur p\u00ebr situat\u00ebn n\u00eb Bjellorusi. Kreu i qeveris\u00eb tha se organizata q\u00eb drejton nuk mund t\u00eb luaj\u00eb rolin e vjet\u00ebr t\u00eb nd\u00ebrmjet\u00ebsimit mes pal\u00ebve, duke shtua se OSBE-ja ofrohet p\u00ebr t\u00eb let\u00ebsuar tensionet mes qeveris\u00eb e opozit\u00ebs n\u00eb [&hellip;]<\/p>\n","protected":false,"gt_translate_keys":[{"key":"rendered","format":"html"}]},"author":51,"featured_media":396253,"comment_status":"open","ping_status":"open","sticky":false,"template":"","format":"standard","meta":{"footnotes":""},"categories":[65,13],"tags":[],"class_list":["post-396252","post","type-post","status-publish","format-standard","has-post-thumbnail","hentry","category-lajme","category-te-fundit"],"gt_translate_keys":[{"key":"link","format":"url"}],"_links":{"self":[{"href":"https:\/\/www.hashtag.al\/index.php\/wp-json\/wp\/v2\/posts\/396252","targetHints":{"allow":["GET"]}}],"collection":[{"href":"https:\/\/www.hashtag.al\/index.php\/wp-json\/wp\/v2\/posts"}],"about":[{"href":"https:\/\/www.hashtag.al\/index.php\/wp-json\/wp\/v2\/types\/post"}],"author":[{"embeddable":true,"href":"https:\/\/www.hashtag.al\/index.php\/wp-json\/wp\/v2\/users\/51"}],"replies":[{"embeddable":true,"href":"https:\/\/www.hashtag.al\/index.php\/wp-json\/wp\/v2\/comments?post=396252"}],"version-history":[{"count":0,"href":"https:\/\/www.hashtag.al\/index.php\/wp-json\/wp\/v2\/posts\/396252\/revisions"}],"wp:featuredmedia":[{"embeddable":true,"href":"https:\/\/www.hashtag.al\/index.php\/wp-json\/wp\/v2\/media\/396253"}],"wp:attachment":[{"href":"https:\/\/www.hashtag.al\/index.php\/wp-json\/wp\/v2\/media?parent=396252"}],"wp:term":[{"taxonomy":"category","embeddable":true,"href":"https:\/\/www.hashtag.al\/index.php\/wp-json\/wp\/v2\/categories?post=396252"},{"taxonomy":"post_tag","embeddable":true,"href":"https:\/\/www.hashtag.al\/index.php\/wp-json\/wp\/v2\/tags?post=396252"}],"curies":[{"name":"wp","href":"https:\/\/api.w.org\/{rel}","templated":true}]}}