{"id":396183,"date":"2020-08-27T18:18:03","date_gmt":"2020-08-27T16:18:03","guid":{"rendered":"https:\/\/hashtag.al\/?p=396183"},"modified":"2020-08-27T18:18:03","modified_gmt":"2020-08-27T16:18:03","slug":"parlamenti-kroat-ngre-komision-per-viziten-e-presidentit-milanovic-ne-shqiperi-media-kroate-u-mbajt-e-fshehte-edhe-nga-rama","status":"publish","type":"post","link":"https:\/\/www.hashtag.al\/index.php\/2020\/08\/27\/parlamenti-kroat-ngre-komision-per-viziten-e-presidentit-milanovic-ne-shqiperi-media-kroate-u-mbajt-e-fshehte-edhe-nga-rama\/","title":{"rendered":"Parlamenti kroat ngre komision p\u00ebr vizit\u00ebn e Presidentit Milanovi\u00e7 n\u00eb Shqip\u00ebri, media kroate: U mbajt e fsheht\u00eb edhe nga Rama","gt_translate_keys":[{"key":"rendered","format":"text"}]},"content":{"rendered":"<p><img loading=\"lazy\" decoding=\"async\" class=\"aligncenter size-full wp-image-396184\" src=\"https:\/\/hashtag.al\/wp-content\/uploads\/2020\/08\/zoran-milenkovic.jpg\" alt=\"\" width=\"1024\" height=\"536\" srcset=\"https:\/\/www.hashtag.al\/wp-content\/uploads\/2020\/08\/zoran-milenkovic.jpg 1024w, https:\/\/www.hashtag.al\/wp-content\/uploads\/2020\/08\/zoran-milenkovic-300x157.jpg 300w, https:\/\/www.hashtag.al\/wp-content\/uploads\/2020\/08\/zoran-milenkovic-768x402.jpg 768w\" sizes=\"auto, (max-width: 1024px) 100vw, 1024px\" \/><\/p>\n<p>Komisioni Parlamentar n\u00eb Kroaci vijon mbledhjen e t\u00eb dh\u00ebnave n\u00eb lidhje me vizit\u00ebn e presidentit Zoran Milanovi\u00e7 n\u00eb datat 12 dhe 13 gusht n\u00eb Shqip\u00ebri, me ftes\u00eb t\u00eb kryeministrit Rama, shkruan Index.hr.<\/p>\n<p>Deputet\u00ebt dhe an\u00ebtar\u00ebt e tjer\u00eb t\u00eb komisionit prej 11 personash kan\u00eb zbuluar pasakt\u00ebsi n\u00eb deklaratat e presidenc\u00ebs n\u00eb lidhje me k\u00ebt\u00eb vizit\u00eb, ku nj\u00ebher\u00eb thuhet se ishte zyrtare dhe shpenzimet u mbuluan nga parat\u00eb e taksapaguesve dhe her\u00ebn tjet\u00ebr thuhet se ishte private dhe shpenzimet u mbuluan nga vet\u00eb Milanovi\u00e7.<\/p>\n<p>Duke u nisur nga ky deklarim, ata i kan\u00eb k\u00ebrkuar t\u00eb dh\u00ebna Shqip\u00ebris\u00eb n\u00eb lidhje me vizit\u00ebn n\u00eb fjal\u00eb, t\u00eb cil\u00ebn Milanovi\u00e7 e kreu duke ardhur me nj\u00eb jaht ushtarak t\u00eb Kroacis\u00eb, q\u00eb m\u00eb her\u00ebt e kishte p\u00ebrdorur edhe ish-lideri jugosllav, Tito.<\/p>\n<p><a href=\"https:\/\/www.index.hr\/vijesti\/clanak\/milanovic-kaze-da-je-put-u-albaniju-bio-sluzbeni-isao-je-titovim-brodom-na-nas-racun\/2207796.aspx\">Mediat<\/a> kroate\u00a0se vizita e Jovanovi\u00e7it nuk \u00ebsht\u00eb publikuar n\u00eb asnj\u00eb faqe zyrtare n\u00eb web apo Facebook t\u00eb presidentit apo edhe t\u00eb kryeministrit Rama \u201cedhe pse ky i funidt \u00ebsht\u00eb shum\u00eb aktiv n\u00eb rrjetet sociale\u201d.<\/p>\n<p>Drejtuesja e komisioni, Natasa Novakovi\u00e7 u shpreh p\u00ebr mediat kroate gjithashtu se komisioni duhet t\u00eb kuptoj\u00eb plot\u00ebsisht n\u00ebse vizita e presidentit n\u00eb Shqip\u00ebri, ishte private apo shtet\u00ebrore.<\/p>\n<p>\u201cPasi t\u00eb kuptojm\u00eb qart\u00ebsisht k\u00ebt\u00eb do t\u00eb sqarohen shum\u00eb detaje t\u00eb tjera\u201d, u shpreh ajo.<\/p>\n","protected":false,"gt_translate_keys":[{"key":"rendered","format":"html"}]},"excerpt":{"rendered":"<p>Komisioni Parlamentar n\u00eb Kroaci vijon mbledhjen e t\u00eb dh\u00ebnave n\u00eb lidhje me vizit\u00ebn e presidentit Zoran Milanovi\u00e7 n\u00eb datat 12 dhe 13 gusht n\u00eb Shqip\u00ebri, me ftes\u00eb t\u00eb kryeministrit Rama, shkruan Index.hr. Deputet\u00ebt dhe an\u00ebtar\u00ebt e tjer\u00eb t\u00eb komisionit prej 11 personash kan\u00eb zbuluar pasakt\u00ebsi n\u00eb deklaratat e presidenc\u00ebs n\u00eb lidhje me k\u00ebt\u00eb vizit\u00eb, ku [&hellip;]<\/p>\n","protected":false,"gt_translate_keys":[{"key":"rendered","format":"html"}]},"author":32,"featured_media":396184,"comment_status":"open","ping_status":"open","sticky":false,"template":"","format":"standard","meta":{"footnotes":""},"categories":[65,13],"tags":[],"class_list":["post-396183","post","type-post","status-publish","format-standard","has-post-thumbnail","hentry","category-lajme","category-te-fundit"],"gt_translate_keys":[{"key":"link","format":"url"}],"_links":{"self":[{"href":"https:\/\/www.hashtag.al\/index.php\/wp-json\/wp\/v2\/posts\/396183","targetHints":{"allow":["GET"]}}],"collection":[{"href":"https:\/\/www.hashtag.al\/index.php\/wp-json\/wp\/v2\/posts"}],"about":[{"href":"https:\/\/www.hashtag.al\/index.php\/wp-json\/wp\/v2\/types\/post"}],"author":[{"embeddable":true,"href":"https:\/\/www.hashtag.al\/index.php\/wp-json\/wp\/v2\/users\/32"}],"replies":[{"embeddable":true,"href":"https:\/\/www.hashtag.al\/index.php\/wp-json\/wp\/v2\/comments?post=396183"}],"version-history":[{"count":0,"href":"https:\/\/www.hashtag.al\/index.php\/wp-json\/wp\/v2\/posts\/396183\/revisions"}],"wp:featuredmedia":[{"embeddable":true,"href":"https:\/\/www.hashtag.al\/index.php\/wp-json\/wp\/v2\/media\/396184"}],"wp:attachment":[{"href":"https:\/\/www.hashtag.al\/index.php\/wp-json\/wp\/v2\/media?parent=396183"}],"wp:term":[{"taxonomy":"category","embeddable":true,"href":"https:\/\/www.hashtag.al\/index.php\/wp-json\/wp\/v2\/categories?post=396183"},{"taxonomy":"post_tag","embeddable":true,"href":"https:\/\/www.hashtag.al\/index.php\/wp-json\/wp\/v2\/tags?post=396183"}],"curies":[{"name":"wp","href":"https:\/\/api.w.org\/{rel}","templated":true}]}}