{"id":396178,"date":"2020-08-27T17:35:54","date_gmt":"2020-08-27T15:35:54","guid":{"rendered":"https:\/\/hashtag.al\/?p=396178"},"modified":"2020-08-27T17:35:54","modified_gmt":"2020-08-27T15:35:54","slug":"gjykata-e-posacme-e-apelit-le-ne-fuqi-vendimin-per-sekuestrimin-e-pasurive-te-ylli-ndroqit","status":"publish","type":"post","link":"https:\/\/www.hashtag.al\/index.php\/2020\/08\/27\/gjykata-e-posacme-e-apelit-le-ne-fuqi-vendimin-per-sekuestrimin-e-pasurive-te-ylli-ndroqit\/","title":{"rendered":"Gjykata e Posa\u00e7me e Apelit l\u00eb n\u00eb fuqi vendimin p\u00ebr sekuestrimin e pasurive t\u00eb Ylli Ndroqit","gt_translate_keys":[{"key":"rendered","format":"text"}]},"content":{"rendered":"<p><img loading=\"lazy\" decoding=\"async\" class=\"aligncenter size-full wp-image-391589\" src=\"https:\/\/hashtag.al\/wp-content\/uploads\/2020\/08\/ndroqiylli-e1596458644501.jpg\" alt=\"\" width=\"2048\" height=\"1459\" srcset=\"https:\/\/www.hashtag.al\/wp-content\/uploads\/2020\/08\/ndroqiylli-e1596458644501.jpg 2048w, https:\/\/www.hashtag.al\/wp-content\/uploads\/2020\/08\/ndroqiylli-e1596458644501-300x214.jpg 300w, https:\/\/www.hashtag.al\/wp-content\/uploads\/2020\/08\/ndroqiylli-e1596458644501-768x547.jpg 768w, https:\/\/www.hashtag.al\/wp-content\/uploads\/2020\/08\/ndroqiylli-e1596458644501-1024x730.jpg 1024w\" sizes=\"auto, (max-width: 2048px) 100vw, 2048px\" \/><\/p>\n<p><span style=\"color: #000000;\">Gjykata e Posa\u00e7me e Apelit l\u00eb n\u00eb fuqi vendimin e shkall\u00ebs s\u00eb par\u00eb duke l\u00ebn\u00eb n\u00eb sekuestro preventive pronat e presidentit t\u00eb \u201cYldon Media Group\u201d, Ylli Ndroqi, mes tyre dhe 2 televizioneve RTV Ora dhe Ora Ne\u00ebs.<\/span><\/p>\n<p><span style=\"color: #000000;\">Me k\u00ebrkes\u00eb t\u00eb Prokuroris\u00eb s\u00eb Posa\u00e7me kund\u00ebr Korrupsionit dhe Krimit te Organizuar, gjykata e posa\u00e7me e shkall\u00ebs s\u00eb par\u00eb ka vendosi t\u00eb sekuestronte t\u00eb gjitha pasurit\u00eb e pronarit t\u00eb televizionit Ora Ne\u00ebs, Ylli Ndroqit.<\/span><\/p>\n<p><span style=\"color: #000000;\">B\u00ebhet fjal\u00eb p\u00ebr 26 pasuri, p\u00ebrfshire dy televizionet, Ora dhe Channel One, disa kompani dhe pasuri t\u00eb patundshme, si truall, apartamente, biznese, toke e makina.<\/span><\/p>\n<p><span style=\"color: #000000;\">Vendimi u njoftua n\u00eb dat\u00ebn 3 gusht, nd\u00ebrsa nga ana e Ndroqit ky vendim \u00ebsht\u00eb politik dhe sipas tij \u00ebsht\u00eb p\u00ebr shkak t\u00eb nj\u00eb p\u00ebrplasje me kryebashkiakun Erion Veliaj.<\/span><\/p>\n","protected":false,"gt_translate_keys":[{"key":"rendered","format":"html"}]},"excerpt":{"rendered":"<p>Gjykata e Posa\u00e7me e Apelit l\u00eb n\u00eb fuqi vendimin e shkall\u00ebs s\u00eb par\u00eb duke l\u00ebn\u00eb n\u00eb sekuestro preventive pronat e presidentit t\u00eb \u201cYldon Media Group\u201d, Ylli Ndroqi, mes tyre dhe 2 televizioneve RTV Ora dhe Ora Ne\u00ebs. Me k\u00ebrkes\u00eb t\u00eb Prokuroris\u00eb s\u00eb Posa\u00e7me kund\u00ebr Korrupsionit dhe Krimit te Organizuar, gjykata e posa\u00e7me e shkall\u00ebs s\u00eb [&hellip;]<\/p>\n","protected":false,"gt_translate_keys":[{"key":"rendered","format":"html"}]},"author":32,"featured_media":391589,"comment_status":"open","ping_status":"open","sticky":false,"template":"","format":"standard","meta":{"footnotes":""},"categories":[65,13],"tags":[],"class_list":["post-396178","post","type-post","status-publish","format-standard","has-post-thumbnail","hentry","category-lajme","category-te-fundit"],"gt_translate_keys":[{"key":"link","format":"url"}],"_links":{"self":[{"href":"https:\/\/www.hashtag.al\/index.php\/wp-json\/wp\/v2\/posts\/396178","targetHints":{"allow":["GET"]}}],"collection":[{"href":"https:\/\/www.hashtag.al\/index.php\/wp-json\/wp\/v2\/posts"}],"about":[{"href":"https:\/\/www.hashtag.al\/index.php\/wp-json\/wp\/v2\/types\/post"}],"author":[{"embeddable":true,"href":"https:\/\/www.hashtag.al\/index.php\/wp-json\/wp\/v2\/users\/32"}],"replies":[{"embeddable":true,"href":"https:\/\/www.hashtag.al\/index.php\/wp-json\/wp\/v2\/comments?post=396178"}],"version-history":[{"count":0,"href":"https:\/\/www.hashtag.al\/index.php\/wp-json\/wp\/v2\/posts\/396178\/revisions"}],"wp:featuredmedia":[{"embeddable":true,"href":"https:\/\/www.hashtag.al\/index.php\/wp-json\/wp\/v2\/media\/391589"}],"wp:attachment":[{"href":"https:\/\/www.hashtag.al\/index.php\/wp-json\/wp\/v2\/media?parent=396178"}],"wp:term":[{"taxonomy":"category","embeddable":true,"href":"https:\/\/www.hashtag.al\/index.php\/wp-json\/wp\/v2\/categories?post=396178"},{"taxonomy":"post_tag","embeddable":true,"href":"https:\/\/www.hashtag.al\/index.php\/wp-json\/wp\/v2\/tags?post=396178"}],"curies":[{"name":"wp","href":"https:\/\/api.w.org\/{rel}","templated":true}]}}