{"id":396036,"date":"2020-08-26T19:39:58","date_gmt":"2020-08-26T17:39:58","guid":{"rendered":"https:\/\/hashtag.al\/?p=396036"},"modified":"2020-08-26T19:39:58","modified_gmt":"2020-08-26T17:39:58","slug":"vetevendosja-nuk-pranon-te-dergoje-delegate-me-hotin-per-dialogun-ne-uashington","status":"publish","type":"post","link":"https:\/\/www.hashtag.al\/index.php\/2020\/08\/26\/vetevendosja-nuk-pranon-te-dergoje-delegate-me-hotin-per-dialogun-ne-uashington\/","title":{"rendered":"Vet\u00ebvendosja nuk pranon t\u00eb d\u00ebrgoj\u00eb delegat\u00eb me Hotin p\u00ebr dialogun n\u00eb Uashington","gt_translate_keys":[{"key":"rendered","format":"text"}]},"content":{"rendered":"<p><img loading=\"lazy\" decoding=\"async\" class=\"aligncenter size-full wp-image-391200\" src=\"https:\/\/hashtag.al\/wp-content\/uploads\/2020\/08\/kurtihoti.jpg\" alt=\"\" width=\"1920\" height=\"1080\" srcset=\"https:\/\/www.hashtag.al\/wp-content\/uploads\/2020\/08\/kurtihoti.jpg 1920w, https:\/\/www.hashtag.al\/wp-content\/uploads\/2020\/08\/kurtihoti-300x169.jpg 300w, https:\/\/www.hashtag.al\/wp-content\/uploads\/2020\/08\/kurtihoti-768x432.jpg 768w, https:\/\/www.hashtag.al\/wp-content\/uploads\/2020\/08\/kurtihoti-1024x576.jpg 1024w\" sizes=\"auto, (max-width: 1920px) 100vw, 1920px\" \/><\/p>\n<p><span style=\"color: #000000;\">L\u00ebvizja Vet\u00ebvendosje ka refuzuar ftes\u00ebn e kryeministrit Avdullah Hoti p\u00ebr t\u00eb d\u00ebrguar p\u00ebrfaq\u00ebsues n\u00eb delegacionin e Kosov\u00ebs p\u00ebr takimet me Serbin\u00eb n\u00eb Bruksel dhe Uashington.<\/span><\/p>\n<p><span style=\"color: #000000;\">Pak pasi Hoti njoftoi publikisht se sot ka k\u00ebrkuar nga partit\u00eb opozitare t\u2019i bashkohen n\u00eb dialog, z\u00ebdh\u00ebn\u00ebsi i Vet\u00ebvendosjes, P\u00ebrparim Kryeziu, n\u00eb nj\u00eb njoftim n\u00eb Facebook ka th\u00ebn\u00eb se kjo parti nuk do t\u2019i p\u00ebrgjigjet pozitivisht k\u00ebsaj ftese.<\/span><\/p>\n<p><span style=\"color: #000000;\">N\u00eb p\u00ebrgjigjen e tij ai ka th\u00ebn\u00eb se \u201cKjo qeveri \u00ebsht\u00eb jolegjitime dhe jokredibile pasiq\u00eb nuk p\u00ebrfaq\u00ebson vullnetin e qytetar\u00ebve dhe nuk buron nga vota e tij n\u00eb zgjedhjet e fundit\u201d.<\/span><\/p>\n<p><span style=\"color: #000000;\">\u201c<em>I mungon platforma me parime dhe vija t\u00eb kuqe p\u00ebr procesin e dialogut \u2013 ndon\u00ebse nj\u00eb dokument t\u00eb till\u00eb e parasheh n\u00eb programin e saj qeveris\u00ebs. Nuk ka mb\u00ebshtetje t\u00eb gjer\u00eb n\u00eb Kuvend ku \u00ebsht\u00eb e varur nga secila vot\u00eb e List\u00ebs Serbe, dhe i \u00ebsht\u00eb n\u00ebnshtruar Serbis\u00eb dhe \u00e7do k\u00ebrkese t\u00eb saj deri m\u00eb tani. P\u00ebrkund\u00ebr faktit se prioritetet e Kosov\u00ebs duhet t\u00eb jen\u00eb menaxhimi efikas i pandemis\u00eb COVID-19, rim\u00ebk\u00ebmbja ekonomike, luftimi i krimit t\u00eb organizuar dhe korrupsionit t\u00eb lart\u00eb, dhe zhvillimit socio-ekonomik, kjo qeveri plot\u00ebsisht e \u00e7orientuar dhe duke d\u00ebshtuar n\u00eb secilin rrafsh po i jep v\u00ebmendje t\u00eb pakusht\u00ebzuar nj\u00eb procesi p\u00ebr t\u00eb cilin as nuk ka planifikim, as p\u00ebrgatitje, as mb\u00ebshtetje por as legjitimitet. N\u00eb p\u00ebrputhje me q\u00ebndrimet tona n\u00eb raport me k\u00ebt\u00eb qeveri jolegale dhe jolegjitime, p\u00ebr arsyet e lart\u00ebp\u00ebrmendura, por jo vet\u00ebm, L\u00ebvizja Vet\u00ebvendosje nuk do t\u2019i p\u00ebrgjigjet pozitivisht k\u00ebsaj ftese. Pozicioni yn\u00eb n\u00eb k\u00ebt\u00eb \u00e7\u00ebshtje \u00ebsht\u00eb i qart\u00eb. Kosova mund t\u00eb dialogoj\u00eb me Serbin\u00eb vet\u00ebm pas zgjedhjeve t\u00eb parakohshme kur do t\u00eb kemi qeveri me legjitimitet t\u00eb plot\u00eb, q\u00eb harton, prezanton dhe siguron unitet p\u00ebrmes nj\u00eb platforme q\u00eb merr mb\u00ebshtetjen e 2\/3 t\u00eb deputet\u00ebve n\u00eb Kuvend si dhe duke u nisur gjithnj\u00eb nga reciprociteti si parim i marr\u00ebdh\u00ebnieve t\u00eb barabarta nd\u00ebrshtet\u00ebrore<\/em>\u201d- ka shkruar ai.<\/span><\/p>\n","protected":false,"gt_translate_keys":[{"key":"rendered","format":"html"}]},"excerpt":{"rendered":"<p>L\u00ebvizja Vet\u00ebvendosje ka refuzuar ftes\u00ebn e kryeministrit Avdullah Hoti p\u00ebr t\u00eb d\u00ebrguar p\u00ebrfaq\u00ebsues n\u00eb delegacionin e Kosov\u00ebs p\u00ebr takimet me Serbin\u00eb n\u00eb Bruksel dhe Uashington. Pak pasi Hoti njoftoi publikisht se sot ka k\u00ebrkuar nga partit\u00eb opozitare t\u2019i bashkohen n\u00eb dialog, z\u00ebdh\u00ebn\u00ebsi i Vet\u00ebvendosjes, P\u00ebrparim Kryeziu, n\u00eb nj\u00eb njoftim n\u00eb Facebook ka th\u00ebn\u00eb se kjo [&hellip;]<\/p>\n","protected":false,"gt_translate_keys":[{"key":"rendered","format":"html"}]},"author":32,"featured_media":391200,"comment_status":"open","ping_status":"open","sticky":false,"template":"","format":"standard","meta":{"footnotes":""},"categories":[149,13],"tags":[],"class_list":["post-396036","post","type-post","status-publish","format-standard","has-post-thumbnail","hentry","category-kosoverajon","category-te-fundit"],"gt_translate_keys":[{"key":"link","format":"url"}],"_links":{"self":[{"href":"https:\/\/www.hashtag.al\/index.php\/wp-json\/wp\/v2\/posts\/396036","targetHints":{"allow":["GET"]}}],"collection":[{"href":"https:\/\/www.hashtag.al\/index.php\/wp-json\/wp\/v2\/posts"}],"about":[{"href":"https:\/\/www.hashtag.al\/index.php\/wp-json\/wp\/v2\/types\/post"}],"author":[{"embeddable":true,"href":"https:\/\/www.hashtag.al\/index.php\/wp-json\/wp\/v2\/users\/32"}],"replies":[{"embeddable":true,"href":"https:\/\/www.hashtag.al\/index.php\/wp-json\/wp\/v2\/comments?post=396036"}],"version-history":[{"count":0,"href":"https:\/\/www.hashtag.al\/index.php\/wp-json\/wp\/v2\/posts\/396036\/revisions"}],"wp:featuredmedia":[{"embeddable":true,"href":"https:\/\/www.hashtag.al\/index.php\/wp-json\/wp\/v2\/media\/391200"}],"wp:attachment":[{"href":"https:\/\/www.hashtag.al\/index.php\/wp-json\/wp\/v2\/media?parent=396036"}],"wp:term":[{"taxonomy":"category","embeddable":true,"href":"https:\/\/www.hashtag.al\/index.php\/wp-json\/wp\/v2\/categories?post=396036"},{"taxonomy":"post_tag","embeddable":true,"href":"https:\/\/www.hashtag.al\/index.php\/wp-json\/wp\/v2\/tags?post=396036"}],"curies":[{"name":"wp","href":"https:\/\/api.w.org\/{rel}","templated":true}]}}