{"id":396002,"date":"2020-08-26T15:15:55","date_gmt":"2020-08-26T13:15:55","guid":{"rendered":"https:\/\/hashtag.al\/?p=396002"},"modified":"2020-08-26T15:15:55","modified_gmt":"2020-08-26T13:15:55","slug":"festivali-i-filmit-ne-berlin-heq-fjalet-aktor-dhe-aktore-per-cmimet-do-perdore-fjale-neutrale","status":"publish","type":"post","link":"https:\/\/www.hashtag.al\/index.php\/2020\/08\/26\/festivali-i-filmit-ne-berlin-heq-fjalet-aktor-dhe-aktore-per-cmimet-do-perdore-fjale-neutrale\/","title":{"rendered":"Festivali i Filmit n\u00eb Berlin heq fjal\u00ebt \u201caktor\u201d dhe \u201caktore\u201d p\u00ebr \u00e7mimet, do p\u00ebrdor\u00eb fjal\u00eb neutrale","gt_translate_keys":[{"key":"rendered","format":"text"}]},"content":{"rendered":"<p><img loading=\"lazy\" decoding=\"async\" class=\"aligncenter size-full wp-image-396003\" src=\"https:\/\/hashtag.al\/wp-content\/uploads\/2020\/08\/berlinfilm.jpg\" alt=\"\" width=\"980\" height=\"551\" srcset=\"https:\/\/www.hashtag.al\/wp-content\/uploads\/2020\/08\/berlinfilm.jpg 980w, https:\/\/www.hashtag.al\/wp-content\/uploads\/2020\/08\/berlinfilm-300x169.jpg 300w, https:\/\/www.hashtag.al\/wp-content\/uploads\/2020\/08\/berlinfilm-768x432.jpg 768w\" sizes=\"auto, (max-width: 980px) 100vw, 980px\" \/><\/p>\n<p><span style=\"color: #000000;\">Festivali Nd\u00ebrkomb\u00ebtar i Filmit n\u00eb Berlin ka njoftuar se do t\u00eb heq\u00eb fjal\u00ebt &#8216;aktori&#8217; dhe &#8216;aktorja&#8217; n\u00eb dh\u00ebninen e \u00e7mimeve n\u00eb veprimtarin\u00eb e tij t\u00eb radh\u00ebs, n\u00eb nj\u00eb p\u00ebrpjekje p\u00ebr t\u00eb qen\u00eb m\u00eb \u2018i ndjesh\u00ebm ndaj gjinis\u00eb\u2019.<\/span><\/p>\n<p><span style=\"color: #000000;\"><em>&#8220;Ne besojm\u00eb se mosdh\u00ebnia e \u00e7mimeve n\u00eb fush\u00ebn e aktrimit sipas gjinis\u00eb p\u00ebrb\u00ebn nj\u00eb sinjal p\u00ebr nj\u00eb nd\u00ebrgjegj\u00ebsim m\u00eb t\u00eb ndjesh\u00ebm ndaj gjinis\u00eb n\u00eb industrin\u00eb e filmit.&#8221;<\/em> &#8211; than\u00eb t\u00eb h\u00ebn\u00ebn drejtor\u00ebt e festivalit, Mariette Rissenbeek dhe Carlo Chatrian n\u00eb nj\u00eb deklarat\u00eb publike.<\/span><\/p>\n<p><span style=\"color: #000000;\">Fjal\u00eb e p\u00ebrdorura do ndryshojn\u00eb nga \u2018aktori m\u00eb i mir\u00eb\u2019 e \u2018aktorja m\u00eb e mir\u00eb\u2019 n\u00eb \u2018performanca m\u00eb e mir\u00eb\u2019.<\/span><\/p>\n<p><span style=\"color: #000000;\">Ndryshimi do t\u00eb hyj\u00eb n\u00eb fuqi p\u00ebr festivalin e ardhsh\u00ebm, i cili \u00ebsht\u00eb vendosur t\u00eb zhvillohet n\u00eb shkurt 2021.<\/span><\/p>\n<p><span style=\"color: #000000;\">Festivali i Filmit n\u00eb Berlin \u00ebsht\u00eb i pari i madh q\u00eb b\u00ebri l\u00ebvizjen n\u00eb fjal\u00eb, teksa ai i Kan\u00ebs e Venecias e japin ende \u00e7mimin p\u00ebr aktrimin sipas gjinis\u00eb.<\/span><\/p>\n","protected":false,"gt_translate_keys":[{"key":"rendered","format":"html"}]},"excerpt":{"rendered":"<p>Festivali Nd\u00ebrkomb\u00ebtar i Filmit n\u00eb Berlin ka njoftuar se do t\u00eb heq\u00eb fjal\u00ebt &#8216;aktori&#8217; dhe &#8216;aktorja&#8217; n\u00eb dh\u00ebninen e \u00e7mimeve n\u00eb veprimtarin\u00eb e tij t\u00eb radh\u00ebs, n\u00eb nj\u00eb p\u00ebrpjekje p\u00ebr t\u00eb qen\u00eb m\u00eb \u2018i ndjesh\u00ebm ndaj gjinis\u00eb\u2019. &#8220;Ne besojm\u00eb se mosdh\u00ebnia e \u00e7mimeve n\u00eb fush\u00ebn e aktrimit sipas gjinis\u00eb p\u00ebrb\u00ebn nj\u00eb sinjal p\u00ebr nj\u00eb nd\u00ebrgjegj\u00ebsim [&hellip;]<\/p>\n","protected":false,"gt_translate_keys":[{"key":"rendered","format":"html"}]},"author":51,"featured_media":396003,"comment_status":"open","ping_status":"open","sticky":false,"template":"","format":"standard","meta":{"footnotes":""},"categories":[53],"tags":[],"class_list":["post-396002","post","type-post","status-publish","format-standard","has-post-thumbnail","hentry","category-fast-foodi"],"gt_translate_keys":[{"key":"link","format":"url"}],"_links":{"self":[{"href":"https:\/\/www.hashtag.al\/index.php\/wp-json\/wp\/v2\/posts\/396002","targetHints":{"allow":["GET"]}}],"collection":[{"href":"https:\/\/www.hashtag.al\/index.php\/wp-json\/wp\/v2\/posts"}],"about":[{"href":"https:\/\/www.hashtag.al\/index.php\/wp-json\/wp\/v2\/types\/post"}],"author":[{"embeddable":true,"href":"https:\/\/www.hashtag.al\/index.php\/wp-json\/wp\/v2\/users\/51"}],"replies":[{"embeddable":true,"href":"https:\/\/www.hashtag.al\/index.php\/wp-json\/wp\/v2\/comments?post=396002"}],"version-history":[{"count":0,"href":"https:\/\/www.hashtag.al\/index.php\/wp-json\/wp\/v2\/posts\/396002\/revisions"}],"wp:featuredmedia":[{"embeddable":true,"href":"https:\/\/www.hashtag.al\/index.php\/wp-json\/wp\/v2\/media\/396003"}],"wp:attachment":[{"href":"https:\/\/www.hashtag.al\/index.php\/wp-json\/wp\/v2\/media?parent=396002"}],"wp:term":[{"taxonomy":"category","embeddable":true,"href":"https:\/\/www.hashtag.al\/index.php\/wp-json\/wp\/v2\/categories?post=396002"},{"taxonomy":"post_tag","embeddable":true,"href":"https:\/\/www.hashtag.al\/index.php\/wp-json\/wp\/v2\/tags?post=396002"}],"curies":[{"name":"wp","href":"https:\/\/api.w.org\/{rel}","templated":true}]}}