{"id":395840,"date":"2020-08-25T14:16:11","date_gmt":"2020-08-25T12:16:11","guid":{"rendered":"https:\/\/hashtag.al\/?p=395840"},"modified":"2020-08-25T14:16:11","modified_gmt":"2020-08-25T12:16:11","slug":"kemi-rezervuar-vaksinat-kunder-covid-19-do-rrisim-konsiderueshem-pagat-e-personelit-mjekesor","status":"publish","type":"post","link":"https:\/\/www.hashtag.al\/index.php\/2020\/08\/25\/kemi-rezervuar-vaksinat-kunder-covid-19-do-rrisim-konsiderueshem-pagat-e-personelit-mjekesor\/","title":{"rendered":"&#8220;Kemi rezervuar vaksinat kund\u00ebr Covid-19, do rrisim konsideruesh\u00ebm pagat e personelit mjek\u00ebsor&#8221;","gt_translate_keys":[{"key":"rendered","format":"text"}]},"content":{"rendered":"<p><img loading=\"lazy\" decoding=\"async\" class=\"aligncenter size-full wp-image-395841\" src=\"https:\/\/hashtag.al\/wp-content\/uploads\/2020\/08\/ramamjeke.PNG2_.png\" alt=\"\" width=\"758\" height=\"463\" srcset=\"https:\/\/www.hashtag.al\/wp-content\/uploads\/2020\/08\/ramamjeke.PNG2_.png 758w, https:\/\/www.hashtag.al\/wp-content\/uploads\/2020\/08\/ramamjeke.PNG2_-300x183.png 300w\" sizes=\"auto, (max-width: 758px) 100vw, 758px\" \/><\/p>\n<p><span style=\"color: #000000;\">Kreu i qeveris\u00eb tha sot se qeveria ka b\u00ebr\u00eb rezervimin p\u00ebr vaksin\u00ebn kurdo q\u00eb ajo t\u00eb dal\u00eb duke i quajtur fantazi t\u00eb \u00e7mendura debatet n\u00eb rrjetet sociale lidhur me t\u00eb. <\/span><\/p>\n<p><span style=\"color: #000000;\">Rama theksoi gjat\u00eb vizit\u00ebs n\u00eb spitalin Infektiv se qeveria ka marr\u00eb masa p\u00ebr shtimin e vaksinave t\u00eb gripit gjat\u00eb sezonit p\u00ebr kategorit\u00eb m\u00eb n\u00eb nevoj\u00eb pasi kjo sipas tij do jet\u00eb nj\u00eb ndihm\u00eb m\u00eb shum\u00eb kund\u00ebr pandemis\u00eb.<\/span><\/p>\n<p><span style=\"color: #000000;\"><em>\u201cAjo q\u00eb vlen t\u00eb thuhet \u00ebsht\u00eb q\u00eb nuk e kemi zgjedhur, na ka zgjedhur. E di shum\u00eb mir\u00eb se jemi n\u00eb kontakt t\u00eb vazhduesh\u00ebm me ministren, se \u00e7far\u00eb \u00ebsht\u00eb b\u00ebr\u00eb kur vjen gripi i stin\u00ebs. Kemi marr\u00eb masat p\u00ebr t\u00eb rritur kapacitetet vaksinuese, q\u00eb t\u00eb leht\u00ebsojm\u00eb gripin e stin\u00ebs. Kemi vendosur nj\u00eb financim t\u00eb konsideruesh\u00ebm. Kemi b\u00ebr\u00eb rezervim p\u00ebr vaksin\u00ebn kur do t\u00eb dal\u00eb. Pa llogaritur kompetent\u00ebt e Facebook, q\u00eb flasin p\u00ebr \u00e7ipa, q\u00eb do ju p\u00ebrgjojn\u00eb, ku do shkojn\u00eb, \u00e7far\u00eb do b\u00ebjn\u00eb, q\u00eb jan\u00eb fantazi e \u00e7mendur.\u201d<\/em> &#8211; tha nd\u00ebr t\u00eb tjera kryeministri.<\/span><\/p>\n<p><span style=\"color: #000000;\">M\u00eb tej kryeministri tha se qeveria do rris\u00eb pagat e personelit mjek\u00ebsor duke nisur nga viti 2021 duke shtuar se mjek\u00ebt e infermier\u00ebt q\u00eb p\u00ebrballen n\u00eb vij\u00ebn e par\u00eb me pandemin\u00eb Covid-19 do e p\u00ebrfitojn\u00eb rritjen q\u00eb e quajti t\u00eb konsiderueshme duke shtuar se qeveria ka nd\u00ebrmarr\u00eb masa p\u00ebr t\u00eb frenuar largimin e mjek\u00ebve nga vendi.<\/span><\/p>\n<p><span style=\"color: #000000;\"><em>\u201cDuam t\u00eb realizojm\u00eb nj\u00eb rritje t\u00eb konsiderueshme pagash, jo 5 apo 7%. Do b\u00ebjm\u00eb nj\u00eb rritje pagash t\u00eb konsiderueshme, ende po kalkulojm\u00eb p\u00ebr shum\u00ebn. P\u00ebrtej bonuesit 1 mij\u00eb euro, q\u00eb ju si n\u00eb vij\u00ebn e par\u00eb do t\u2019i merrni deri n\u00eb fund, do t\u00eb jeni n\u00eb nj\u00eb nivel n\u00eb mesataren e lart\u00eb t\u00eb rajonit. K\u00ebt\u00eb duam ta b\u00ebjm\u00eb fakt n\u00eb fillim t\u00eb vitit t\u00eb ardhsh\u00ebm. Me t\u00eb filluar viti t\u00eb gjith\u00eb ju t\u00eb keni nj\u00eb rritje n\u00eb pag\u00eb. \u00cbsht\u00eb nj\u00eb objektiv i detyruar. Ne kemi nd\u00ebrmarr\u00eb masa t\u00eb caktuara, q\u00eb t\u00eb mos i l\u00ebm\u00eb mjek\u00ebt t\u00eb largohen.\u201d<\/em> &#8211; shtoi Rama.<\/span><\/p>\n","protected":false,"gt_translate_keys":[{"key":"rendered","format":"html"}]},"excerpt":{"rendered":"<p>Kreu i qeveris\u00eb tha sot se qeveria ka b\u00ebr\u00eb rezervimin p\u00ebr vaksin\u00ebn kurdo q\u00eb ajo t\u00eb dal\u00eb duke i quajtur fantazi t\u00eb \u00e7mendura debatet n\u00eb rrjetet sociale lidhur me t\u00eb. Rama theksoi gjat\u00eb vizit\u00ebs n\u00eb spitalin Infektiv se qeveria ka marr\u00eb masa p\u00ebr shtimin e vaksinave t\u00eb gripit gjat\u00eb sezonit p\u00ebr kategorit\u00eb m\u00eb n\u00eb nevoj\u00eb [&hellip;]<\/p>\n","protected":false,"gt_translate_keys":[{"key":"rendered","format":"html"}]},"author":51,"featured_media":395841,"comment_status":"open","ping_status":"open","sticky":false,"template":"","format":"standard","meta":{"footnotes":""},"categories":[65,13],"tags":[],"class_list":["post-395840","post","type-post","status-publish","format-standard","has-post-thumbnail","hentry","category-lajme","category-te-fundit"],"gt_translate_keys":[{"key":"link","format":"url"}],"_links":{"self":[{"href":"https:\/\/www.hashtag.al\/index.php\/wp-json\/wp\/v2\/posts\/395840","targetHints":{"allow":["GET"]}}],"collection":[{"href":"https:\/\/www.hashtag.al\/index.php\/wp-json\/wp\/v2\/posts"}],"about":[{"href":"https:\/\/www.hashtag.al\/index.php\/wp-json\/wp\/v2\/types\/post"}],"author":[{"embeddable":true,"href":"https:\/\/www.hashtag.al\/index.php\/wp-json\/wp\/v2\/users\/51"}],"replies":[{"embeddable":true,"href":"https:\/\/www.hashtag.al\/index.php\/wp-json\/wp\/v2\/comments?post=395840"}],"version-history":[{"count":0,"href":"https:\/\/www.hashtag.al\/index.php\/wp-json\/wp\/v2\/posts\/395840\/revisions"}],"wp:featuredmedia":[{"embeddable":true,"href":"https:\/\/www.hashtag.al\/index.php\/wp-json\/wp\/v2\/media\/395841"}],"wp:attachment":[{"href":"https:\/\/www.hashtag.al\/index.php\/wp-json\/wp\/v2\/media?parent=395840"}],"wp:term":[{"taxonomy":"category","embeddable":true,"href":"https:\/\/www.hashtag.al\/index.php\/wp-json\/wp\/v2\/categories?post=395840"},{"taxonomy":"post_tag","embeddable":true,"href":"https:\/\/www.hashtag.al\/index.php\/wp-json\/wp\/v2\/tags?post=395840"}],"curies":[{"name":"wp","href":"https:\/\/api.w.org\/{rel}","templated":true}]}}