{"id":395725,"date":"2020-08-24T18:53:49","date_gmt":"2020-08-24T16:53:49","guid":{"rendered":"https:\/\/hashtag.al\/?p=395725"},"modified":"2020-08-24T18:53:49","modified_gmt":"2020-08-24T16:53:49","slug":"4-viktima-dhe-78-raste-te-reja-me-koronavirus-ne-maqedonine-e-veriut","status":"publish","type":"post","link":"https:\/\/www.hashtag.al\/index.php\/2020\/08\/24\/4-viktima-dhe-78-raste-te-reja-me-koronavirus-ne-maqedonine-e-veriut\/","title":{"rendered":"4 viktima dhe 78 raste t\u00eb reja me koronavirus n\u00eb Maqedonin\u00eb e Veriut","gt_translate_keys":[{"key":"rendered","format":"text"}]},"content":{"rendered":"<p><img loading=\"lazy\" decoding=\"async\" class=\"aligncenter size-full wp-image-384627\" src=\"https:\/\/hashtag.al\/wp-content\/uploads\/2020\/07\/maqedoniaeveriut-covid.jpg\" alt=\"\" width=\"1600\" height=\"901\" srcset=\"https:\/\/www.hashtag.al\/wp-content\/uploads\/2020\/07\/maqedoniaeveriut-covid.jpg 1600w, https:\/\/www.hashtag.al\/wp-content\/uploads\/2020\/07\/maqedoniaeveriut-covid-300x169.jpg 300w, https:\/\/www.hashtag.al\/wp-content\/uploads\/2020\/07\/maqedoniaeveriut-covid-768x432.jpg 768w, https:\/\/www.hashtag.al\/wp-content\/uploads\/2020\/07\/maqedoniaeveriut-covid-1024x577.jpg 1024w\" sizes=\"auto, (max-width: 1600px) 100vw, 1600px\" \/><\/p>\n<p><span style=\"color: #000000;\">Maqedonia e Veriut ka regjistruar 78 raste t\u00eb reja me koronavirus nga 860 testime t\u00eb kryera n\u00eb 24 or\u00ebt e fundit.<\/span><\/p>\n<p><span style=\"color: #000000;\">Q\u00eb nga fillimi i pandemis\u00eb, Maqedonia e Veriut regjistron 13673 qytetar\u00eb t\u00eb infektuar. 10150 tashm\u00eb e kan\u00eb kaluar sfid\u00ebn sh\u00ebndet\u00ebsore t\u00eb p\u00ebrballjes me k\u00ebt\u00eb s\u00ebmundje, duke p\u00ebrfshir\u00eb k\u00ebtu edhe 40 personat e regjistruar si t\u00eb sh\u00ebruar gjat\u00eb 24 or\u00ebve t\u00eb fundit.<\/span><\/p>\n<p><span style=\"color: #000000;\">Gjat\u00eb nat\u00ebs s\u00eb kaluar 4 pacient\u00eb kan\u00eb nd\u00ebrruar jet\u00eb. B\u00ebhet fjal\u00eb p\u00ebr nj\u00eb 68 vje\u00e7are nga Kumanova, nj\u00eb 71 dhe nj\u00eb 83 vje\u00e7ar nga Gostivari dhe viktima e kat\u00ebrt \u00ebsht\u00eb\u00a0 nj\u00eb 73 vje\u00e7are nga Tetova.<\/span><\/p>\n<p><span style=\"color: #000000;\">Deri tani 568 qytetar\u00eb kan\u00eb humbur jet\u00ebn nga ky virus, 234 prej tyre vet\u00ebm n\u00eb Shkup.<\/span><\/p>\n","protected":false,"gt_translate_keys":[{"key":"rendered","format":"html"}]},"excerpt":{"rendered":"<p>Maqedonia e Veriut ka regjistruar 78 raste t\u00eb reja me koronavirus nga 860 testime t\u00eb kryera n\u00eb 24 or\u00ebt e fundit. Q\u00eb nga fillimi i pandemis\u00eb, Maqedonia e Veriut regjistron 13673 qytetar\u00eb t\u00eb infektuar. 10150 tashm\u00eb e kan\u00eb kaluar sfid\u00ebn sh\u00ebndet\u00ebsore t\u00eb p\u00ebrballjes me k\u00ebt\u00eb s\u00ebmundje, duke p\u00ebrfshir\u00eb k\u00ebtu edhe 40 personat e regjistruar si [&hellip;]<\/p>\n","protected":false,"gt_translate_keys":[{"key":"rendered","format":"html"}]},"author":32,"featured_media":384627,"comment_status":"open","ping_status":"open","sticky":false,"template":"","format":"standard","meta":{"footnotes":""},"categories":[149,13],"tags":[],"class_list":["post-395725","post","type-post","status-publish","format-standard","has-post-thumbnail","hentry","category-kosoverajon","category-te-fundit"],"gt_translate_keys":[{"key":"link","format":"url"}],"_links":{"self":[{"href":"https:\/\/www.hashtag.al\/index.php\/wp-json\/wp\/v2\/posts\/395725","targetHints":{"allow":["GET"]}}],"collection":[{"href":"https:\/\/www.hashtag.al\/index.php\/wp-json\/wp\/v2\/posts"}],"about":[{"href":"https:\/\/www.hashtag.al\/index.php\/wp-json\/wp\/v2\/types\/post"}],"author":[{"embeddable":true,"href":"https:\/\/www.hashtag.al\/index.php\/wp-json\/wp\/v2\/users\/32"}],"replies":[{"embeddable":true,"href":"https:\/\/www.hashtag.al\/index.php\/wp-json\/wp\/v2\/comments?post=395725"}],"version-history":[{"count":0,"href":"https:\/\/www.hashtag.al\/index.php\/wp-json\/wp\/v2\/posts\/395725\/revisions"}],"wp:featuredmedia":[{"embeddable":true,"href":"https:\/\/www.hashtag.al\/index.php\/wp-json\/wp\/v2\/media\/384627"}],"wp:attachment":[{"href":"https:\/\/www.hashtag.al\/index.php\/wp-json\/wp\/v2\/media?parent=395725"}],"wp:term":[{"taxonomy":"category","embeddable":true,"href":"https:\/\/www.hashtag.al\/index.php\/wp-json\/wp\/v2\/categories?post=395725"},{"taxonomy":"post_tag","embeddable":true,"href":"https:\/\/www.hashtag.al\/index.php\/wp-json\/wp\/v2\/tags?post=395725"}],"curies":[{"name":"wp","href":"https:\/\/api.w.org\/{rel}","templated":true}]}}