{"id":395719,"date":"2020-08-24T17:52:16","date_gmt":"2020-08-24T15:52:16","guid":{"rendered":"https:\/\/hashtag.al\/?p=395719"},"modified":"2020-08-24T17:57:00","modified_gmt":"2020-08-24T15:57:00","slug":"meta-beri-thirrje-per-te-ndaluar-ikjen-e-mjekeve-reagon-manastirliu-te-dhenat-i-referohen-vitit-2016-shkak-vendimi-i-qeverise-se-kaluar","status":"publish","type":"post","link":"https:\/\/www.hashtag.al\/index.php\/2020\/08\/24\/meta-beri-thirrje-per-te-ndaluar-ikjen-e-mjekeve-reagon-manastirliu-te-dhenat-i-referohen-vitit-2016-shkak-vendimi-i-qeverise-se-kaluar\/","title":{"rendered":"Meta b\u00ebri thirrje p\u00ebr t\u00eb ndaluar ikjen e mjek\u00ebve, reagon Manastirliu: T\u00eb dh\u00ebnat i referohen vitit 2016, shkak vendimi i qeveris\u00eb s\u00eb kaluar","gt_translate_keys":[{"key":"rendered","format":"text"}]},"content":{"rendered":"<p><img loading=\"lazy\" decoding=\"async\" class=\"aligncenter size-full wp-image-373659\" src=\"https:\/\/hashtag.al\/wp-content\/uploads\/2020\/05\/manastirliu2.jpg\" alt=\"\" width=\"1280\" height=\"924\" srcset=\"https:\/\/www.hashtag.al\/wp-content\/uploads\/2020\/05\/manastirliu2.jpg 1280w, https:\/\/www.hashtag.al\/wp-content\/uploads\/2020\/05\/manastirliu2-300x217.jpg 300w, https:\/\/www.hashtag.al\/wp-content\/uploads\/2020\/05\/manastirliu2-768x554.jpg 768w, https:\/\/www.hashtag.al\/wp-content\/uploads\/2020\/05\/manastirliu2-1024x739.jpg 1024w\" sizes=\"auto, (max-width: 1280px) 100vw, 1280px\" \/><\/p>\n<p><span style=\"color: #000000;\">Ministrja e Sh\u00ebndet\u00ebsis\u00eb, Ogerta Manastirliu ka reaguar lidhur me raportin e publikuar nga OBSH-ja t\u00eb cilin e ka shp\u00ebrndar\u00eb edhe Kreu i Shetit, Ilir Meta, p\u00ebr numrin e mjek\u00ebve n\u00eb raport me popullsin\u00eb.<\/span><\/p>\n<p><span style=\"color: #000000;\">Manastirliu thot\u00eb se t\u00eb dh\u00ebnat i referohen vitit 2016 i cili vinte pasi qeveria e kaluar kishte bllokuar specializimet e mjek\u00ebve p\u00ebr 4 vite.<\/span><\/p>\n<p><span style=\"color: #000000;\">\u201c<em>Disa t\u00eb dh\u00ebna t\u00eb OBSH-s\u00eb, fatkeq\u00ebsisht t\u00eb servirura gabimisht si aktuale edhe nga vet\u00eb kreu i shtetit mbi numrin e mjek\u00ebve p\u00ebr banor\u00eb n\u00eb Shqip\u00ebri, kan\u00eb sh\u00ebrbyer sot si arsye p\u00ebr sulmin e radh\u00ebs ndaj qeveris\u00eb.<\/em><\/span><\/p>\n<p><span style=\"color: #000000;\"><em>T\u00eb dh\u00ebnat n\u00eb fjal\u00eb, i referohen vitit 2016 dhe p\u00ebr ata q\u00eb ende nuk e din\u00eb, at\u00eb vit Shqip\u00ebria dhe sistemi yn\u00eb sh\u00ebndet\u00ebsor, vazhdonin t\u00eb vuanin pasojat e nj\u00eb prej vendimeve m\u00eb absurde q\u00eb \u00ebsht\u00eb marr\u00eb ndonj\u00ebher\u00eb nga ndonj\u00eb qeveri, n\u00eb historin\u00eb e sektorit t\u00eb Sh\u00ebndet\u00ebsis\u00eb: Bllokimi i pashpjeguesh\u00ebm, p\u00ebr plot 4 vite, i specializimeve t\u00eb mjek\u00ebve t\u00eb rinj. K\u00ebshtu kishte vendosur koalicioni qeveris\u00ebs i periudh\u00ebs 2009-2013, dhe p\u00ebr 4 vjet me radh\u00eb, Shqip\u00ebria nuk nxorri dot asnj\u00eb mjek specializant<\/em>\u201d-shkruan Ministrja.<\/span><\/p>\n<p><span style=\"color: #000000;\">M\u00eb tej ajo jep edhe numrin e mjek\u00ebve t\u00eb cil\u00ebt jan\u00eb em\u00ebruar q\u00eb prej zhbollikimit t\u00eb specializimeve.<\/span><\/p>\n<p><span style=\"color: #000000;\">\u201c<em>Fal\u00eb zhbllokimit t\u00eb menj\u00ebhersh\u00ebm q\u00eb iu b\u00eb specializimeve me ardhjen n\u00eb krye t\u00eb qeveris\u00eb s\u00eb Partis\u00eb Socialiste, prej vitit 2018 kur mbaruan specializimet e para dhe n\u00eb vijim, jan\u00eb 309 mjek\u00eb m\u00eb shum\u00eb n\u00eb sistem, t\u00eb cil\u00ebt fal\u00eb kontratave q\u00eb kan\u00eb me MSHMS ofrojn\u00eb sh\u00ebrbim atje ku jan\u00eb nevojat e vendit.<\/em><\/span><\/p>\n<p><span style=\"color: #000000;\"><em>Kur detyrohemi t\u00eb b\u00ebjm\u00eb krahasimin mes rr\u00ebnimit t\u00eb 7 vjet\u00ebve m\u00eb par\u00eb n\u00eb Sh\u00ebndet\u00ebsi, nuk flasim vet\u00ebm p\u00ebr munges\u00ebn e ila\u00e7eve baz\u00eb dhe serumeve, as thjesht p\u00ebr spitalet e katandisura n\u00eb tregje mallrash dhe t\u00eb gj\u00ebs\u00eb s\u00eb gjall\u00eb, ku kafsh\u00ebt shiteshin, sh\u00ebtisnin e kullosnin n\u00ebp\u00ebr mjediset e spitaleve, nd\u00ebrsa njer\u00ebzit trajtoheshin r\u00ebndom si kafsh\u00eb q\u00eb s&#8217;meritonin as batanije apo \u00e7ar\u00e7af\u00eb.<\/em><\/span><\/p>\n<p><span style=\"color: #000000;\"><em>Jo, e kemi fjal\u00ebn para s\u00eb gjithash, p\u00ebr shkeljen e bluzave t\u00eb bardha, me trajtimin posht\u00ebrues dhe shp\u00ebrblimin qesharak, q\u00eb u b\u00ebhej pik\u00ebrisht prej atyre q\u00eb ishin n\u00eb qeverin\u00eb e bllokimit t\u00eb specializimeve dhe q\u00eb sot flasin sikur kan\u00eb zbritur nga H\u00ebna me krah\u00eb engj\u00ebjsh.<\/em><\/span><\/p>\n<p><span style=\"color: #000000;\"><em>Qeveria e Partis\u00eb Socialiste e ka vendosur me vepra e me fakte &#8211; jo me llafe &#8211; mjekun n\u00eb qend\u00ebr t\u00eb politikave t\u00eb saj p\u00ebr Sh\u00ebndet\u00ebsin\u00eb.<\/em><\/span><\/p>\n<p><span style=\"color: #000000;\"><em>P\u00ebr k\u00ebt\u00eb arsye sot, mjek\u00eb dhe infermier\u00eb, b\u00ebhesh jo prej tarafit, shokut, mikut, partis\u00eb, por prej merit\u00ebs dhe vet\u00ebm merit\u00ebs. Vet\u00ebm n\u00eb dy vitet e fundit n\u00eb sistemin ton\u00eb sh\u00ebndet\u00ebsor jan\u00eb pun\u00ebsuar mbi 600 mjek\u00eb dhe 2400 infermier\u00eb.<\/em><\/span><\/p>\n<p><span style=\"color: #000000;\"><em>P\u00ebr k\u00ebt\u00eb arsye, p\u00ebrgjat\u00eb qeverisjes son\u00eb, fal\u00eb politik\u00ebs s\u00eb re t\u00eb pagave dhe taksimit t\u00eb ndersh\u00ebm, paga mesatare e mjek\u00ebve \u00ebsht\u00eb rritur me 26 %, nd\u00ebrsa paga mesatare e infermier\u00ebve \u00ebsht\u00eb rritur me 27 %.<\/em><\/span><\/p>\n<p><span style=\"color: #000000;\"><em>P\u00ebr k\u00ebt\u00eb arsye kemi dh\u00ebn\u00eb dhe vazhdojm\u00eb t\u00eb japim bonusin prej 2.5 milion lek\u00eb mbi pag\u00ebn p\u00ebr mjek\u00ebt q\u00eb ofrojn\u00eb sh\u00ebrbime larg vendbanimit dhe bonusin special prej 1.000 euro, p\u00ebr \u00e7do mjek e infermier q\u00eb punon n\u00eb vij\u00ebn e par\u00eb t\u00eb luft\u00ebs me Covid19.<\/em><\/span><\/p>\n<p><span style=\"color: #000000;\"><em>P\u00ebr k\u00ebt\u00eb arsye kemi investuar n\u00eb infrastruktur\u00eb, p\u00ebr t\u00eb b\u00ebr\u00eb q\u00eb mjek\u00ebt tan\u00eb t\u00eb punojn\u00eb, si\u00e7 thon\u00eb vet\u00eb ata, \u201cn\u00eb kushte q\u00eb dikur as nuk i kishin \u00ebnd\u00ebrruar dot m\u00eb, pas zhg\u00ebnjimeve me dekada\u201d.<\/em><\/span><\/p>\n<p><span style=\"color: #000000;\"><em>Nuk ndalojm\u00eb ask\u00ebnd q\u00eb t\u00eb vazhdoj\u00eb t\u00eb b\u00ebj\u00eb \u2013 si\u00e7 ka b\u00ebr\u00eb gjithmon\u00eb \u2013 politik\u00eb me s\u00ebmundjen, me spitalin, me mjekun, me infermierin, me ila\u00e7in, me pandemin\u00eb.<\/em><\/span><\/p>\n<p><span style=\"color: #000000;\"><em>Por, n\u00eb an\u00ebn tjet\u00ebr, askush nuk mund t\u00eb na pengoj\u00eb q\u00eb t\u2019u v\u00ebm\u00eb p\u00ebrpara fytyr\u00ebs, pasqyr\u00ebn ku shihet qart\u00eb ndryshimi rr\u00ebnj\u00ebsor q\u00eb ka p\u00ebsuar sektori i Sh\u00ebndet\u00ebsis\u00eb, q\u00eb nga koha kur kemi nisur rrug\u00ebn e rilindjes s\u00eb Sh\u00ebndet\u00ebsis\u00eb. Me pun\u00eb dhe pa fjal\u00eb!-<\/em>shkruan Manastirliu<\/span><\/p>\n<p>&nbsp;<\/p>\n","protected":false,"gt_translate_keys":[{"key":"rendered","format":"html"}]},"excerpt":{"rendered":"<p>Ministrja e Sh\u00ebndet\u00ebsis\u00eb, Ogerta Manastirliu ka reaguar lidhur me raportin e publikuar nga OBSH-ja t\u00eb cilin e ka shp\u00ebrndar\u00eb edhe Kreu i Shetit, Ilir Meta, p\u00ebr numrin e mjek\u00ebve n\u00eb raport me popullsin\u00eb. Manastirliu thot\u00eb se t\u00eb dh\u00ebnat i referohen vitit 2016 i cili vinte pasi qeveria e kaluar kishte bllokuar specializimet e mjek\u00ebve p\u00ebr [&hellip;]<\/p>\n","protected":false,"gt_translate_keys":[{"key":"rendered","format":"html"}]},"author":32,"featured_media":373659,"comment_status":"open","ping_status":"open","sticky":false,"template":"","format":"standard","meta":{"footnotes":""},"categories":[65,13],"tags":[],"class_list":["post-395719","post","type-post","status-publish","format-standard","has-post-thumbnail","hentry","category-lajme","category-te-fundit"],"gt_translate_keys":[{"key":"link","format":"url"}],"_links":{"self":[{"href":"https:\/\/www.hashtag.al\/index.php\/wp-json\/wp\/v2\/posts\/395719","targetHints":{"allow":["GET"]}}],"collection":[{"href":"https:\/\/www.hashtag.al\/index.php\/wp-json\/wp\/v2\/posts"}],"about":[{"href":"https:\/\/www.hashtag.al\/index.php\/wp-json\/wp\/v2\/types\/post"}],"author":[{"embeddable":true,"href":"https:\/\/www.hashtag.al\/index.php\/wp-json\/wp\/v2\/users\/32"}],"replies":[{"embeddable":true,"href":"https:\/\/www.hashtag.al\/index.php\/wp-json\/wp\/v2\/comments?post=395719"}],"version-history":[{"count":0,"href":"https:\/\/www.hashtag.al\/index.php\/wp-json\/wp\/v2\/posts\/395719\/revisions"}],"wp:featuredmedia":[{"embeddable":true,"href":"https:\/\/www.hashtag.al\/index.php\/wp-json\/wp\/v2\/media\/373659"}],"wp:attachment":[{"href":"https:\/\/www.hashtag.al\/index.php\/wp-json\/wp\/v2\/media?parent=395719"}],"wp:term":[{"taxonomy":"category","embeddable":true,"href":"https:\/\/www.hashtag.al\/index.php\/wp-json\/wp\/v2\/categories?post=395719"},{"taxonomy":"post_tag","embeddable":true,"href":"https:\/\/www.hashtag.al\/index.php\/wp-json\/wp\/v2\/tags?post=395719"}],"curies":[{"name":"wp","href":"https:\/\/api.w.org\/{rel}","templated":true}]}}