{"id":395647,"date":"2020-08-24T12:28:25","date_gmt":"2020-08-24T10:28:25","guid":{"rendered":"https:\/\/hashtag.al\/?p=395647"},"modified":"2020-08-24T12:45:17","modified_gmt":"2020-08-24T10:45:17","slug":"meta-dekreton-12-rektoret-e-rinj-te-universiteteve","status":"publish","type":"post","link":"https:\/\/www.hashtag.al\/index.php\/2020\/08\/24\/meta-dekreton-12-rektoret-e-rinj-te-universiteteve\/","title":{"rendered":"Meta dekreton 12 rektor\u00ebt e rinj t\u00eb universiteteve","gt_translate_keys":[{"key":"rendered","format":"text"}]},"content":{"rendered":"<p><span style=\"color: #000000;\"><img loading=\"lazy\" decoding=\"async\" class=\"aligncenter size-full wp-image-395651\" src=\"https:\/\/hashtag.al\/wp-content\/uploads\/2020\/08\/metarektore.jpg\" alt=\"\" width=\"1280\" height=\"835\" srcset=\"https:\/\/www.hashtag.al\/wp-content\/uploads\/2020\/08\/metarektore.jpg 1280w, https:\/\/www.hashtag.al\/wp-content\/uploads\/2020\/08\/metarektore-300x196.jpg 300w, https:\/\/www.hashtag.al\/wp-content\/uploads\/2020\/08\/metarektore-768x501.jpg 768w, https:\/\/www.hashtag.al\/wp-content\/uploads\/2020\/08\/metarektore-1024x668.jpg 1024w\" sizes=\"auto, (max-width: 1280px) 100vw, 1280px\" \/><\/span><\/p>\n<p><span style=\"color: #000000;\">Presidenti Meta ka dekretuar 12 rektor\u00ebt e rinj t\u00eb universiteteve n\u00eb vend t\u00eb zgjedhur n\u00eb votimet e 30 korrikut.<\/span><\/p>\n<p><span style=\"color: #000000;\">N\u00eb fjal\u00ebn e tij Meta tha se zgjedhja dhe p\u00ebrzgjedhja e rektor\u00ebve t\u00eb rinj erdhi n\u00ebp\u00ebrmjet nj\u00eb procesi jo t\u00eb leht\u00eb, ve\u00e7an\u00ebrisht prej situat\u00ebs s\u00eb pazakonshme t\u00eb pandemis\u00eb.<\/span><\/p>\n<p><span style=\"color: #000000;\">Kreu i shtetit theksoi se sfidat q\u00eb kan\u00eb p\u00ebrpara rektor\u00ebt e universiteteve jan\u00eb t\u00eb v\u00ebshtira por jo t\u00eb pamunudura.<\/span><\/p>\n<p><span style=\"color: #000000;\"><em>\u201cSfidat dhe v\u00ebshtir\u00ebsit\u00eb me t\u00eb cilat do t\u00eb p\u00ebrballeni do t\u00eb jen\u00eb t\u00eb shumta, sidomos n\u00eb k\u00ebt\u00eb periudh\u00eb pandemie e cila k\u00ebrkon edhe m\u00eb shum\u00eb impenjim dhe strategji t\u00eb ve\u00e7ant\u00eb p\u00ebr t\u00eb garantuar cil\u00ebsi dhe studime sa m\u00eb efektive. Me marrjen e detyr\u00ebs suaj, ju nxis t\u00eb punoni pa u lodhur p\u00ebr t\u2019i transformuar universitetet n\u00eb qendra m\u00eb aktive shkencore. Duhet ndalur largimi i trurit dhe i forcave t\u00eb reja dhe m\u00eb krijuese t\u00eb shoq\u00ebris\u00eb. Largimi i rinis\u00eb dhe mbyllja e shum\u00eb deg\u00ebve t\u00eb studimit n\u00eb universitetet n\u00eb mbar\u00eb vendin \u00ebsht\u00eb nj\u00eb plag\u00eb shum\u00eb e madhe. Nj\u00ebkoh\u00ebsisht t\u00ebrheq v\u00ebmendjen tuaj dhe k\u00ebrkoj angazhimin dhe vendosm\u00ebrin\u00eb tuaj t\u00eb plot\u00eb p\u00ebr forcimin e autoritetit t\u00eb Institucioneve t\u00eb Arsimit t\u00eb Lart\u00eb dhe ve\u00e7an\u00ebrisht autonomin\u00eb e universiteteve, duke i mbajtur ato sa m\u00eb larg politik\u00ebs dhe ndikimeve dhe q\u00ebllimeve t\u00eb saj.\u201d<\/em> &#8211; tha nd\u00ebr t\u00eb tjera Meta.<\/span><\/p>\n<p><span style=\"color: #000000;\">Rektori i Universitetit t\u00eb Tiran\u00ebs, Koni ka deklaruar para zhvillimit t\u00eb votimeve se ato ishin t\u00eb paligjshme dhe se nuk mund t\u00eb zhvilloheshin duke renditur argumentet e tij. <\/span><\/p>\n<p><span style=\"color: #000000;\">Opozita i ka kund\u00ebrshtuar votimet p\u00ebr krer\u00ebt e universiteve duke deklaruar se ata nuk do njihen dhe se qeverisja e saj do mund\u00ebsoj\u00eb nj\u00eb proces t\u00eb drejt\u00eb e gjith\u00ebp\u00ebrfshir\u00ebs. <\/span><\/p>\n<p><span style=\"color: #000000;\">Sipas opozit\u00ebs, votimet n\u00eb universitet u organizuan nga qeveria p\u00ebr t\u00eb kapur institucionet e arsimit duke i akuzuar kandidat\u00ebt n\u00eb gar\u00eb si t\u00eb lidhur me qeverin\u00eb.<\/span><\/p>\n<p><span style=\"color: #000000;\">N\u00eb votimet e 30 korrikut nuk mor\u00ebn pjes\u00eb pjesa d\u00ebrrmuese e student\u00ebve p\u00ebr shkak se m\u00ebsimi n\u00eb universitet nuk ka nisur ende pas nd\u00ebrprerjes muaj m\u00eb par\u00eb p\u00ebr shkak t\u00eb pandemis\u00eb Covid-19.<\/span><\/p>\n<p><span style=\"color: #000000;\"><strong>Lista e rektor\u00ebve q\u00eb u dekretuan nga Meta<\/strong><\/span><\/p>\n<p><span style=\"color: #000000;\">Universiteti i Tiran\u00ebs Prof. Artan Hoxha<\/span><\/p>\n<p><span style=\"color: #000000;\">Universiteti Politeknik i Tiran\u00ebs Prof. Andrea MaliqariUniversiteti Bujq\u00ebsor i Tiran\u00ebs Prof. Fatbardh Sallaku<\/span><\/p>\n<p><span style=\"color: #000000;\">Universiteti i Elbasanit \u201cAleksand\u00ebr Xhuvani\u201d Prof. Skender Topi<\/span><\/p>\n<p><span style=\"color: #000000;\">Universiteti \u201cLuigj Gurakuqi\u201d, Shkod\u00ebr Prof. Suzana Golemi<\/span><\/p>\n<p><span style=\"color: #000000;\">Universiteti \u201cEqrem \u00c7abej\u201d, Gjirokast\u00ebr Prof. dr Bektash Mema<\/span><\/p>\n<p><span style=\"color: #000000;\">Universiteti \u201cFan S. Noli\u201d, Kor\u00e7\u00eb Prof. Dhimit\u00ebr Bello<\/span><\/p>\n<p><span style=\"color: #000000;\">Universiteti \u201cIsmail Qemali\u201d, Vlor\u00eb Prof. Roland Zisi<\/span><\/p>\n<p><span style=\"color: #000000;\">Universiteti \u201cAleksand\u00ebr Moisiu\u201d, Durr\u00ebs Prof. Kseanela Sotirofski<\/span><\/p>\n<p><span style=\"color: #000000;\">Universiteti i Arteve Prof. Kastriot \u00c7aushi<\/span><\/p>\n<p><span style=\"color: #000000;\">Universiteti i Sporteve t\u00eb Tiran\u00ebs Agron Kasa<\/span><\/p>\n<p><span style=\"color: #000000;\">Universiteti i Mjek\u00ebsis\u00eb, Tiran\u00eb Prof. Arben Gjata<\/span><\/p>\n<p><img loading=\"lazy\" decoding=\"async\" class=\"aligncenter size-full wp-image-395652\" src=\"https:\/\/hashtag.al\/wp-content\/uploads\/2020\/08\/metarektore.jpg2_.jpg\" alt=\"\" width=\"1280\" height=\"853\" srcset=\"https:\/\/www.hashtag.al\/wp-content\/uploads\/2020\/08\/metarektore.jpg2_.jpg 1280w, https:\/\/www.hashtag.al\/wp-content\/uploads\/2020\/08\/metarektore.jpg2_-300x200.jpg 300w, https:\/\/www.hashtag.al\/wp-content\/uploads\/2020\/08\/metarektore.jpg2_-768x512.jpg 768w, https:\/\/www.hashtag.al\/wp-content\/uploads\/2020\/08\/metarektore.jpg2_-1024x682.jpg 1024w\" sizes=\"auto, (max-width: 1280px) 100vw, 1280px\" \/><\/p>\n","protected":false,"gt_translate_keys":[{"key":"rendered","format":"html"}]},"excerpt":{"rendered":"<p>Presidenti Meta ka dekretuar 12 rektor\u00ebt e rinj t\u00eb universiteteve n\u00eb vend t\u00eb zgjedhur n\u00eb votimet e 30 korrikut. N\u00eb fjal\u00ebn e tij Meta tha se zgjedhja dhe p\u00ebrzgjedhja e rektor\u00ebve t\u00eb rinj erdhi n\u00ebp\u00ebrmjet nj\u00eb procesi jo t\u00eb leht\u00eb, ve\u00e7an\u00ebrisht prej situat\u00ebs s\u00eb pazakonshme t\u00eb pandemis\u00eb. Kreu i shtetit theksoi se sfidat q\u00eb kan\u00eb [&hellip;]<\/p>\n","protected":false,"gt_translate_keys":[{"key":"rendered","format":"html"}]},"author":51,"featured_media":395651,"comment_status":"open","ping_status":"open","sticky":false,"template":"","format":"standard","meta":{"footnotes":""},"categories":[65,13],"tags":[],"class_list":["post-395647","post","type-post","status-publish","format-standard","has-post-thumbnail","hentry","category-lajme","category-te-fundit"],"gt_translate_keys":[{"key":"link","format":"url"}],"_links":{"self":[{"href":"https:\/\/www.hashtag.al\/index.php\/wp-json\/wp\/v2\/posts\/395647","targetHints":{"allow":["GET"]}}],"collection":[{"href":"https:\/\/www.hashtag.al\/index.php\/wp-json\/wp\/v2\/posts"}],"about":[{"href":"https:\/\/www.hashtag.al\/index.php\/wp-json\/wp\/v2\/types\/post"}],"author":[{"embeddable":true,"href":"https:\/\/www.hashtag.al\/index.php\/wp-json\/wp\/v2\/users\/51"}],"replies":[{"embeddable":true,"href":"https:\/\/www.hashtag.al\/index.php\/wp-json\/wp\/v2\/comments?post=395647"}],"version-history":[{"count":0,"href":"https:\/\/www.hashtag.al\/index.php\/wp-json\/wp\/v2\/posts\/395647\/revisions"}],"wp:featuredmedia":[{"embeddable":true,"href":"https:\/\/www.hashtag.al\/index.php\/wp-json\/wp\/v2\/media\/395651"}],"wp:attachment":[{"href":"https:\/\/www.hashtag.al\/index.php\/wp-json\/wp\/v2\/media?parent=395647"}],"wp:term":[{"taxonomy":"category","embeddable":true,"href":"https:\/\/www.hashtag.al\/index.php\/wp-json\/wp\/v2\/categories?post=395647"},{"taxonomy":"post_tag","embeddable":true,"href":"https:\/\/www.hashtag.al\/index.php\/wp-json\/wp\/v2\/tags?post=395647"}],"curies":[{"name":"wp","href":"https:\/\/api.w.org\/{rel}","templated":true}]}}