{"id":395638,"date":"2020-08-24T11:56:44","date_gmt":"2020-08-24T09:56:44","guid":{"rendered":"https:\/\/hashtag.al\/?p=395638"},"modified":"2020-08-24T12:08:36","modified_gmt":"2020-08-24T10:08:36","slug":"ylli-ndroq-duan-te-mbyllin-zerin-e-ora-news-askush-si-ndalon-dot-surprizat-qe-do-vijne","status":"publish","type":"post","link":"https:\/\/www.hashtag.al\/index.php\/2020\/08\/24\/ylli-ndroq-duan-te-mbyllin-zerin-e-ora-news-askush-si-ndalon-dot-surprizat-qe-do-vijne\/","title":{"rendered":"Ylli Ndroqi: Duan t\u00eb mbyllin z\u00ebrin e Ora News, askush s&#8217;i ndalon dot surprizat q\u00eb do vijn\u00eb","gt_translate_keys":[{"key":"rendered","format":"text"}]},"content":{"rendered":"<p><img loading=\"lazy\" decoding=\"async\" class=\"aligncenter size-full wp-image-391556\" src=\"https:\/\/hashtag.al\/wp-content\/uploads\/2020\/08\/Ndroqi.png\" alt=\"\" width=\"974\" height=\"544\" \/><\/p>\n<p><span style=\"color: #000000;\">Bizesmeni Ylli Ndroqi, ka deklaruar se askush nuk do mund t\u00eb v\u00ebr\u00eb dor\u00eb mbi historin\u00eb 14-vje\u00e7are t\u00eb televizioni Ora News. \u00a0<\/span><\/p>\n<p><span style=\"color: #000000;\">N\u00eb nj\u00eb status n\u00eb rrjetet sociale, pronari i televizionit thekson se t\u00eb th\u00ebnat e t\u00eb path\u00ebnat e nj\u00eb dekade nuk do ndalen nd\u00ebrsa paralajm\u00ebron p\u00ebr surpriza.<\/span><\/p>\n<p><span style=\"color: #000000;\">Ai e nis q\u00ebndrimin e tij duke fal\u00ebnderuar ish-kryeministri Berisha p\u00ebr publikimin e denoncimit p\u00ebr synimin e qeveris\u00eb p\u00ebr t\u00eb sekuestruar arkiv\u00ebn e Ora News.<\/span><\/p>\n<p><span style=\"color: #000000;\"><em>\u201cMuaji gusht duhej t\u2019i dedikohej pushimeve dhe \u00e7lodhjes pran\u00eb familjes dhe t\u00eb af\u00ebrmve, por tashm\u00eb e dini, se ata, q\u00eb \u201ckujdesen\u201d p\u00ebr prapaskenat ndaj Ora News nuk ndalojn\u00eb. E p\u00ebr hedhjen drit\u00eb mbi disa prej tyre, fal\u00ebnderoj Doktor Berish\u00ebn p\u00ebr publikimin e nism\u00ebs m\u00eb t\u00eb re q\u00eb po p\u00ebrgatitet nga Ministria e Brendshme p\u00ebr sekuestrimin e arkiv\u00ebs s\u00eb televizionit ton\u00eb. Ju siguroj se askush nuk mund t\u00eb v\u00ebr\u00eb dor\u00eb mbi historin\u00eb 14 vje\u00e7are, mbi t\u00eb th\u00ebnat e t\u00eb path\u00ebnat e m\u00eb shum\u00eb se nj\u00eb dekade. Jo vet\u00ebm, por askush nuk mund t\u00eb ndaloj\u00eb suprizat, q\u00eb do t\u00eb vijn\u00eb\u2026edhe pak, durim!\u201d<\/em> \u2013 shkruan Ndroqi.<\/span><\/p>\n<p><span style=\"color: #000000;\">M\u00eb tej ai i b\u00ebn thirrje drejt\u00ebsis\u00eb q\u00eb t\u00eb q\u00ebndroj\u00eb larg politik\u00ebs duke i k\u00ebrkuar q\u00eb t\u00eb b\u00ebj\u00eb nj\u00eb hetim t\u00eb plot\u00eb, larg ndikimit nga funksionar\u00ebt politik\u00eb.<\/span><\/p>\n<p><span style=\"color: #000000;\"><em>\u201cAshtu si\u00e7 kam k\u00ebrkuar ndaj gazetar\u00ebve t\u2019i q\u00ebndrojn\u00eb larg ndikimit politik n\u00eb raportimet n\u00eb ekran, edhe drejt\u00ebsis\u00eb i b\u00ebj thirrje, q\u00eb politik\u00ebn ta mbaj\u00eb larg hetimit p\u00ebr k\u00ebt\u00eb televizion. Gjithashtu e inkurajoj p\u00ebr hetim t\u00eb plot\u00eb dhe t\u00eb thelluar, por larg \u00e7do ndikimi nga funksionar\u00eb, apo rryma politike.\u201d<\/em> \u2013 vijon Ndroqi n\u00eb reagimin e tij.<\/span><\/p>\n<p><span style=\"color: #000000;\">N\u00eb fund, Ndroqi thot\u00eb se e v\u00ebrteta do dal\u00eb shum\u00eb shpejt dhe bashk\u00eb me t\u00eb edhe shum\u00eb gj\u00ebra t\u00eb tjera.<\/span><\/p>\n<p><span style=\"color: #000000;\"><em>\u201cP\u00ebr ata q\u00eb menduan se RTV Ora dhe Ora News do t\u00eb n\u00ebnshtroheshe, d\u00ebshmuat se dini t\u00eb jeni profesionist\u00eb dhe keni kurajon t\u00eb publikoni t\u00eb v\u00ebrtetat. Nd\u00ebrsa miqt\u00eb e mi i siguroj se e v\u00ebrteta e k\u00ebsaj historie do t\u00eb dal\u00eb shpejt dhe bashk\u00eb me t\u00eb dhe shum\u00eb t\u00eb tjera!\u201d<\/em> \u2013 mbyll reagimin e tij, Ndroqi.<\/span><\/p>\n<p><img loading=\"lazy\" decoding=\"async\" class=\"aligncenter size-full wp-image-395640\" src=\"https:\/\/hashtag.al\/wp-content\/uploads\/2020\/08\/ylli.png\" alt=\"\" width=\"826\" height=\"566\" srcset=\"https:\/\/www.hashtag.al\/wp-content\/uploads\/2020\/08\/ylli.png 826w, https:\/\/www.hashtag.al\/wp-content\/uploads\/2020\/08\/ylli-300x206.png 300w, https:\/\/www.hashtag.al\/wp-content\/uploads\/2020\/08\/ylli-768x526.png 768w\" sizes=\"auto, (max-width: 826px) 100vw, 826px\" \/><\/p>\n","protected":false,"gt_translate_keys":[{"key":"rendered","format":"html"}]},"excerpt":{"rendered":"<p>Bizesmeni Ylli Ndroqi, ka deklaruar se askush nuk do mund t\u00eb v\u00ebr\u00eb dor\u00eb mbi historin\u00eb 14-vje\u00e7are t\u00eb televizioni Ora News. \u00a0 N\u00eb nj\u00eb status n\u00eb rrjetet sociale, pronari i televizionit thekson se t\u00eb th\u00ebnat e t\u00eb path\u00ebnat e nj\u00eb dekade nuk do ndalen nd\u00ebrsa paralajm\u00ebron p\u00ebr surpriza. Ai e nis q\u00ebndrimin e tij duke fal\u00ebnderuar [&hellip;]<\/p>\n","protected":false,"gt_translate_keys":[{"key":"rendered","format":"html"}]},"author":51,"featured_media":391556,"comment_status":"open","ping_status":"open","sticky":false,"template":"","format":"standard","meta":{"footnotes":""},"categories":[65,13],"tags":[],"class_list":["post-395638","post","type-post","status-publish","format-standard","has-post-thumbnail","hentry","category-lajme","category-te-fundit"],"gt_translate_keys":[{"key":"link","format":"url"}],"_links":{"self":[{"href":"https:\/\/www.hashtag.al\/index.php\/wp-json\/wp\/v2\/posts\/395638","targetHints":{"allow":["GET"]}}],"collection":[{"href":"https:\/\/www.hashtag.al\/index.php\/wp-json\/wp\/v2\/posts"}],"about":[{"href":"https:\/\/www.hashtag.al\/index.php\/wp-json\/wp\/v2\/types\/post"}],"author":[{"embeddable":true,"href":"https:\/\/www.hashtag.al\/index.php\/wp-json\/wp\/v2\/users\/51"}],"replies":[{"embeddable":true,"href":"https:\/\/www.hashtag.al\/index.php\/wp-json\/wp\/v2\/comments?post=395638"}],"version-history":[{"count":0,"href":"https:\/\/www.hashtag.al\/index.php\/wp-json\/wp\/v2\/posts\/395638\/revisions"}],"wp:featuredmedia":[{"embeddable":true,"href":"https:\/\/www.hashtag.al\/index.php\/wp-json\/wp\/v2\/media\/391556"}],"wp:attachment":[{"href":"https:\/\/www.hashtag.al\/index.php\/wp-json\/wp\/v2\/media?parent=395638"}],"wp:term":[{"taxonomy":"category","embeddable":true,"href":"https:\/\/www.hashtag.al\/index.php\/wp-json\/wp\/v2\/categories?post=395638"},{"taxonomy":"post_tag","embeddable":true,"href":"https:\/\/www.hashtag.al\/index.php\/wp-json\/wp\/v2\/tags?post=395638"}],"curies":[{"name":"wp","href":"https:\/\/api.w.org\/{rel}","templated":true}]}}